{"id":379587,"date":"2026-04-21T01:36:18","date_gmt":"2026-04-21T01:36:18","guid":{"rendered":"https:\/\/www.europesays.com\/pl\/379587\/"},"modified":"2026-04-21T01:36:18","modified_gmt":"2026-04-21T01:36:18","slug":"frekwencja-29-kolejki-pko-bp-ekstraklasy-cksport-pl-sport-kielce-korona-kielce","status":"publish","type":"post","link":"https:\/\/www.europesays.com\/pl\/379587\/","title":{"rendered":"Frekwencja 29. kolejki PKO BP Ekstraklasy &#8211; CKsport.pl &#8211; Sport Kielce | Korona Kielce"},"content":{"rendered":"<p>\u0141\u0105czna frekwencja podczas 29. kolejki PKO BP Ekstraklasy wynios\u0142a 127 125 widz\u00f3w.<\/p>\n<p>Najwi\u0119cej fan\u00f3w zgromadzi\u0142 mecz w Zabrzu pomi\u0119dzy G\u00f3rnikiem a Koron\u0105 Kielce, kt\u00f3ry z trybun obejrza\u0142o 27 587 os\u00f3b, w tym liczna, 1420-osobowa grupa wspieraj\u0105ca go\u015bci.<\/p>\n<p>Bardzo wysok\u0105 frekwencj\u0119 odnotowano r\u00f3wnie\u017c w Warszawie \u2013 starcie Legii z KGHM Zag\u0142\u0119biem Lubin przyci\u0105gn\u0119\u0142o bowiem 25 042 kibic\u00f3w. Barier\u0119 dwudziestu tysi\u0119cy uda\u0142o si\u0119 przekroczy\u0107 tak\u017ce w Szczecinie, gdzie presti\u017cowy pojedynek Pogoni z Lechem Pozna\u0144 \u015bledzi\u0142o 20 991 sympatyk\u00f3w Ekstraklasy.<\/p>\n<p>Granic\u0119 dziesi\u0119ciu tysi\u0119cy fan\u00f3w pokonano w tej serii gier jeszcze w trzech miastach. W Katowicach mecz GKS-u z Motorem Lublin przyci\u0105gn\u0105\u0142 12 243 widz\u00f3w, a niemal identyczny wynik zanotowano w Radomiu, gdzie starcie Radomiaka z Widzewem \u0141\u00f3d\u017a ogl\u0105da\u0142o 12 163 os\u00f3b. List\u0119 stadion\u00f3w z pi\u0119ciocyfrowym wynikiem zamyka Gdynia \u2013 pojedynek Arki z Jagielloni\u0105 Bia\u0142ystok zgromadzi\u0142 10 989 obserwator\u00f3w.<\/p>\n<p>Poni\u017cej tego pu\u0142apu uplasowa\u0142 si\u0119 Gda\u0144sk, gdzie rywalizacj\u0119 Lechii z Piastem Gliwice obejrza\u0142o 8 957 widz\u00f3w. Wyra\u017anie skromniejsz\u0105 publik\u0119 odnotowano w Cz\u0119stochowie \u2013 starcie Rakowa z Cracovi\u0105 przyci\u0105gn\u0119\u0142o na trybuny 5 365 os\u00f3b. Najni\u017csz\u0105 frekwencj\u0119 w 29. kolejce zarejestrowano w Niecieczy, gdzie mecz Bruk-Bet Termaliki z Wis\u0142\u0105 P\u0142ock \u015bledzi\u0142o 3 788 kibic\u00f3w.<\/p>\n<p>Frekwencja 29. kolejki PKO BP Ekstraklasy:<\/p>\n<p>Fot. Patryk Cudzik<\/p>\n<p><a href=\"https:\/\/www.prokoder.pl\/\" target=\"_blank\" rel=\"noopener nofollow\"> <img decoding=\"async\" style=\"width: 100%; height: auto; display: block;\" src=\"https:\/\/www.europesays.com\/pl\/wp-content\/uploads\/2026\/04\/1776225803_632_prokoder_reklamy_drukarnia_kielce.jpg\" alt=\"Prokoder Reklamy Drukarnia Kielce\"\/> <\/a><\/p>\n<p>&#8212;&#8212;&#8212;&#8212;<br \/>\nDzi\u0119kujemy, \u017ce jeste\u015b z nami i wspierasz tw\u00f3rczo\u015b\u0107 dost\u0119pn\u0105 na CKsport.pl. Kliknij w link poni\u017cej i postaw naszej redakcji symboliczn\u0105 kaw\u0119.<\/p>\n<p><a href=\"https:\/\/buycoffee.to\/cksportpl\" target=\"_blank\" rel=\"noopener nofollow\"><img decoding=\"async\" style=\"width: 300px; display: block; margin-left: auto; margin-right: auto;\" src=\"https:\/\/buycoffee.to\/btn\/buycoffeeto-btn-primary.svg\" alt=\"Postaw mi kaw\u0119 na buycoffee.to\"\/><\/a><\/p>\n","protected":false},"excerpt":{"rendered":"\u0141\u0105czna frekwencja podczas 29. kolejki PKO BP Ekstraklasy wynios\u0142a 127 125 widz\u00f3w. Najwi\u0119cej fan\u00f3w zgromadzi\u0142 mecz w Zabrzu&hellip;\n","protected":false},"author":2,"featured_media":379588,"comment_status":"","ping_status":"","sticky":false,"template":"","format":"standard","meta":{"footnotes":"","_share_on_mastodon":"0"},"categories":[52122],"tags":[3240,1747,2398,8050,2570,4979,2615,3548,2908,215,2308,713,3364,2810,6010,752,2573,42,61070,1111,38,40,39,41,2167,2369,4065,2614],"class_list":["post-379587","post","type-post","status-publish","format-standard","has-post-thumbnail","category-pko-bank-polski","tag-arka-gdynia","tag-bruk-bet-termalica-nieciecza","tag-cracovia","tag-frekwencja","tag-gks-katowice","tag-gornik-zabrze","tag-jagiellonia-bialystok","tag-kghm-zaglebie-lubin","tag-korona-kielce","tag-lech-poznan","tag-lechia-gdansk","tag-legia-warszawa","tag-motor-lublin","tag-piast-gliwice","tag-pko-bank-polski","tag-pko-bp","tag-pko-bp-ekstraklasa","tag-pl","tag-podsumowanie-kolejki","tag-pogon-szczecin","tag-poland","tag-polish","tag-polska","tag-polski","tag-radomiak-radom","tag-rakow-czestochowa","tag-widzew-lodz","tag-wisla-plock"],"share_on_mastodon":{"url":"https:\/\/pubeurope.com\/@pl\/116440136676899182","error":""},"_links":{"self":[{"href":"https:\/\/www.europesays.com\/pl\/wp-json\/wp\/v2\/posts\/379587","targetHints":{"allow":["GET"]}}],"collection":[{"href":"https:\/\/www.europesays.com\/pl\/wp-json\/wp\/v2\/posts"}],"about":[{"href":"https:\/\/www.europesays.com\/pl\/wp-json\/wp\/v2\/types\/post"}],"author":[{"embeddable":true,"href":"https:\/\/www.europesays.com\/pl\/wp-json\/wp\/v2\/users\/2"}],"replies":[{"embeddable":true,"href":"https:\/\/www.europesays.com\/pl\/wp-json\/wp\/v2\/comments?post=379587"}],"version-history":[{"count":0,"href":"https:\/\/www.europesays.com\/pl\/wp-json\/wp\/v2\/posts\/379587\/revisions"}],"wp:featuredmedia":[{"embeddable":true,"href":"https:\/\/www.europesays.com\/pl\/wp-json\/wp\/v2\/media\/379588"}],"wp:attachment":[{"href":"https:\/\/www.europesays.com\/pl\/wp-json\/wp\/v2\/media?parent=379587"}],"wp:term":[{"taxonomy":"category","embeddable":true,"href":"https:\/\/www.europesays.com\/pl\/wp-json\/wp\/v2\/categories?post=379587"},{"taxonomy":"post_tag","embeddable":true,"href":"https:\/\/www.europesays.com\/pl\/wp-json\/wp\/v2\/tags?post=379587"}],"curies":[{"name":"wp","href":"https:\/\/api.w.org\/{rel}","templated":true}]}}