{"id":379613,"date":"2026-04-21T01:53:09","date_gmt":"2026-04-21T01:53:09","guid":{"rendered":"https:\/\/www.europesays.com\/pl\/379613\/"},"modified":"2026-04-21T01:53:09","modified_gmt":"2026-04-21T01:53:09","slug":"ios-27-przyniesie-duze-zmiany-apple-rozpiesci-uzytkownikow-iphoneow","status":"publish","type":"post","link":"https:\/\/www.europesays.com\/pl\/379613\/","title":{"rendered":"iOS 27 przyniesie du\u017ce zmiany. Apple rozpie\u015bci u\u017cytkownik\u00f3w iPhone&#8217;\u00f3w"},"content":{"rendered":"<p>W tek\u015bcie umieszczono linki reklamowe naszego partnera<\/p>\n<p>Ka\u017cdy, kto korzysta z iPhone\u2019a, doskonale zna ten problem: chcesz szybko doda\u0107 now\u0105 aplikacj\u0119 na ekran g\u0142\u00f3wny i nagle ca\u0142y uk\u0142ad ikon si\u0119 rozsypuje. Ikony przesuwaj\u0105 si\u0119, foldery l\u0105duj\u0105 w innych miejscach, a dotychczasowy porz\u0105dek znika. Przywr\u00f3cenie poprzedniego uk\u0142adu zabiera czas i wymaga cierpliwo\u015bci. Apple mo\u017ce rozwi\u0105za\u0107 ten problem w iOS 27 \u2014 nowe przyciski maj\u0105 sprawi\u0107, \u017ce organizacja ekranu stanie si\u0119 du\u017co \u0142atwiejsza i bardziej kontrolowana.<\/p>\n<p>Nowe przyciski na ekranie g\u0142\u00f3wnym w iOS 27<\/p>\n<p>Jak donosi zawsze dobrze poinformowany dziennikarz Mark Gurman na \u0142amach &#8222;Bloomberga&#8221;, Apple testuje w iOS 27 rozszerzone menu edycji. Mog\u0105 si\u0119 tam pojawi\u0107 dodatkowe przyciski pozwalaj\u0105ce cofn\u0105\u0107 lub powt\u00f3rzy\u0107 wprowadzone zmiany. Te opcje mia\u0142yby by\u0107 cz\u0119\u015bci\u0105 znanego ju\u017c menu, kt\u00f3re pojawia si\u0119 po d\u0142u\u017cszym przytrzymaniu ekranu g\u0142\u00f3wnego i umo\u017cliwia m.in. dodawanie wid\u017cet\u00f3w czy zmian\u0119 tapety. Dzi\u0119ki temu korekty b\u0119dzie mo\u017cna wprowadza\u0107 szybciej i wygodniej, bez konieczno\u015bci powtarzania ka\u017cdego kroku osobno.<\/p>\n<p>      Dalszy ci\u0105g artyku\u0142u pod materia\u0142em wideo Precyzyjniejsze dopasowanie wygl\u0105du w smartfonach Apple<\/p>\n<p>Dodatkowo Apple pracuje nad bardziej precyzyjn\u0105 konfiguracj\u0105 motywu &#8222;Liquid Glass&#8221;, kt\u00f3ry na razie oferuje jedynie kilka gotowych opcji wygl\u0105du. Nowy suwak ma umo\u017cliwi\u0107 p\u0142ynniejsze dostosowanie efektu, dzi\u0119ki czemu b\u0119dzie mo\u017cna dok\u0142adniej okre\u015bli\u0107 stopie\u0144 przezroczysto\u015bci lub zabarwienia powierzchni. Dotychczas mo\u017cliwy by\u0142 wyb\u00f3r tylko mi\u0119dzy jasnym a przyciemnionym wariantem.<\/p>\n<p>     Nowy wygl\u0105d Siri w iPhone&#8217;ach<\/p>\n<p>Asystentka Siri ma w iOS 27 nie tylko zosta\u0107 oparta na nowej technologii, ale r\u00f3wnie\u017c zyska\u0107 zupe\u0142nie nowy wygl\u0105d \u2014 co r\u00f3wnie\u017c mo\u017ce poprawi\u0107 przejrzysto\u015b\u0107 obs\u0142ugi. Grafiki prezentowane podczas WWDC sugeruj\u0105, \u017ce Siri zostanie mocniej zintegrowana z Dynamic Island i b\u0119dzie tam wy\u015bwietlana w bardziej kompaktowej formie. Po uruchomieniu ten obszar b\u0119dzie si\u0119 rozszerza\u0142, umo\u017cliwiaj\u0105c wprowadzanie polece\u0144 g\u0142osowych lub tekstowych \u2014 ca\u0142o\u015b\u0107 uzupe\u0142ni efekt \u015bwietlny nawi\u0105zuj\u0105cy do motywu WWDC. Dzi\u0119ki temu tre\u015bci maj\u0105 by\u0107 bardziej uporz\u0105dkowane i ca\u0142y czas widoczne dla u\u017cytkownika.<\/p>\n<p>iOS 27: premiera jesieni\u0105<\/p>\n<p>Nie jest jeszcze pewne, czy wszystkie zapowiadane nowo\u015bci rzeczywi\u015bcie trafi\u0105 do finalnej wersji systemu. Jasno\u015b\u0107 w tej sprawie powinni\u015bmy uzyska\u0107 dopiero 8 czerwca, gdy Apple oficjalnie zaprezentuje iOS 27 podczas WWDC 2026. Wtedy oka\u017ce si\u0119 tak\u017ce, czy wcze\u015bniejsze spekulacje na temat systemu si\u0119 potwierdz\u0105. Dla wszystkich u\u017cytkownik\u00f3w aktualizacja najprawdopodobniej pojawi si\u0119 \u2014 jak zwykle \u2014 dopiero po kilku miesi\u0105cach, czyli jesieni\u0105.<\/p>\n<p>Zobacz, ile kosztuj\u0105 popularne modele iPhone&#8217;\u00f3w:<\/p>\n","protected":false},"excerpt":{"rendered":"W tek\u015bcie umieszczono linki reklamowe naszego partnera Ka\u017cdy, kto korzysta z iPhone\u2019a, doskonale zna ten problem: chcesz szybko&hellip;\n","protected":false},"author":2,"featured_media":379614,"comment_status":"","ping_status":"","sticky":false,"template":"","format":"standard","meta":{"footnotes":"","_share_on_mastodon":"0"},"categories":[20],"tags":[489,61195,6203,6204,48,120,118,119,46,42,38,40,39,41,116,114,115,47,6205,121,117],"class_list":["post-379613","post","type-post","status-publish","format-standard","has-post-thumbnail","category-nauka-i-technika","tag-apple","tag-bottomfeed_styl","tag-iphone","tag-mobile","tag-nat_styl","tag-nauka","tag-nauka-i-technika","tag-naukatechnika","tag-omp","tag-pl","tag-poland","tag-polish","tag-polska","tag-polski","tag-science","tag-science-and-technology","tag-sciencetechnology","tag-screening_general","tag-smartfony","tag-technika","tag-technology"],"share_on_mastodon":{"url":"https:\/\/pubeurope.com\/@pl\/116440204040555791","error":""},"_links":{"self":[{"href":"https:\/\/www.europesays.com\/pl\/wp-json\/wp\/v2\/posts\/379613","targetHints":{"allow":["GET"]}}],"collection":[{"href":"https:\/\/www.europesays.com\/pl\/wp-json\/wp\/v2\/posts"}],"about":[{"href":"https:\/\/www.europesays.com\/pl\/wp-json\/wp\/v2\/types\/post"}],"author":[{"embeddable":true,"href":"https:\/\/www.europesays.com\/pl\/wp-json\/wp\/v2\/users\/2"}],"replies":[{"embeddable":true,"href":"https:\/\/www.europesays.com\/pl\/wp-json\/wp\/v2\/comments?post=379613"}],"version-history":[{"count":0,"href":"https:\/\/www.europesays.com\/pl\/wp-json\/wp\/v2\/posts\/379613\/revisions"}],"wp:featuredmedia":[{"embeddable":true,"href":"https:\/\/www.europesays.com\/pl\/wp-json\/wp\/v2\/media\/379614"}],"wp:attachment":[{"href":"https:\/\/www.europesays.com\/pl\/wp-json\/wp\/v2\/media?parent=379613"}],"wp:term":[{"taxonomy":"category","embeddable":true,"href":"https:\/\/www.europesays.com\/pl\/wp-json\/wp\/v2\/categories?post=379613"},{"taxonomy":"post_tag","embeddable":true,"href":"https:\/\/www.europesays.com\/pl\/wp-json\/wp\/v2\/tags?post=379613"}],"curies":[{"name":"wp","href":"https:\/\/api.w.org\/{rel}","templated":true}]}}