{"id":379646,"date":"2026-04-21T02:19:07","date_gmt":"2026-04-21T02:19:07","guid":{"rendered":"https:\/\/www.europesays.com\/pl\/379646\/"},"modified":"2026-04-21T02:19:07","modified_gmt":"2026-04-21T02:19:07","slug":"w-bagazniku-d4vd-znaleziono-zwloki-grozi-mu-nawet-kara-smierci-onet","status":"publish","type":"post","link":"https:\/\/www.europesays.com\/pl\/379646\/","title":{"rendered":"W baga\u017cniku D4vd znaleziono zw\u0142oki. Grozi mu nawet kara \u015bmierci &#8211; Onet"},"content":{"rendered":"<ol>\n<li><a href=\"https:\/\/news.google.com\/rss\/articles\/CBMi1wFBVV95cUxQbVJOaDhnZ1NHbXdnekhjYkt6b2xBdE5SZ1B1SHh6LUlxUGx3SzFaOGVBNDRPVEJnV1BhbFBFRUN6UldoX3dWTy13OUtGUmVTcFlNTzJOUGZZb1Z0ZkgzU2tzLXZwdDJDUXZEZXdRbUJpU0pUWGNRWVUwczF4NnFUZjUyRDJqZjJrZldkSGJSNkV4dUItU3pORmRwTXNCR2tuTXFpdFNZZ2xIRWVjQVVoZ2xwcWViQXh6WWJmVHEzNG1vREtMTEswcUVLNk9mVkdpN1hzZ2hiSQ?oc=5\" target=\"_blank\" rel=\"nofollow noopener\">W baga\u017cniku D4vd znaleziono zw\u0142oki. Grozi mu nawet kara \u015bmierci<\/a>&nbsp;&nbsp;Onet<\/li>\n<li><a href=\"https:\/\/news.google.com\/rss\/articles\/CBMihAFBVV95cUxOLWxJODhNVXRvTWZGWGhLY1gwbEw4aEJkYlR0N081SE9nR2t2Y0hpdjU2Mlk5R09oVEZSR0FEQ2NnY210TmE2Z2h2WE5UY0JjQ3U0U0Y4djVZel9NUnBOZnZobWpGQnVXdkVXWUNiMWpqTWEwMFZyZURKUTZHT0E3YWpJWkQ?oc=5\" target=\"_blank\" rel=\"nofollow noopener\">Zw\u0142oki nastolatki w baga\u017cniku. Piosenkarz oskar\u017cony o brutaln\u0105 zbrodni\u0119<\/a>&nbsp;&nbsp;TVN24<\/li>\n<li><a href=\"https:\/\/news.google.com\/rss\/articles\/CBMipwFBVV95cUxNOU9YOXF4ZjUwS3V4ZGM1cF9NeUZMOUtDbV9sS0tCYTNnd2J5OUEwTjh3a1FsYW1BN2NGVS1wYXQ3MG9iemhwU3ViVVM3Q0ZHa28xMFJvMjRHcHlzaE9ta2xYSTdFRVhKZlVuMjNkMF9IanF4UGNBSWVaTXRJNkY1bFNySnF1U0pKWWRwVDgzQUlZbEFtWk04QUFDMTRtMGw5a015d0QyTQ?oc=5\" target=\"_blank\" rel=\"nofollow noopener\">Cia\u0142o 14-latki w baga\u017cniku auta. Piosenkarz aresztowany<\/a>&nbsp;&nbsp;RMF24<\/li>\n<li><a href=\"https:\/\/news.google.com\/rss\/articles\/CBMivwFBVV95cUxNNTJsQlNjM2N2OWRXR1dCZUNsc05UMFhEOFdVcHljSE1rQ3JBMDhoNXNlMEZwWXdjSnZNckRoZkF3NDRUTEVfRW4yUE8yTHFTUUpRNzhKR1FRS25pRmltU244TEFXZnNEdVFGbWlnbmV5eENGMnNmNHhlc0dGWEdNdUNjVlZkZHFZSVZBa1BPVm95QWhmclNUWGVYbFE5UzJJTkcxa2xfOWVtd2xzTmNObHRYWnN0UlU3dXd1Y2FVRQ?oc=5\" target=\"_blank\" rel=\"nofollow noopener\">USA. Wokalista z zarzutem zab\u00f3jstwa 14-latki. Prokuratura ujawni\u0142a szczeg\u00f3\u0142y<\/a>&nbsp;&nbsp;Gazeta<\/li>\n<li><a href=\"https:\/\/news.google.com\/rss\/articles\/CBMirwFBVV95cUxNY2M5bjdvVGhYWDFfZnZvZ3FJU2RmMWg0cnFvTndRelZsRHV1eWdmTmtqTTZvNVpralhWLWpLSm9uYnNneGNnWnRaajhpcFJacGJ3aGJwTTd0VEtpajBhaW9SUndlRzJ0LUNFUGpFVTJwclg5a2pzaDNvUnoyaHdFQm5iZ2FqX1I0c2ppYmE3S0Nwdk11bGZuYkI0UDhuV3ZKelB4ZGpnVUZtWWxQUW5z?oc=5\" target=\"_blank\" rel=\"nofollow noopener\">Gwiazda Fortnite w centrum makabrycznego zab\u00f3jstwa. Cia\u0142o znaleziono w jego aucie<\/a>&nbsp;&nbsp;Rzeczpospolita<\/li>\n<\/ol>\n","protected":false},"excerpt":{"rendered":"W baga\u017cniku D4vd znaleziono zw\u0142oki. Grozi mu nawet kara \u015bmierci&nbsp;&nbsp;Onet Zw\u0142oki nastolatki w baga\u017cniku. Piosenkarz oskar\u017cony o brutaln\u0105&hellip;\n","protected":false},"author":2,"featured_media":379647,"comment_status":"","ping_status":"","sticky":false,"template":"","format":"standard","meta":{"footnotes":"","_share_on_mastodon":"0"},"categories":[22],"tags":[122,67,53,52,68,51,55,42,38,40,39,41,1877,123,47,511,196,65,50,3459],"class_list":["post-379646","post","type-post","status-publish","format-standard","has-post-thumbnail","category-rozrywka","tag-entertainment","tag-intextvideo_splayer","tag-new_header","tag-onet3","tag-onet3d","tag-onet3d_2i","tag-phx","tag-pl","tag-poland","tag-polish","tag-polska","tag-polski","tag-raper","tag-rozrywka","tag-screening_general","tag-smierc","tag-styl_zycia","tag-update_me","tag-v2021","tag-zabojstwo_morderstwo_morderstwa_zabojstwa"],"share_on_mastodon":{"url":"https:\/\/pubeurope.com\/@pl\/116440305865434352","error":""},"_links":{"self":[{"href":"https:\/\/www.europesays.com\/pl\/wp-json\/wp\/v2\/posts\/379646","targetHints":{"allow":["GET"]}}],"collection":[{"href":"https:\/\/www.europesays.com\/pl\/wp-json\/wp\/v2\/posts"}],"about":[{"href":"https:\/\/www.europesays.com\/pl\/wp-json\/wp\/v2\/types\/post"}],"author":[{"embeddable":true,"href":"https:\/\/www.europesays.com\/pl\/wp-json\/wp\/v2\/users\/2"}],"replies":[{"embeddable":true,"href":"https:\/\/www.europesays.com\/pl\/wp-json\/wp\/v2\/comments?post=379646"}],"version-history":[{"count":0,"href":"https:\/\/www.europesays.com\/pl\/wp-json\/wp\/v2\/posts\/379646\/revisions"}],"wp:featuredmedia":[{"embeddable":true,"href":"https:\/\/www.europesays.com\/pl\/wp-json\/wp\/v2\/media\/379647"}],"wp:attachment":[{"href":"https:\/\/www.europesays.com\/pl\/wp-json\/wp\/v2\/media?parent=379646"}],"wp:term":[{"taxonomy":"category","embeddable":true,"href":"https:\/\/www.europesays.com\/pl\/wp-json\/wp\/v2\/categories?post=379646"},{"taxonomy":"post_tag","embeddable":true,"href":"https:\/\/www.europesays.com\/pl\/wp-json\/wp\/v2\/tags?post=379646"}],"curies":[{"name":"wp","href":"https:\/\/api.w.org\/{rel}","templated":true}]}}