{"id":379897,"date":"2026-04-21T05:36:08","date_gmt":"2026-04-21T05:36:08","guid":{"rendered":"https:\/\/www.europesays.com\/pl\/379897\/"},"modified":"2026-04-21T05:36:08","modified_gmt":"2026-04-21T05:36:08","slug":"nowy-krol-mobilnej-fotografii-huawei-pura-90-pro-max-nie-bierze-jencow","status":"publish","type":"post","link":"https:\/\/www.europesays.com\/pl\/379897\/","title":{"rendered":"Nowy kr\u00f3l mobilnej fotografii. Huawei Pura 90 Pro Max nie bierze je\u0144c\u00f3w"},"content":{"rendered":"<p>Huawei tm razem mocno zaszala\u0142 z kolorami. Flagowce Pura 90 Pro i Pura 90 Pro Max wyr\u00f3\u017cniaj\u0105 si\u0119 energetycznymi gradientami, cho\u0107 s\u0105 te\u017c wersje bardziej stonowane. Tak\u017ce i tym razem z ty\u0142u obudowy umieszczone s\u0105 pot\u0119\u017cne, tr\u00f3jk\u0105tne wyspy aparat\u00f3w. Obydwa modele spe\u0142niaj\u0105 najwy\u017csze standardy szczelno\u015bci przed py\u0142em i wod\u0105, potwierdzone certyfikatami IP68 i IP69.<\/p>\n<p>    Dalsza cz\u0119\u015b\u0107 tekstu pod wideo<\/p>\n<p>        <img decoding=\"async\" src=\"data:image\/png;base64,iVBORw0KGgoAAAANSUhEUgAAAlgAAAGQCAMAAABF6+6qAAAAFXRFWHRDcmVhdGlvbiBUaW1lAAfYBx8NGgTieuHaAAAAB3RJTUUH2AcfDRornKo\/8wAAAAlwSFlzAABcRgAAXEYBFJRDQQAAAANQTFRF\/\/\/\/p8QbyAAAAAF0Uk5TAEDm2GYAAAD\/SURBVHja7cEBDQAAAMKg909tDwcUAAAAAAAAAAAAAAAAAAAAAAAAAAAAAAAAAAAAAAAAAAAAAAAAAAAAAAAAAAAAAAAAAAAAAAAAAAAAAAAAAAAAAAAAAAAAAAAAAAAAAAAAAAAAAAAAAAAAAAAAAAAAAAAAAAAAAAAAAAAAAAAAAAAAAAAAAAAAAAAAAAAAAAAAAAAAAAAAAAAAAAAAAAAAAAAAAAAAAAAAAAAAAAAAAAAAAAAAAAAAAAAAAAAAAAAAAAAAAAAAAAAAAAAAAAAAAAAAAAAAAAAAAAAAAAAAAAAAAAAAAAAAAAAAAAAAAAAAAAAAAAAAAAAAAPBiqz0AAUeOb7kAAAAASUVORK5CYII=\" alt=\"Nowy kr\u00f3l mobilnej fotografii. Huawei Pura 90 Pro Max nie bierze je\u0144c\u00f3w\" fetchpriority=\"\" data-lazy=\"1\" data-controller=\"lazy-image symfony--ux-lazy-image--lazy-image\" data-symfony--ux-lazy-image--lazy-image-src-value=\"https:\/\/pliki.telepolis.pl\/file\/251708\/original.jpg\" class=\"image\" width=\"100%\" height=\"auto\"\/><\/p>\n<p>\n                                Fotograficzne potwory\n            <\/p>\n<p>Mobilnych fotograf\u00f3w powinien zainteresowa\u0107 zw\u0142aszcza topowy model Pura 90 Pro Max, kt\u00f3ry otrzyma\u0142 pot\u0119\u017cny, peryskopowy teleobiektyw z matryc\u0105 o rozdzielczo\u015bci 200 Mpix i w rozmiarze 1\/1.28 cala. Modu\u0142 z przys\u0142on\u0105 f\/2.6 to ekwiwalent ogniskowej 96 mm, oferuj\u0105cy zoom optyczny 4x. Wed\u0142ug deklaracji producenta zapewnia on niespotykane zachowanie detali nawet w najtrudniejszych warunkach o\u015bwietleniowych, w czym zas\u0142uga zaawansowanej, 7-stopniowej stabilizacji obrazu w standardzie CIPA 7.0.\u00a0<\/p>\n<p>        <img loading=\"lazy\" decoding=\"async\" src=\"https:\/\/www.europesays.com\/pl\/wp-content\/uploads\/2026\/04\/1776257647_266_B32963402.414688363;dc_trk_aid=607216972;dc_trk_cid=228291445;ord=[timestamp];dc_lat=;dc_rdid=;tag_f.gif\" attributionsrc=\"\" border=\"0\" height=\"1\" width=\"1\" alt=\"Advertisement\"\/><\/p>\n<p>        <img decoding=\"async\" src=\"data:image\/png;base64,iVBORw0KGgoAAAANSUhEUgAAAlgAAAGQCAMAAABF6+6qAAAAFXRFWHRDcmVhdGlvbiBUaW1lAAfYBx8NGgTieuHaAAAAB3RJTUUH2AcfDRornKo\/8wAAAAlwSFlzAABcRgAAXEYBFJRDQQAAAANQTFRF\/\/\/\/p8QbyAAAAAF0Uk5TAEDm2GYAAAD\/SURBVHja7cEBDQAAAMKg909tDwcUAAAAAAAAAAAAAAAAAAAAAAAAAAAAAAAAAAAAAAAAAAAAAAAAAAAAAAAAAAAAAAAAAAAAAAAAAAAAAAAAAAAAAAAAAAAAAAAAAAAAAAAAAAAAAAAAAAAAAAAAAAAAAAAAAAAAAAAAAAAAAAAAAAAAAAAAAAAAAAAAAAAAAAAAAAAAAAAAAAAAAAAAAAAAAAAAAAAAAAAAAAAAAAAAAAAAAAAAAAAAAAAAAAAAAAAAAAAAAAAAAAAAAAAAAAAAAAAAAAAAAAAAAAAAAAAAAAAAAAAAAAAAAAAAAAAAAAAAAAAAAAAAAAAAAPBiqz0AAUeOb7kAAAAASUVORK5CYII=\" alt=\"Nowy kr\u00f3l mobilnej fotografii. Huawei Pura 90 Pro Max nie bierze je\u0144c\u00f3w\" fetchpriority=\"\" data-lazy=\"1\" data-controller=\"lazy-image symfony--ux-lazy-image--lazy-image\" data-symfony--ux-lazy-image--lazy-image-src-value=\"https:\/\/pliki.telepolis.pl\/file\/251709\/original.jpg\" class=\"image\" width=\"100%\" height=\"auto\"\/><\/p>\n<p>G\u0142\u00f3wny aparat wariantu Max to jednostka 50 Mpix RYYB, w kt\u00f3rej Huawei po raz pierwszy zastosowa\u0142 matryc\u0119 w technologii LOFIC. Dzi\u0119ki temu aparat sprz\u0119towo, bez polegania wy\u0142\u0105cznie na oprogramowaniu, zwi\u0119ksza zakres tonalny i chroni najja\u015bniejsze partie obrazu przed przepaleniem oraz utrat\u0105 detali. Aparat ma 10-stopniow\u0105, zmienn\u0105 przys\u0142on\u0119 w szerokim zakresie f\/1.4-f\/4.0 oraz optyczn\u0105 stabilizacj\u0119 obrazu (OIS). Zestaw tworzy tak\u017ce aparat ultraszerokok\u0105tny z matryc\u0105 40 Mpix i optyk\u0105 o jasno\u015bci f\/2.2.<\/p>\n<p>Podstawowy model Pura 90 Pro niewiele ust\u0119puje swojemu wi\u0119kszemu bratu. Smartfon r\u00f3wnie\u017c otrzyma\u0142 g\u0142\u00f3wn\u0105 matryc\u0119 50 Mpix RYYB (1\/1.28&#8243;) ze zmienn\u0105 przys\u0142on\u0105 i OIS, ale towarzyszy jej aparat 50 Mpix z teleobiektywem o jasno\u015bci f\/2.1, zapewniaj\u0105cy zoom optyczny 4x. Jednostka ultraszerokok\u0105tna wyposa\u017cona jest z kolei w sensor o rozdzielczo\u015bci 12,5 Mpix. W obu modelach z przodu znalaz\u0142 si\u0119 aparat 13 Mpix do selfie.<\/p>\n<p>        <img decoding=\"async\" src=\"data:image\/png;base64,iVBORw0KGgoAAAANSUhEUgAAAlgAAAGQCAMAAABF6+6qAAAAFXRFWHRDcmVhdGlvbiBUaW1lAAfYBx8NGgTieuHaAAAAB3RJTUUH2AcfDRornKo\/8wAAAAlwSFlzAABcRgAAXEYBFJRDQQAAAANQTFRF\/\/\/\/p8QbyAAAAAF0Uk5TAEDm2GYAAAD\/SURBVHja7cEBDQAAAMKg909tDwcUAAAAAAAAAAAAAAAAAAAAAAAAAAAAAAAAAAAAAAAAAAAAAAAAAAAAAAAAAAAAAAAAAAAAAAAAAAAAAAAAAAAAAAAAAAAAAAAAAAAAAAAAAAAAAAAAAAAAAAAAAAAAAAAAAAAAAAAAAAAAAAAAAAAAAAAAAAAAAAAAAAAAAAAAAAAAAAAAAAAAAAAAAAAAAAAAAAAAAAAAAAAAAAAAAAAAAAAAAAAAAAAAAAAAAAAAAAAAAAAAAAAAAAAAAAAAAAAAAAAAAAAAAAAAAAAAAAAAAAAAAAAAAAAAAAAAAAAAAAAAAAAAAAAAAPBiqz0AAUeOb7kAAAAASUVORK5CYII=\" alt=\"Nowy kr\u00f3l mobilnej fotografii. Huawei Pura 90 Pro Max nie bierze je\u0144c\u00f3w\" fetchpriority=\"\" data-lazy=\"1\" data-controller=\"lazy-image symfony--ux-lazy-image--lazy-image\" data-symfony--ux-lazy-image--lazy-image-src-value=\"https:\/\/pliki.telepolis.pl\/file\/251701\/original.jpg\" class=\"image\" width=\"100%\" height=\"auto\"\/><\/p>\n<p>                                                        Huawei Pura 90 Pro Max<\/p>\n<p>Huawei Pura 90 Pro i Pura 90 Pro Max otrzyma\u0142y ekrany LTPO OLED o rozdzielczo\u015bci 1,5K, oferuj\u0105ce adaptacyjne od\u015bwie\u017canie w przedziale 1-120 Hz. Pura 90 Pro dysponuje przek\u0105tn\u0105 6,6 cala (2760 x 1256), podczas gdy wersja Pro Max uros\u0142a do imponuj\u0105cych 6,9 cala (2880 x 1308). Ekrany chronione s\u0105 przez szk\u0142o Kunlun Glass drugiej generacji o podwy\u017cszonej odporno\u015bci na zarysowania.<\/p>\n<p>        <img decoding=\"async\" src=\"data:image\/png;base64,iVBORw0KGgoAAAANSUhEUgAAAlgAAAGQCAMAAABF6+6qAAAAFXRFWHRDcmVhdGlvbiBUaW1lAAfYBx8NGgTieuHaAAAAB3RJTUUH2AcfDRornKo\/8wAAAAlwSFlzAABcRgAAXEYBFJRDQQAAAANQTFRF\/\/\/\/p8QbyAAAAAF0Uk5TAEDm2GYAAAD\/SURBVHja7cEBDQAAAMKg909tDwcUAAAAAAAAAAAAAAAAAAAAAAAAAAAAAAAAAAAAAAAAAAAAAAAAAAAAAAAAAAAAAAAAAAAAAAAAAAAAAAAAAAAAAAAAAAAAAAAAAAAAAAAAAAAAAAAAAAAAAAAAAAAAAAAAAAAAAAAAAAAAAAAAAAAAAAAAAAAAAAAAAAAAAAAAAAAAAAAAAAAAAAAAAAAAAAAAAAAAAAAAAAAAAAAAAAAAAAAAAAAAAAAAAAAAAAAAAAAAAAAAAAAAAAAAAAAAAAAAAAAAAAAAAAAAAAAAAAAAAAAAAAAAAAAAAAAAAAAAAAAAAAAAAAAAAPBiqz0AAUeOb7kAAAAASUVORK5CYII=\" alt=\"Nowy kr\u00f3l mobilnej fotografii. Huawei Pura 90 Pro Max nie bierze je\u0144c\u00f3w\" fetchpriority=\"\" data-lazy=\"1\" data-controller=\"lazy-image symfony--ux-lazy-image--lazy-image\" data-symfony--ux-lazy-image--lazy-image-src-value=\"https:\/\/pliki.telepolis.pl\/file\/251700\/original.jpg\" class=\"image\" width=\"100%\" height=\"auto\"\/><\/p>\n<p>                                                        Huawei Pura 90 Pro<\/p>\n<p>Sercem nowych flagowc\u00f3w jest uk\u0142ad Kirin 9030S. Huawei chwali si\u0119 dwukrotnym wzrostem wydajno\u015bci jednostki NPU, co ma bezpo\u015brednio prze\u0142o\u017cy\u0107 si\u0119 na pot\u0119\u017cne mo\u017cliwo\u015bci przetwarzania obrazu przez AI ISP. Urz\u0105dzenia pracuj\u0105 pod kontrol\u0105 najnowszej wersji HarmonyOS 6.1, kt\u00f3ra debiutuje z natywnym, agentowym asystentem AI oraz zaawansowanymi narz\u0119dziami do inteligentnej edycji i usuwania obiekt\u00f3w ze zdj\u0119\u0107.<\/p>\n<p>Pomimo r\u00f3\u017cnic w rozmiarach, in\u017cynierom Huawei uda\u0142o si\u0119 zmie\u015bci\u0107 w obu modelach ogniwa o pojemno\u015bci 6000 mAh. Baterie obs\u0142u\u017cymy szybkim \u0142adowaniem przewodowym z moc\u0105 100 W oraz bezprzewodowym 80 W.<\/p>\n<p>\n                                Dost\u0119pno\u015b\u0107 i ceny\n            <\/p>\n<p>Regularna sprzeda\u017c w Chinach rusza ju\u017c 29 kwietnia. Pura 90 Pro trafi na rynek w kolorach Pink Guava, Orange Soda, Coconut White i Mulberry Black, a jego ceny startuj\u0105 od 5499 juan\u00f3w (2900 z\u0142) za wariant 12\/256 GB, si\u0119gaj\u0105c 7499 juan\u00f3w (3950 z\u0142) za topow\u0105 wersj\u0119 16 GB RAM i 1 TB pami\u0119ci masowej.\u00a0<\/p>\n<p>        <img decoding=\"async\" src=\"data:image\/png;base64,iVBORw0KGgoAAAANSUhEUgAAAlgAAAGQCAMAAABF6+6qAAAAFXRFWHRDcmVhdGlvbiBUaW1lAAfYBx8NGgTieuHaAAAAB3RJTUUH2AcfDRornKo\/8wAAAAlwSFlzAABcRgAAXEYBFJRDQQAAAANQTFRF\/\/\/\/p8QbyAAAAAF0Uk5TAEDm2GYAAAD\/SURBVHja7cEBDQAAAMKg909tDwcUAAAAAAAAAAAAAAAAAAAAAAAAAAAAAAAAAAAAAAAAAAAAAAAAAAAAAAAAAAAAAAAAAAAAAAAAAAAAAAAAAAAAAAAAAAAAAAAAAAAAAAAAAAAAAAAAAAAAAAAAAAAAAAAAAAAAAAAAAAAAAAAAAAAAAAAAAAAAAAAAAAAAAAAAAAAAAAAAAAAAAAAAAAAAAAAAAAAAAAAAAAAAAAAAAAAAAAAAAAAAAAAAAAAAAAAAAAAAAAAAAAAAAAAAAAAAAAAAAAAAAAAAAAAAAAAAAAAAAAAAAAAAAAAAAAAAAAAAAAAAAAAAAAAAAPBiqz0AAUeOb7kAAAAASUVORK5CYII=\" alt=\"Nowy kr\u00f3l mobilnej fotografii. Huawei Pura 90 Pro Max nie bierze je\u0144c\u00f3w\" fetchpriority=\"\" data-lazy=\"1\" data-controller=\"lazy-image symfony--ux-lazy-image--lazy-image\" data-symfony--ux-lazy-image--lazy-image-src-value=\"https:\/\/pliki.telepolis.pl\/file\/251710\/original.jpg\" class=\"image\" width=\"100%\" height=\"auto\"\/><\/p>\n<p>Pura 90 Pro Max oferowany b\u0119dzie w odcieniach Orange Ocean, Sunset Purple, Emerald Lake, Dawn Gold oraz Obsidian Black. Za najta\u0144sz\u0105 konfiguracj\u0119 (12\/256 GB) trzeba zap\u0142aci\u0107 6499 juan\u00f3w (ok. 3500 z\u0142), a najpot\u0119\u017cniejszy wariant wyceniono na 8499 juan\u00f3w (o, 4500 z\u0142).<\/p>\n<p>Zobacz: <a href=\"https:\/\/www.telepolis.pl\/tech\/sprzet\/huawei-pura-x-max-rozkladany-smartfon-wyglad-ceny\" target=\"_blank\" rel=\"noopener nofollow\">Huawei wywraca rynek sk\u0142adak\u00f3w do g\u00f3ry nogami. Oto Pura X Max<\/a><\/p>\n","protected":false},"excerpt":{"rendered":"Huawei tm razem mocno zaszala\u0142 z kolorami. Flagowce Pura 90 Pro i Pura 90 Pro Max wyr\u00f3\u017cniaj\u0105 si\u0119&hellip;\n","protected":false},"author":2,"featured_media":379898,"comment_status":"","ping_status":"","sticky":false,"template":"","format":"standard","meta":{"footnotes":"","_share_on_mastodon":"0"},"categories":[20],"tags":[2692,68293,68295,68294,120,118,119,42,38,40,39,41,116,114,115,19624,629,121,117],"class_list":["post-379897","post","type-post","status-publish","format-standard","has-post-thumbnail","category-nauka-i-technika","tag-huawei","tag-huawei-pura-90","tag-huawei-pura-90-pro","tag-huawei-pura-90-pro-max","tag-nauka","tag-nauka-i-technika","tag-naukatechnika","tag-pl","tag-poland","tag-polish","tag-polska","tag-polski","tag-science","tag-science-and-technology","tag-sciencetechnology","tag-smartfon-fotograficzny","tag-sprzet","tag-technika","tag-technology"],"share_on_mastodon":{"url":"https:\/\/pubeurope.com\/@pl\/116441080332779685","error":""},"_links":{"self":[{"href":"https:\/\/www.europesays.com\/pl\/wp-json\/wp\/v2\/posts\/379897","targetHints":{"allow":["GET"]}}],"collection":[{"href":"https:\/\/www.europesays.com\/pl\/wp-json\/wp\/v2\/posts"}],"about":[{"href":"https:\/\/www.europesays.com\/pl\/wp-json\/wp\/v2\/types\/post"}],"author":[{"embeddable":true,"href":"https:\/\/www.europesays.com\/pl\/wp-json\/wp\/v2\/users\/2"}],"replies":[{"embeddable":true,"href":"https:\/\/www.europesays.com\/pl\/wp-json\/wp\/v2\/comments?post=379897"}],"version-history":[{"count":0,"href":"https:\/\/www.europesays.com\/pl\/wp-json\/wp\/v2\/posts\/379897\/revisions"}],"wp:featuredmedia":[{"embeddable":true,"href":"https:\/\/www.europesays.com\/pl\/wp-json\/wp\/v2\/media\/379898"}],"wp:attachment":[{"href":"https:\/\/www.europesays.com\/pl\/wp-json\/wp\/v2\/media?parent=379897"}],"wp:term":[{"taxonomy":"category","embeddable":true,"href":"https:\/\/www.europesays.com\/pl\/wp-json\/wp\/v2\/categories?post=379897"},{"taxonomy":"post_tag","embeddable":true,"href":"https:\/\/www.europesays.com\/pl\/wp-json\/wp\/v2\/tags?post=379897"}],"curies":[{"name":"wp","href":"https:\/\/api.w.org\/{rel}","templated":true}]}}