{"id":379905,"date":"2026-04-21T05:40:08","date_gmt":"2026-04-21T05:40:08","guid":{"rendered":"https:\/\/www.europesays.com\/pl\/379905\/"},"modified":"2026-04-21T05:40:08","modified_gmt":"2026-04-21T05:40:08","slug":"j-d-vance-jedzie-na-rozmowy-pokojowe-podsumowanie-nocy","status":"publish","type":"post","link":"https:\/\/www.europesays.com\/pl\/379905\/","title":{"rendered":"J.D. Vance jedzie na rozmowy pokojowe. Podsumowanie nocy"},"content":{"rendered":"<p>Ruszaj\u0105 rozmowy pokojowe <\/p>\n<p class=\"Paragraph_desktopParagraph__U31Gm\">Dwa \u017ar\u00f3d\u0142a portalu Axios poda\u0142y, \u017ce Vance wyruszy do Pakistanu we wtorek rano czasu wschodnioameryka\u0144skiego, natomiast wed\u0142ug trzeciego \u2014 mo\u017ce wylecie\u0107 w nocy z poniedzia\u0142ku na wtorek. Do Islamabadu maj\u0105 te\u017c uda\u0107 si\u0119 wys\u0142annicy Trumpa: Witkoff i Kushner.<\/p>\n<p class=\"Paragraph_desktopParagraph__U31Gm\"><a href=\"https:\/\/wiadomosci.onet.pl\/swiat\/ruszaja-rozmowy-usa-iran-wiceprezydent-leci-do-pakistanu\/9h7mwye\" id=\"08ea607a-be06-4a86-be67-855ca5868a7a\" rel=\"nofollow noopener\" target=\"_blank\">Vance przyb\u0119dzie do Pakistanu tu\u017c przed wyga\u015bni\u0119ciem obecnie obowi\u0105zuj\u0105cego zawieszenia broni z Iranem<\/a>. Prezydent Trump zagrozi\u0142, \u017ce je\u015bli nie uda si\u0119 osi\u0105gn\u0105\u0107 porozumienia, wojska USA rozpoczn\u0105 now\u0105 kampani\u0119 bombardowa\u0144 ira\u0144skich most\u00f3w i elektrowni. Dwutygodniowe zawieszenie broni dobiega ko\u0144ca we wtorek w nocy, ale prezydent powiedzia\u0142, \u017ce uznaje \u015brodowy wiecz\u00f3r za termin zako\u0144czenia rozejmu.<\/p>\n<p class=\"Paragraph_desktopParagraph__U31Gm\">Na pocz\u0105tku kwietnia Trump og\u0142osi\u0142 odwo\u0142anie Pam Bondi ze stanowiska prokuratora generalnego, a miesi\u0105c wcze\u015bniej Kristi Noem straci\u0142a fotel sekretarza bezpiecze\u0144stwa krajowego (DHS). Wed\u0142ug portalu Politico wkr\u00f3tce mo\u017cna spodziewa\u0107 si\u0119 kolejnych dymisji.<\/p>\n<p>Nast\u0119pca Jobsa rezygnuje <\/p>\n<p class=\"Paragraph_desktopParagraph__U31Gm\"><a href=\"https:\/\/wiadomosci.onet.pl\/swiat\/tim-cook-nie-bedzie-szefem-apple-zastapi-go-john-ternus\/rx9ydmz\" id=\"7b14b445-2e89-4ac6-a507-add83354be37\" rel=\"nofollow noopener\" target=\"_blank\">Tim Cook rezygnuje ze stanowiska dyrektora wykonawczego (CEO) firmy Apple<\/a>. Od wrze\u015bnia nowym szefem technologicznego giganta zostanie starszy wiceprezes do spraw in\u017cynierii sprz\u0119tu John Ternus. Cook pozostanie w firmie i b\u0119dzie pe\u0142ni\u0142 rol\u0119 prezesa zarz\u0105du. To pierwsza zmiana na stanowisku CEO Apple od czasu, gdy w 2011 roku Cook zast\u0105pi\u0142 Steve&#8217;a Jobsa.<\/p>\n<p>Co nas czeka we wtorek? <\/p>\n<p class=\"Paragraph_desktopParagraph__U31Gm\">Papie\u017c Leon XIV, podr\u00f3\u017cuj\u0105cy po Afryce, zako\u0144czy rano wizyt\u0119 w Angoli i uda si\u0119 do Gwinei R\u00f3wnikowej, kt\u00f3ra b\u0119dzie ostatnim etapem jego podr\u00f3\u017cy. Jednocze\u015bnie dzi\u015b przypada pierwsza rocznica \u015bmierci papie\u017ca Franciszka. W rzymskiej Bazylice Matki Bo\u017cej Wi\u0119kszej, gdzie zosta\u0142 pochowany, o godz. 18 odprawiona zostanie msza, podczas kt\u00f3rej zostanie odczytane przes\u0142anie papie\u017ca Leona XIV.<\/p>\n<p class=\"Paragraph_desktopParagraph__U31Gm\">Na dzi\u015b przypada ostatni, 14. dzie\u0144 dwutygodniowego zawieszenia broni mi\u0119dzy USA i Iranem, og\u0142oszonego przez prezydenta Donalda Trumpa. W niedziel\u0119 ameryka\u0144ski prezydent zapowiedzia\u0142 kolejn\u0105 rund\u0119 negocjacji z Iranem i ponowi\u0142 gro\u017aby zniszczenia ira\u0144skiej infrastruktury, gdyby nie dosz\u0142o do porozumienia.<\/p>\n","protected":false},"excerpt":{"rendered":"Ruszaj\u0105 rozmowy pokojowe Dwa \u017ar\u00f3d\u0142a portalu Axios poda\u0142y, \u017ce Vance wyruszy do Pakistanu we wtorek rano czasu wschodnioameryka\u0144skiego,&hellip;\n","protected":false},"author":2,"featured_media":379906,"comment_status":"","ping_status":"","sticky":false,"template":"","format":"standard","meta":{"footnotes":"","_share_on_mastodon":"0"},"categories":[5],"tags":[49676,32,33,244,44,36,37,27,307,11049,68296,34,35,28,31,53,25,52,68,51,55,42,1997,38,40,39,41,47,1998,59,11050,29,30,65,50,26],"class_list":["post-379905","post","type-post","status-publish","format-standard","has-post-thumbnail","category-naglowki","tag-apple_firma_marka_produkty","tag-breaking-news","tag-breakingnews","tag-ctr_tst","tag-donald_trump","tag-featured-news","tag-featurednews","tag-headlines","tag-iran_kraj","tag-jared_kushner","tag-jd_vance","tag-latest-news","tag-latestnews","tag-naglowki","tag-najwazniejsze-artykuly","tag-new_header","tag-news","tag-onet3","tag-onet3d","tag-onet3d_2i","tag-phx","tag-pl","tag-podsumowanie_nocy_tag_techniczny","tag-poland","tag-polish","tag-polska","tag-polski","tag-screening_general","tag-short_news","tag-stany_zjednoczone_usa","tag-steve_witkoff","tag-top-stories","tag-topstories","tag-update_me","tag-v2021","tag-wiadomosci"],"share_on_mastodon":{"url":"","error":"Validation failed: Text character limit of 500 exceeded"},"_links":{"self":[{"href":"https:\/\/www.europesays.com\/pl\/wp-json\/wp\/v2\/posts\/379905","targetHints":{"allow":["GET"]}}],"collection":[{"href":"https:\/\/www.europesays.com\/pl\/wp-json\/wp\/v2\/posts"}],"about":[{"href":"https:\/\/www.europesays.com\/pl\/wp-json\/wp\/v2\/types\/post"}],"author":[{"embeddable":true,"href":"https:\/\/www.europesays.com\/pl\/wp-json\/wp\/v2\/users\/2"}],"replies":[{"embeddable":true,"href":"https:\/\/www.europesays.com\/pl\/wp-json\/wp\/v2\/comments?post=379905"}],"version-history":[{"count":0,"href":"https:\/\/www.europesays.com\/pl\/wp-json\/wp\/v2\/posts\/379905\/revisions"}],"wp:featuredmedia":[{"embeddable":true,"href":"https:\/\/www.europesays.com\/pl\/wp-json\/wp\/v2\/media\/379906"}],"wp:attachment":[{"href":"https:\/\/www.europesays.com\/pl\/wp-json\/wp\/v2\/media?parent=379905"}],"wp:term":[{"taxonomy":"category","embeddable":true,"href":"https:\/\/www.europesays.com\/pl\/wp-json\/wp\/v2\/categories?post=379905"},{"taxonomy":"post_tag","embeddable":true,"href":"https:\/\/www.europesays.com\/pl\/wp-json\/wp\/v2\/tags?post=379905"}],"curies":[{"name":"wp","href":"https:\/\/api.w.org\/{rel}","templated":true}]}}