{"id":380102,"date":"2026-04-21T07:46:16","date_gmt":"2026-04-21T07:46:16","guid":{"rendered":"https:\/\/www.europesays.com\/pl\/380102\/"},"modified":"2026-04-21T07:46:16","modified_gmt":"2026-04-21T07:46:16","slug":"nacpany-kierowca-uciekal-przed-policja-teraz-sledczy-chca-go-wsadzic-za-kraty-zrobia-to-nawet-bez-rozprawy","status":"publish","type":"post","link":"https:\/\/www.europesays.com\/pl\/380102\/","title":{"rendered":"Na\u0107pany kierowca ucieka\u0142 przed policj\u0105. Teraz \u015bledczy chc\u0105 go wsadzi\u0107 za kraty. Zrobi\u0105 to nawet bez rozprawy?"},"content":{"rendered":"<p><a class=\"atomsListingArticleTileWithSeparatedLink__img atomsListingArticleTileWithSeparatedLink__img--withVideo\" href=\"https:\/\/gazetawroclawska.pl\/przemalowal-sprejem-bmw-i-uciekal-przed-legnicka-policja-bransoletke-z-nogi-zamieni-na-odsiadke\/ar\/c1p2-28908287\" title=\"Przemalowa&#x142; sprejem BMW i ucieka&#x142; przed legnick&#x105; policj&#x105;. Bransoletk&#x119; z nogi zamieni na odsiadk&#x119;\" data-icon-variant=\"withVideo\" data-ec=\"atomsListingArticleTileWithSeparatedLink\" data-event-position-el=\"link\" aria-hidden=\"true\" focusable=\"false\" tabindex=\"-1\" rel=\"nofollow noopener\" target=\"_blank\"><img decoding=\"async\" class=\"atomsListingArticleTileWithSeparatedLink__tileImg\" loading=\"lazy\" src=\"https:\/\/www.europesays.com\/pl\/wp-content\/uploads\/2026\/04\/il20260414_962475769_medium.jpg\" data-image-type=\"articles\" alt=\"Przemalowa&#x142; sprejem BMW i ucieka&#x142; przed legnick&#x105; policj&#x105;. Bransoletk&#x119; z nogi zamieni na odsiadk&#x119;\"\/><\/a><a class=\"atomsListingArticleTileWithSeparatedLink__titleLink\" href=\"https:\/\/gazetawroclawska.pl\/przemalowal-sprejem-bmw-i-uciekal-przed-legnicka-policja-bransoletke-z-nogi-zamieni-na-odsiadke\/ar\/c1p2-28908287\" title=\"Przemalowa&#x142; sprejem BMW i ucieka&#x142; przed legnick&#x105; policj&#x105;. Bransoletk&#x119; z nogi zamieni na odsiadk&#x119;\" data-ec=\"atomsListingArticleTileWithSeparatedLink\" data-event-position-el=\"link\" rel=\"nofollow noopener\" target=\"_blank\">Przemalowa\u0142 sprejem BMW i ucieka\u0142 przed legnick\u0105 policj\u0105. Bransoletk\u0119 z nogi zamieni na odsiadk\u0119<\/a><\/p>\n<p class=\"atomsListingArticleTileWithSeparatedLink__lead\">Nietypowy pojazd zwr\u00f3ci\u0142 uwag\u0119 policjant\u00f3w z drog\u00f3wki. Kierowca jedna nie zatrzyma\u0142 si\u0119 do kontroli i zacz\u0105\u0142 ucieka\u0107. Po\u015bcig ulicami Legnicy zako\u0144czy\u0142 si\u0119 na&#8230;<\/p>\n<p>\n            17 kwietnia 2026, 10:56\n          <\/p>\n<p><a class=\"atomsListingArticleTileWithSeparatedLink__img atomsListingArticleTileWithSeparatedLink__img--withVideo\" href=\"https:\/\/motofakty.pl\/takiego-radiowozu-jeszcze-nie-bylo-skonfiskowany-pijanemu-kierowcy-pojazd-zasilil-policyjna-flote\/ar\/c4p2-28827999\" title=\"Takiego radiowozu jeszcze nie by&#x142;o. Skonfiskowany pijanemu kierowcy pojazd, zasili&#x142; policyjn&#x105; flot&#x119;\" data-icon-variant=\"withVideo\" data-ec=\"atomsListingArticleTileWithSeparatedLink\" data-event-position-el=\"link\" aria-hidden=\"true\" focusable=\"false\" tabindex=\"-1\" rel=\"nofollow noopener\" target=\"_blank\"><img decoding=\"async\" class=\"atomsListingArticleTileWithSeparatedLink__tileImg\" loading=\"lazy\" src=\"https:\/\/www.europesays.com\/pl\/wp-content\/uploads\/2026\/04\/il20260318_959553771_medium.jpg\" data-image-type=\"articles\" alt=\"Takiego radiowozu jeszcze nie by&#x142;o. Skonfiskowany pijanemu kierowcy pojazd, zasili&#x142; policyjn&#x105; flot&#x119;\"\/><\/a><a class=\"atomsListingArticleTileWithSeparatedLink__titleLink\" href=\"https:\/\/motofakty.pl\/takiego-radiowozu-jeszcze-nie-bylo-skonfiskowany-pijanemu-kierowcy-pojazd-zasilil-policyjna-flote\/ar\/c4p2-28827999\" title=\"Takiego radiowozu jeszcze nie by&#x142;o. Skonfiskowany pijanemu kierowcy pojazd, zasili&#x142; policyjn&#x105; flot&#x119;\" data-ec=\"atomsListingArticleTileWithSeparatedLink\" data-event-position-el=\"link\" rel=\"nofollow noopener\" target=\"_blank\">Takiego radiowozu jeszcze nie by\u0142o. Skonfiskowany pijanemu kierowcy pojazd, zasili\u0142 policyjn\u0105 flot\u0119<\/a><\/p>\n<p class=\"atomsListingArticleTileWithSeparatedLink__lead\">Ford Mustang skonfiskowany 39-letniemu kierowcy za jazd\u0119 po pijanemu trafi\u0142 do mazowieckiej policji. W Radomiu policjanci zaprezentowali jego mo\u017cliwo\u015bci. Nowy&#8230;<\/p>\n<p>\n            18 marca 2026, 8:01\n          <\/p>\n<p><a class=\"atomsListingArticleTileWithSeparatedLink__img\" href=\"https:\/\/gazetawroclawska.pl\/64-letni-radny-i-byly-soltys-z-dolnego-slaska-mial-wykorzystywac-maloletnia-najpierw-sie-przyznal-potem-zmienil-zdanie\/ar\/c1p2-28817321\" title=\"64-letni radny i by&#x142;y so&#x142;tys z Dolnego &#x15A;l&#x105;ska mia&#x142; wykorzystywa&#x107; ma&#x142;oletni&#x105;. Najpierw si&#x119; przyzna&#x142;, potem zmieni&#x142; zdanie\" data-ec=\"atomsListingArticleTileWithSeparatedLink\" data-event-position-el=\"link\" aria-hidden=\"true\" focusable=\"false\" tabindex=\"-1\" rel=\"nofollow noopener\" target=\"_blank\"><img decoding=\"async\" class=\"atomsListingArticleTileWithSeparatedLink__tileImg\" loading=\"lazy\" src=\"https:\/\/www.europesays.com\/pl\/wp-content\/uploads\/2026\/04\/il20260314_959189175_medium.jpg\" data-image-type=\"articles\" alt=\"64-letni radny i by&#x142;y so&#x142;tys z Dolnego &#x15A;l&#x105;ska mia&#x142; wykorzystywa&#x107; ma&#x142;oletni&#x105;. Najpierw si&#x119; przyzna&#x142;, potem zmieni&#x142; zdanie\"\/><\/a><a class=\"atomsListingArticleTileWithSeparatedLink__titleLink\" href=\"https:\/\/gazetawroclawska.pl\/64-letni-radny-i-byly-soltys-z-dolnego-slaska-mial-wykorzystywac-maloletnia-najpierw-sie-przyznal-potem-zmienil-zdanie\/ar\/c1p2-28817321\" title=\"64-letni radny i by&#x142;y so&#x142;tys z Dolnego &#x15A;l&#x105;ska mia&#x142; wykorzystywa&#x107; ma&#x142;oletni&#x105;. Najpierw si&#x119; przyzna&#x142;, potem zmieni&#x142; zdanie\" data-ec=\"atomsListingArticleTileWithSeparatedLink\" data-event-position-el=\"link\" rel=\"nofollow noopener\" target=\"_blank\">64-letni radny i by\u0142y so\u0142tys z Dolnego \u015al\u0105ska mia\u0142 wykorzystywa\u0107 ma\u0142oletni\u0105. Najpierw si\u0119 przyzna\u0142, potem zmieni\u0142 zdanie<\/a><\/p>\n<p class=\"atomsListingArticleTileWithSeparatedLink__lead\">Jest akt oskar\u017cenia przeciwko by\u0142emu so\u0142tysowi i radnemu jednej z podlubi\u0144skich miejscowo\u015bci. 64-latek mia\u0142 utrzymywa\u0107 intymny kontakt i wielokrotnie&#8230;<\/p>\n<p>\n            14 marca 2026, 11:48\n          <\/p>\n<p><a class=\"atomsListingArticleTileWithSeparatedLink__img\" href=\"https:\/\/motofakty.pl\/skandal-z-przegladami-diagnosta-z-ponad-340-zarzutami\/ar\/c4p2-28804425\" title=\"Skandal z przegl&#x105;dami. Diagnosta z ponad 340 zarzutami\" data-ec=\"atomsListingArticleTileWithSeparatedLink\" data-event-position-el=\"link\" aria-hidden=\"true\" focusable=\"false\" tabindex=\"-1\" rel=\"nofollow noopener\" target=\"_blank\"><img decoding=\"async\" class=\"atomsListingArticleTileWithSeparatedLink__tileImg\" loading=\"lazy\" src=\"https:\/\/www.europesays.com\/pl\/wp-content\/uploads\/2026\/04\/il20260310_958843257_medium.jpg\" data-image-type=\"articles\" alt=\"Skandal z przegl&#x105;dami. Diagnosta z ponad 340 zarzutami\"\/><\/a><a class=\"atomsListingArticleTileWithSeparatedLink__titleLink\" href=\"https:\/\/motofakty.pl\/skandal-z-przegladami-diagnosta-z-ponad-340-zarzutami\/ar\/c4p2-28804425\" title=\"Skandal z przegl&#x105;dami. Diagnosta z ponad 340 zarzutami\" data-ec=\"atomsListingArticleTileWithSeparatedLink\" data-event-position-el=\"link\" rel=\"nofollow noopener\" target=\"_blank\">Skandal z przegl\u0105dami. Diagnosta z ponad 340 zarzutami<\/a><\/p>\n<p class=\"atomsListingArticleTileWithSeparatedLink__lead\">Policja rozbi\u0142a grup\u0119, kt\u00f3ra mia\u0142a wystawia\u0107 fikcyjne badania techniczne pojazd\u00f3w. W sprawie podejrzanych jest sze\u015bciu m\u0119\u017cczyzn, a g\u0142\u00f3wnym oskar\u017conym jest&#8230;<\/p>\n<p>\n            10 marca 2026, 14:18\n          <\/p>\n<p><a class=\"atomsListingArticleTileWithSeparatedLink__img atomsListingArticleTileWithSeparatedLink__img--withGallery\" href=\"https:\/\/gazetawroclawska.pl\/prokuratura-rejonowa-w-walbrzychu-wszczela-sledztwo-w-sprawie-smierci-21-letniego-motocyklisty-na-starym-zdroju-policjant-w-zlym-stanie\/ar\/c1p2-28779811\" title=\"Prokuratura Rejonowa w Wa&#x142;brzychu wszcz&#x119;&#x142;a &#x15B;ledztwo w sprawie &#x15B;mierci 21-letniego motocyklisty na Starym Zdroju. Policjant w z&#x142;ym stanie\" data-icon-variant=\"withGallery\" data-ec=\"atomsListingArticleTileWithSeparatedLink\" data-event-position-el=\"link\" aria-hidden=\"true\" focusable=\"false\" tabindex=\"-1\" rel=\"nofollow noopener\" target=\"_blank\"><img decoding=\"async\" class=\"atomsListingArticleTileWithSeparatedLink__tileImg\" loading=\"lazy\" src=\"https:\/\/www.europesays.com\/pl\/wp-content\/uploads\/2026\/04\/il20260302_958088959_medium.jpg\" data-image-type=\"articles\" alt=\"Prokuratura Rejonowa w Wa&#x142;brzychu wszcz&#x119;&#x142;a &#x15B;ledztwo w sprawie &#x15B;mierci 21-letniego motocyklisty na Starym Zdroju. Policjant w z&#x142;ym stanie\"\/><\/a><a class=\"atomsListingArticleTileWithSeparatedLink__titleLink\" href=\"https:\/\/gazetawroclawska.pl\/prokuratura-rejonowa-w-walbrzychu-wszczela-sledztwo-w-sprawie-smierci-21-letniego-motocyklisty-na-starym-zdroju-policjant-w-zlym-stanie\/ar\/c1p2-28779811\" title=\"Prokuratura Rejonowa w Wa&#x142;brzychu wszcz&#x119;&#x142;a &#x15B;ledztwo w sprawie &#x15B;mierci 21-letniego motocyklisty na Starym Zdroju. Policjant w z&#x142;ym stanie\" data-ec=\"atomsListingArticleTileWithSeparatedLink\" data-event-position-el=\"link\" rel=\"nofollow noopener\" target=\"_blank\">Prokuratura Rejonowa w Wa\u0142brzychu wszcz\u0119\u0142a \u015bledztwo w sprawie \u015bmierci 21-letniego motocyklisty na Starym Zdroju. Policjant w z\u0142ym stanie<\/a><\/p>\n<p class=\"atomsListingArticleTileWithSeparatedLink__lead\">Prokuratura Rejonowa w Wa\u0142brzychu wszcz\u0119\u0142a \u015bledztwo w sprawie \u015bmierci 21-latka na Starym Zdroju w Wa\u0142brzychu. Przes\u0142uchano ju\u017c pierwszych \u015bwiadk\u00f3w &#8211; policjant\u00f3w&#8230;<\/p>\n<p>\n            2 marca 2026, 18:21\n          <\/p>\n<p><a class=\"atomsListingArticleTileWithSeparatedLink__img atomsListingArticleTileWithSeparatedLink__img--withVideo\" href=\"https:\/\/gazetawroclawska.pl\/anglik-roztrzaskal-glowne-wejscie-hotelu-golebiewski-w-karpaczu-kuriozalny-wypadek-w-sercu-karkonoszy-policja-publikuje-nagranie\/ar\/c16p2-28755443\" title=\"Anglik roztrzaska&#x142; g&#x142;&#xF3;wne wej&#x15B;cie Hotelu Go&#x142;&#x119;biewski w Karpaczu. Kuriozalny wypadek w sercu Karkonoszy. Policja publikuje nagranie\" data-icon-variant=\"withVideo\" data-ec=\"atomsListingArticleTileWithSeparatedLink\" data-event-position-el=\"link\" aria-hidden=\"true\" focusable=\"false\" tabindex=\"-1\" rel=\"nofollow noopener\" target=\"_blank\"><img decoding=\"async\" class=\"atomsListingArticleTileWithSeparatedLink__tileImg\" loading=\"lazy\" src=\"https:\/\/www.europesays.com\/pl\/wp-content\/uploads\/2026\/04\/il20260225_957603619_medium.jpg\" data-image-type=\"articles\" alt=\"Anglik roztrzaska&#x142; g&#x142;&#xF3;wne wej&#x15B;cie Hotelu Go&#x142;&#x119;biewski w Karpaczu. Kuriozalny wypadek w sercu Karkonoszy. Policja publikuje nagranie\"\/><\/a><a class=\"atomsListingArticleTileWithSeparatedLink__titleLink\" href=\"https:\/\/gazetawroclawska.pl\/anglik-roztrzaskal-glowne-wejscie-hotelu-golebiewski-w-karpaczu-kuriozalny-wypadek-w-sercu-karkonoszy-policja-publikuje-nagranie\/ar\/c16p2-28755443\" title=\"Anglik roztrzaska&#x142; g&#x142;&#xF3;wne wej&#x15B;cie Hotelu Go&#x142;&#x119;biewski w Karpaczu. Kuriozalny wypadek w sercu Karkonoszy. Policja publikuje nagranie\" data-ec=\"atomsListingArticleTileWithSeparatedLink\" data-event-position-el=\"link\" rel=\"nofollow noopener\" target=\"_blank\">Anglik roztrzaska\u0142 g\u0142\u00f3wne wej\u015bcie Hotelu Go\u0142\u0119biewski w Karpaczu. Kuriozalny wypadek w sercu Karkonoszy. Policja publikuje nagranie<\/a><\/p>\n<p class=\"atomsListingArticleTileWithSeparatedLink__lead\">Na\u0107pany Anglik wjecha\u0142 w drzwi Hotelu Go\u0142\u0119biewski w Karpaczu. Uciekaj\u0105c, staranowa\u0142 oznakowany radiow\u00f3z. Teraz b\u0119dzie musia\u0142 s\u0142ono zap\u0142aci\u0107. Wszystko zapisa\u0142o&#8230;<\/p>\n<p>\n            25 lutego 2026, 9:57\n          <\/p>\n","protected":false},"excerpt":{"rendered":"Przemalowa\u0142 sprejem BMW i ucieka\u0142 przed legnick\u0105 policj\u0105. Bransoletk\u0119 z nogi zamieni na odsiadk\u0119 Nietypowy pojazd zwr\u00f3ci\u0142 uwag\u0119&hellip;\n","protected":false},"author":2,"featured_media":380103,"comment_status":"","ping_status":"","sticky":false,"template":"","format":"standard","meta":{"footnotes":"","_share_on_mastodon":"0"},"categories":[51607],"tags":[17214,68336,68335,42,38,40,39,41,572,2452,1853],"class_list":["post-380102","post","type-post","status-publish","format-standard","has-post-thumbnail","category-wroclaw","tag-dolnoslaskie","tag-jazda-pod-wplywem","tag-pirat-drogowy","tag-pl","tag-poland","tag-polish","tag-polska","tag-polski","tag-poscig","tag-wiezienie","tag-wroclaw"],"share_on_mastodon":{"url":"https:\/\/pubeurope.com\/@pl\/116441592196712114","error":""},"_links":{"self":[{"href":"https:\/\/www.europesays.com\/pl\/wp-json\/wp\/v2\/posts\/380102","targetHints":{"allow":["GET"]}}],"collection":[{"href":"https:\/\/www.europesays.com\/pl\/wp-json\/wp\/v2\/posts"}],"about":[{"href":"https:\/\/www.europesays.com\/pl\/wp-json\/wp\/v2\/types\/post"}],"author":[{"embeddable":true,"href":"https:\/\/www.europesays.com\/pl\/wp-json\/wp\/v2\/users\/2"}],"replies":[{"embeddable":true,"href":"https:\/\/www.europesays.com\/pl\/wp-json\/wp\/v2\/comments?post=380102"}],"version-history":[{"count":0,"href":"https:\/\/www.europesays.com\/pl\/wp-json\/wp\/v2\/posts\/380102\/revisions"}],"wp:featuredmedia":[{"embeddable":true,"href":"https:\/\/www.europesays.com\/pl\/wp-json\/wp\/v2\/media\/380103"}],"wp:attachment":[{"href":"https:\/\/www.europesays.com\/pl\/wp-json\/wp\/v2\/media?parent=380102"}],"wp:term":[{"taxonomy":"category","embeddable":true,"href":"https:\/\/www.europesays.com\/pl\/wp-json\/wp\/v2\/categories?post=380102"},{"taxonomy":"post_tag","embeddable":true,"href":"https:\/\/www.europesays.com\/pl\/wp-json\/wp\/v2\/tags?post=380102"}],"curies":[{"name":"wp","href":"https:\/\/api.w.org\/{rel}","templated":true}]}}