{"id":380199,"date":"2026-04-21T08:44:09","date_gmt":"2026-04-21T08:44:09","guid":{"rendered":"https:\/\/www.europesays.com\/pl\/380199\/"},"modified":"2026-04-21T08:44:09","modified_gmt":"2026-04-21T08:44:09","slug":"regulacje-5g-cyfrowa-polska-apeluje-o-zmiany-w-przepisach","status":"publish","type":"post","link":"https:\/\/www.europesays.com\/pl\/380199\/","title":{"rendered":"Regulacje 5G: Cyfrowa Polska apeluje o zmiany w przepisach"},"content":{"rendered":"<p> <img width=\"1200\" height=\"675\" src=\"https:\/\/www.europesays.com\/pl\/wp-content\/uploads\/2026\/04\/cyfrowa-polska-logo.jpg\" class=\"attachment-fullwidth size-fullwidth wp-post-image\" alt=\"\" decoding=\"async\" fetchpriority=\"high\"  \/><\/p>\n<p>Zwi\u0105zek Cyfrowa Polska przekaza\u0142 do Prezesa Urz\u0119du Komunikacji Elektronicznej uwagi dotycz\u0105ce plan\u00f3w zagospodarowania cz\u0119stotliwo\u015bci 3800-4200 MHz. Organizacja ostrzega, \u017ce zbyt restrykcyjne przepisy mog\u0105 utrudni\u0107 budow\u0119 prywatnych sieci 5G oraz rozw\u00f3j nowoczesnych us\u0142ug przemys\u0142owych.<\/p>\n<p>\u00a0<\/p>\n<p>Ryzyko dla rozwoju nowoczesnego przemys\u0142u<\/p>\n<p>Zwi\u0105zek Cyfrowa Polska wskazuje, \u017ce obecny projekt planu dla pasma 3800-4200 MHz zawiera zapisy, kt\u00f3re mog\u0105 sta\u0107 si\u0119 barier\u0105 dla transformacji cyfrowej krajowej gospodarki. Eksperci zwracaj\u0105 szczeg\u00f3ln\u0105 uwag\u0119 na ca\u0142kowity zakaz korzystania z urz\u0105dze\u0144 5G na pok\u0142adach statk\u00f3w powietrznych. Takie rozwi\u0105zanie jest oceniane jako nieproporcjonalne do faktycznego ryzyka zak\u0142\u00f3ce\u0144, a w konsekwencji grozi zablokowaniem innowacyjnych rozwi\u0105za\u0144 wykorzystuj\u0105cych drony. Bran\u017ca podkre\u015bla, \u017ce prywatne sieci 5G maj\u0105 istotne znaczenie dla bezpiecze\u0144stwa publicznego oraz sprawnego dzia\u0142ania infrastruktury krytycznej.<\/p>\n<p>\u00a0<\/p>\n<p><img loading=\"lazy\" decoding=\"async\" class=\"aligncenter size-large wp-image-66567 lazyload\" src=\"https:\/\/www.europesays.com\/pl\/wp-content\/uploads\/2026\/04\/5G-maszt-Vertiv-1024x683.jpg\" alt=\"\" width=\"1024\" height=\"683\"  \/><\/p>\n<p>\u00a0<\/p>\n<p>\u00a0<\/p>\n<p>Sp\u00f3r o szeroko\u015b\u0107 pasm ochronnych<\/p>\n<p>Kolejnym punktem spornym jest propozycja wprowadzenia 60-megahercowego pasma ochronnego w sytuacjach braku synchronizacji. Wed\u0142ug przedstawicieli sektora technologicznego jest to podej\u015bcie zbyt zachowawcze, kt\u00f3re niepotrzebnie uszczupla dost\u0119pne zasoby cz\u0119stotliwo\u015bci i podnosi koszty realizacji projekt\u00f3w. Zamiast szerokich bufor\u00f3w, organizacja sugeruje wi\u0119ksze zaufanie do nowoczesnych standard\u00f3w technicznych oraz optymalizacj\u0119 wykorzystania widma. Zdaniem bran\u017cy, sprawne zarz\u0105dzanie tymi zasobami ma fundamentalne znaczenie dla szybkiego wdra\u017cania nowej technologii.<\/p>\n<p>\u00a0<\/p>\n<p>Rekomendacje dla stabilnej infrastruktury<\/p>\n<p>Mimo krytycznych uwag, organizacja popiera og\u00f3lny kierunek dostosowania polskich przepis\u00f3w do ram europejskich, nazywaj\u0105c go milowym krokiem dla \u0142\u0105czno\u015bci. Micha\u0142 Kanownik, prezes Zwi\u0105zku Cyfrowa Polska, zaznacza, \u017ce proponowane przez nich korekty nie podwa\u017caj\u0105 g\u0142\u00f3wnego kierunku zmian, lecz maj\u0105 na celu lepsze dopasowanie prawa do rzeczywistych potrzeb rynkowych. Bran\u017ca rekomenduje r\u00f3wnie\u017c rozw\u00f3j us\u0142ug synchronizacji jako elementu infrastruktury krytycznej, co mog\u0142oby zwi\u0119kszy\u0107 odporno\u015b\u0107 system\u00f3w na zak\u0142\u00f3cenia. Od ostatecznego kszta\u0142tu tych regulacji zale\u017cy, jak szybko prywatne sieci 5G zostan\u0105 wdro\u017cone w kluczowych sektorach gospodarki.<\/p>\n","protected":false},"excerpt":{"rendered":"Zwi\u0105zek Cyfrowa Polska przekaza\u0142 do Prezesa Urz\u0119du Komunikacji Elektronicznej uwagi dotycz\u0105ce plan\u00f3w zagospodarowania cz\u0119stotliwo\u015bci 3800-4200 MHz. Organizacja ostrzega,&hellip;\n","protected":false},"author":2,"featured_media":380200,"comment_status":"","ping_status":"","sticky":false,"template":"","format":"standard","meta":{"footnotes":"","_share_on_mastodon":"0"},"categories":[12],"tags":[4170,68364,68365,42,38,40,39,41,7652,6140],"class_list":["post-380199","post","type-post","status-publish","format-standard","has-post-thumbnail","category-polska","tag-5g","tag-cyfrowa-polska","tag-czestotliwosci","tag-pl","tag-poland","tag-polish","tag-polska","tag-polski","tag-telekomunikacja","tag-uke"],"share_on_mastodon":{"url":"https:\/\/pubeurope.com\/@pl\/116441819823962216","error":""},"_links":{"self":[{"href":"https:\/\/www.europesays.com\/pl\/wp-json\/wp\/v2\/posts\/380199","targetHints":{"allow":["GET"]}}],"collection":[{"href":"https:\/\/www.europesays.com\/pl\/wp-json\/wp\/v2\/posts"}],"about":[{"href":"https:\/\/www.europesays.com\/pl\/wp-json\/wp\/v2\/types\/post"}],"author":[{"embeddable":true,"href":"https:\/\/www.europesays.com\/pl\/wp-json\/wp\/v2\/users\/2"}],"replies":[{"embeddable":true,"href":"https:\/\/www.europesays.com\/pl\/wp-json\/wp\/v2\/comments?post=380199"}],"version-history":[{"count":0,"href":"https:\/\/www.europesays.com\/pl\/wp-json\/wp\/v2\/posts\/380199\/revisions"}],"wp:featuredmedia":[{"embeddable":true,"href":"https:\/\/www.europesays.com\/pl\/wp-json\/wp\/v2\/media\/380200"}],"wp:attachment":[{"href":"https:\/\/www.europesays.com\/pl\/wp-json\/wp\/v2\/media?parent=380199"}],"wp:term":[{"taxonomy":"category","embeddable":true,"href":"https:\/\/www.europesays.com\/pl\/wp-json\/wp\/v2\/categories?post=380199"},{"taxonomy":"post_tag","embeddable":true,"href":"https:\/\/www.europesays.com\/pl\/wp-json\/wp\/v2\/tags?post=380199"}],"curies":[{"name":"wp","href":"https:\/\/api.w.org\/{rel}","templated":true}]}}