{"id":38021,"date":"2025-10-08T11:37:06","date_gmt":"2025-10-08T11:37:06","guid":{"rendered":"https:\/\/www.europesays.com\/pl\/38021\/"},"modified":"2025-10-08T11:37:06","modified_gmt":"2025-10-08T11:37:06","slug":"atak-z-powietrza-na-protestujacych-w-mjanmie-uzyto-paralotni-sa-ofiary","status":"publish","type":"post","link":"https:\/\/www.europesays.com\/pl\/38021\/","title":{"rendered":"Atak z powietrza na protestuj\u0105cych w Mjanmie. U\u017cyto paralotni, s\u0105 ofiary"},"content":{"rendered":"<p class=\"ods-c-paragraph \">Jak podaje BBC, do ataku dosz\u0142o wieczorem w poniedzia\u0142ek, 6 pa\u017adziernika. W mie\u015bcie Chaung-U, w \u015brodkowej cz\u0119\u015bci kraju, odby\u0142y si\u0119 obchody buddyjskiego \u015bwi\u0119ta Thadingyut Festival, po\u0142\u0105czone z protestem przeciwko juncie wojskowej, kt\u00f3ra przej\u0119\u0142a w\u0142adz\u0119 w kraju w 2021 r. Wzi\u0119\u0142o w nich udzia\u0142 ponad 100 os\u00f3b.<\/p>\n<p>Dalszy ci\u0105g artyku\u0142u pod materia\u0142em wideo<\/p>\n<p class=\"ods-c-paragraph \">Zgromadzenie mia\u0142o charakter pokojowego protestu przeciwko przymusowemu poborowi do wojska oraz zbli\u017caj\u0105cym si\u0119 wyborom. Uczestnicy domagali si\u0119 te\u017c uwolnienia wi\u0119\u017ani\u00f3w politycznych, w tym Aung San Suu Kyi \u2014 demokratycznie wybranej przyw\u00f3dczyni, obalonej i uwi\u0119zionej po zamachu stanu w 2021 r.<\/p>\n<p class=\"ods-c-paragraph \">W pewnym momencie nad protestuj\u0105cych nadlecia\u0142a paralotnia, z kt\u00f3rej zrzucono dwie bomby. W wyniku wybuchu zgin\u0119\u0142y co najmniej 24 osoby, a ponad 50 zosta\u0142o rannych. Wed\u0142ug tych, kt\u00f3rzy prze\u017cyli, atak trwa\u0142 zaledwie siedem minut. Jak relacjonowali, w\u015br\u00f3d ofiar znalaz\u0142y si\u0119 tak\u017ce dzieci.<\/p>\n<p>Atak na protestuj\u0105cych w Mjanmie. Junta coraz cz\u0119\u015bciej stosuje te metody   <\/p>\n<p class=\"ods-c-paragraph \">Wed\u0142ug Amnesty International junta wojskowa w <a href=\"https:\/\/wiadomosci.onet.pl\/mjanma-d-birma\" id=\"8926c942-ee7c-4fe0-9462-3d8d49e6ccc9\" rel=\"nofollow noopener\" target=\"_blank\">Mjanmnie<\/a> coraz cz\u0119\u015bciej korzysta z paralotni do t\u0142umienia cywilnych protest\u00f3w. Dzieje si\u0119 tak z powodu mi\u0119dzynarodowych sankcji na\u0142o\u017conych na w\u0142adze, co ogranicza im dost\u0119p do samolot\u00f3w i \u015bmig\u0142owc\u00f3w. Obok paralotni w\u0142adze wojskowe coraz cz\u0119\u015bciej korzystaj\u0105 te\u017c z dron\u00f3w, dostarczanych przez Chiny i Rosj\u0119.<\/p>\n<p class=\"ods-c-paragraph \">Joe Freeman, badacz Amnesty International, stwierdzi\u0142, \u017ce atak powinien by\u0107 makabrycznym sygna\u0142em ostrzegawczym, wskazuj\u0105cym na piln\u0105 potrzeb\u0119 ochrony cywil\u00f3w w Mjanmie. Wezwa\u0142 tak\u017ce Stowarzyszenie Narod\u00f3w Azji Po\u0142udniowo-Wschodniej do zwi\u0119kszenia presji na junt\u0119 i zmiany dotychczasowego podej\u015bcia, kt\u00f3re przez niemal pi\u0119\u0107 lat nie przynios\u0142o rezultat\u00f3w dla mieszka\u0144c\u00f3w Mjanmy.<\/p>\n<p class=\"ods-c-paragraph \">Od czasu przej\u0119cia w\u0142adzy przez armi\u0119 w 2021 r. w Mjanmie zgin\u0119\u0142y tysi\u0105ce ludzi, a miliony zosta\u0142y zmuszone do opuszczenia swoich dom\u00f3w. Konflikt przerodzi\u0142 si\u0119 w wojn\u0119 domow\u0105 z udzia\u0142em uzbrojonych grup oporu oraz milicji etnicznych.<\/p>\n<p class=\"ods-c-paragraph \">Junta cz\u0119\u015bciowo utraci\u0142a kontrol\u0119 nad krajem, jednak zaczyna odrabia\u0107 straty dzi\u0119ki nasilonym nalotom i bombardowaniom. Region Sagaing, gdzie dosz\u0142o do poniedzia\u0142kowego ataku, od dawna jest jednym z g\u0142\u00f3wnych obszar\u00f3w walk. Znaczna cz\u0119\u015b\u0107 tego terenu znajduje si\u0119 pod kontrol\u0105 milicji, powsta\u0142ych po zamachu stanu w celu walki z rz\u0105dem.<\/p>\n<p class=\"ods-c-paragraph \">W grudniu w Mjanmie maj\u0105 si\u0119 odby\u0107 wybory parlamentarne, kt\u00f3re b\u0119d\u0105 pierwszym g\u0142osowaniem od czasu przewrotu wojskowego w 2021 r. Krytycy, na kt\u00f3rych powo\u0142uje si\u0119 BBC, podkre\u015blaj\u0105 jednak, \u017ce nie b\u0119d\u0105 one ani wolne, ani uczciwe, co pozwoli wojsku utrzyma\u0107 pe\u0142ni\u0119 w\u0142adzy w kraju.<\/p>\n","protected":false},"excerpt":{"rendered":"Jak podaje BBC, do ataku dosz\u0142o wieczorem w poniedzia\u0142ek, 6 pa\u017adziernika. W mie\u015bcie Chaung-U, w \u015brodkowej cz\u0119\u015bci kraju,&hellip;\n","protected":false},"author":2,"featured_media":38022,"comment_status":"","ping_status":"","sticky":false,"template":"","format":"standard","meta":{"footnotes":""},"categories":[14],"tags":[32,33,27,34,35,11003,28,31,48,25,46,40,41,47,80,29,30,26,82,83,84],"class_list":{"0":"post-38021","1":"post","2":"type-post","3":"status-publish","4":"format-standard","5":"has-post-thumbnail","7":"category-swiat","8":"tag-breaking-news","9":"tag-breakingnews","10":"tag-headlines","11":"tag-latest-news","12":"tag-latestnews","13":"tag-mjanma","14":"tag-naglowki","15":"tag-najwazniejsze-artykuly","16":"tag-nat_styl","17":"tag-news","18":"tag-omp","19":"tag-polish","20":"tag-polski","21":"tag-screening_general","22":"tag-swiat","23":"tag-top-stories","24":"tag-topstories","25":"tag-wiadomosci","26":"tag-world","27":"tag-world-news","28":"tag-worldnews"},"share_on_mastodon":{"url":"","error":""},"_links":{"self":[{"href":"https:\/\/www.europesays.com\/pl\/wp-json\/wp\/v2\/posts\/38021","targetHints":{"allow":["GET"]}}],"collection":[{"href":"https:\/\/www.europesays.com\/pl\/wp-json\/wp\/v2\/posts"}],"about":[{"href":"https:\/\/www.europesays.com\/pl\/wp-json\/wp\/v2\/types\/post"}],"author":[{"embeddable":true,"href":"https:\/\/www.europesays.com\/pl\/wp-json\/wp\/v2\/users\/2"}],"replies":[{"embeddable":true,"href":"https:\/\/www.europesays.com\/pl\/wp-json\/wp\/v2\/comments?post=38021"}],"version-history":[{"count":0,"href":"https:\/\/www.europesays.com\/pl\/wp-json\/wp\/v2\/posts\/38021\/revisions"}],"wp:featuredmedia":[{"embeddable":true,"href":"https:\/\/www.europesays.com\/pl\/wp-json\/wp\/v2\/media\/38022"}],"wp:attachment":[{"href":"https:\/\/www.europesays.com\/pl\/wp-json\/wp\/v2\/media?parent=38021"}],"wp:term":[{"taxonomy":"category","embeddable":true,"href":"https:\/\/www.europesays.com\/pl\/wp-json\/wp\/v2\/categories?post=38021"},{"taxonomy":"post_tag","embeddable":true,"href":"https:\/\/www.europesays.com\/pl\/wp-json\/wp\/v2\/tags?post=38021"}],"curies":[{"name":"wp","href":"https:\/\/api.w.org\/{rel}","templated":true}]}}