{"id":380214,"date":"2026-04-21T08:53:07","date_gmt":"2026-04-21T08:53:07","guid":{"rendered":"https:\/\/www.europesays.com\/pl\/380214\/"},"modified":"2026-04-21T08:53:07","modified_gmt":"2026-04-21T08:53:07","slug":"co-po-spotkaniu-morawieckiego-i-kaczynskiego-faza-walki-wewnetrznej","status":"publish","type":"post","link":"https:\/\/www.europesays.com\/pl\/380214\/","title":{"rendered":"Co po spotkaniu Morawieckiego i Kaczy\u0144skiego? &#8222;Faza walki wewn\u0119trznej&#8221;"},"content":{"rendered":"<p class=\"Paragraph_desktopParagraph__U31Gm\">\u2014 Adam Bielan od wielu tygodni jest wok\u00f3\u0142 Mateusza Morawieckiego, s\u0105 bli\u017cej ni\u017c kiedykolwiek. On lata do USA, \u017ceby zbudowa\u0107 mu kontakty z ruchem MAGA. To oznacza, \u017ce na tym zdj\u0119ciu jest prezes i dw\u00f3ch tzw. harcerzy; nie ma nikogo z frakcji tzw. ma\u015blarzy. To oznacza jedno \u2014 prezes powiedzia\u0142 Morawieckiemu, \u017ce on mo\u017ce dzia\u0142a\u0107 razem ze swoim stowarzyszeniem \u2014 twierdzi go\u015bcini Marcina Zawady.<\/p>\n<p class=\"Paragraph_desktopParagraph__U31Gm\">Czytaj: <a href=\"https:\/\/wiadomosci.onet.pl\/kraj\/mateusz-morawiecki-spelnil-zapowiedzi-ci-politycy-dolacza-do-jego-stowarzyszenia\/g5q0kdg\" id=\"11b14750-ea30-4433-b274-639949b90698\" rel=\"nofollow noopener\" target=\"_blank\">Morawiecki za\u0142o\u017cy\u0142 stowarzyszenie, w PiS zawrza\u0142o. Na li\u015bcie znane nazwiska<\/a><\/p>\n<p>Co dalej po spotkaniu Morawieckiego i Kaczy\u0144skiego? &#8222;Teraz przychodzi faza walki wewn\u0119trznej&#8221; <\/p>\n<p class=\"Paragraph_desktopParagraph__U31Gm\">&#8222;Harcerze&#8221;, o kt\u00f3rych m\u00f3wi Dominika D\u0142ugosz, to frakcja skupiona wok\u00f3\u0142 by\u0142ego premiera. Jej cz\u0142onkowie pozytywnie oceniaj\u0105 jego rz\u0105dy i krytykuj\u0105 zbyt du\u017cy wp\u0142yw polityk\u00f3w dawnej Solidarnej\/Suwerennej Polski na parti\u0119. Z kolei &#8222;ma\u015blarze&#8221;, do kt\u00f3rych zaliczany jest m.in. europose\u0142 Patryk Jaki, zarzucaj\u0105 Morawieckiemu zbytni\u0105 uleg\u0142o\u015b\u0107 wobec UE.<\/p>\n<p class=\"Paragraph_desktopParagraph__U31Gm\">Czytaj: <a href=\"https:\/\/wiadomosci.onet.pl\/kraj\/jaroslaw-kaczynski-spotkal-sie-z-mateuszem-morawieckim-kulisy-rozmowy\/dw1n7fs\" id=\"be468eca-4cca-4b02-9da6-b28e0838f304\" rel=\"nofollow noopener\" target=\"_blank\">Jaros\u0142aw Kaczy\u0144ski spotka\u0142 si\u0119 z Mateuszem Morawieckim. Kulisy rozmowy<\/a><\/p>\n<p class=\"Paragraph_desktopParagraph__U31Gm\">\u2014 Teraz przychodzi faza walki wewn\u0119trznej. Oni [ma\u015blarze] teraz b\u0119d\u0105 chodzi\u0107 do prezesa, b\u0119d\u0105 siedzieli na Nowogrodzkiej i m\u00f3wili, \u017ce za mi\u0119kko posz\u0142o, \u017ce on musi pokaza\u0107 Morawieckiemu, kto tu rz\u0105dzi, bo to si\u0119 sko\u0144czy upadkiem PiS. A potem znowu tzw. harcerze b\u0119d\u0105 pr\u00f3bowali przekona\u0107 do siebie prezesa. I tak w k\u00f3\u0142ko \u2014 ocenia dziennikarka.<\/p>\n<p>O co chodzi Morawieckiemu? &#8222;On chce przej\u0105\u0107 parti\u0119&#8221; <\/p>\n<p class=\"Paragraph_desktopParagraph__U31Gm\">\u2014 Morawiecki gra na to, \u017ceby zosta\u0107 liderem PiS. Oni chc\u0105 przej\u0105\u0107 t\u0119 parti\u0119, chce by\u0107 sukcesorem Jaros\u0142awa Kaczy\u0144skiego. Nic mu zreszt\u0105 nie da rozbicie PiS. Je\u015bli Morawieckiemu si\u0119 to nie uda, to on b\u0119dzie musia\u0142 odej\u015b\u0107, bo dla cz\u0119\u015bci PiS on jest nie do zaakceptowania \u2014 podkre\u015bla.<\/p>\n<p class=\"Paragraph_desktopParagraph__U31Gm\">Zobacz: <a href=\"https:\/\/wiadomosci.onet.pl\/kraj\/jaroslaw-kaczynski-spotkal-sie-z-mateuszem-morawieckim-fala-komentarzy\/y9rppex\" id=\"bdf3c1ae-f317-4573-a2b9-98f8194050ae\" rel=\"nofollow noopener\" target=\"_blank\">Mateusz Morawiecki spotka\u0142 si\u0119 z prezesem PiS. Sie\u0107 obieg\u0142y komentarze<\/a><\/p>\n<p class=\"Paragraph_desktopParagraph__U31Gm\">Dominika D\u0142ugosz uwa\u017ca zreszt\u0105, \u017ce PiS b\u0119dzie prawdopodobnie szed\u0142 w stron\u0119 wyborc\u00f3w &#8222;nowej prawicy&#8221;, czyli Konfederacji, a w partii w takim kszta\u0142cie dla Morawieckiego nie b\u0119dzie miejsca.<\/p>\n<p class=\"Paragraph_desktopParagraph__U31Gm\">\u2014 Prezes i PiS s\u0105 najs\u0142absi od lat nie przez Morawieckiego, ale dlatego, \u017ce wyros\u0142y im dwie si\u0142y \u2014 Konfederacja i ob\u00f3z Brauna \u2014 podsumowuje dziennikarka.<\/p>\n","protected":false},"excerpt":{"rendered":"\u2014 Adam Bielan od wielu tygodni jest wok\u00f3\u0142 Mateusza Morawieckiego, s\u0105 bli\u017cej ni\u017c kiedykolwiek. On lata do USA,&hellip;\n","protected":false},"author":2,"featured_media":380215,"comment_status":"","ping_status":"","sticky":false,"template":"","format":"standard","meta":{"footnotes":"","_share_on_mastodon":"0"},"categories":[12],"tags":[9968,32,33,18593,36,37,66,27,47614,34,35,29926,3946,28,31,53,25,3935,52,68,51,55,42,38,40,39,41,47,29,30,65,50,26],"class_list":["post-380214","post","type-post","status-publish","format-standard","has-post-thumbnail","category-polska","tag-adam_bielan","tag-breaking-news","tag-breakingnews","tag-dominika_dlugosz","tag-featured-news","tag-featurednews","tag-give_me_perspective","tag-headlines","tag-jaroslaw_kaczynski_polityk","tag-latest-news","tag-latestnews","tag-marcin_zawada","tag-mateusz_morawiecki","tag-naglowki","tag-najwazniejsze-artykuly","tag-new_header","tag-news","tag-onet_rano_program_wideo","tag-onet3","tag-onet3d","tag-onet3d_2i","tag-phx","tag-pl","tag-poland","tag-polish","tag-polska","tag-polski","tag-screening_general","tag-top-stories","tag-topstories","tag-update_me","tag-v2021","tag-wiadomosci"],"share_on_mastodon":{"url":"","error":"Validation failed: Text character limit of 500 exceeded"},"_links":{"self":[{"href":"https:\/\/www.europesays.com\/pl\/wp-json\/wp\/v2\/posts\/380214","targetHints":{"allow":["GET"]}}],"collection":[{"href":"https:\/\/www.europesays.com\/pl\/wp-json\/wp\/v2\/posts"}],"about":[{"href":"https:\/\/www.europesays.com\/pl\/wp-json\/wp\/v2\/types\/post"}],"author":[{"embeddable":true,"href":"https:\/\/www.europesays.com\/pl\/wp-json\/wp\/v2\/users\/2"}],"replies":[{"embeddable":true,"href":"https:\/\/www.europesays.com\/pl\/wp-json\/wp\/v2\/comments?post=380214"}],"version-history":[{"count":0,"href":"https:\/\/www.europesays.com\/pl\/wp-json\/wp\/v2\/posts\/380214\/revisions"}],"wp:featuredmedia":[{"embeddable":true,"href":"https:\/\/www.europesays.com\/pl\/wp-json\/wp\/v2\/media\/380215"}],"wp:attachment":[{"href":"https:\/\/www.europesays.com\/pl\/wp-json\/wp\/v2\/media?parent=380214"}],"wp:term":[{"taxonomy":"category","embeddable":true,"href":"https:\/\/www.europesays.com\/pl\/wp-json\/wp\/v2\/categories?post=380214"},{"taxonomy":"post_tag","embeddable":true,"href":"https:\/\/www.europesays.com\/pl\/wp-json\/wp\/v2\/tags?post=380214"}],"curies":[{"name":"wp","href":"https:\/\/api.w.org\/{rel}","templated":true}]}}