{"id":380232,"date":"2026-04-21T09:04:11","date_gmt":"2026-04-21T09:04:11","guid":{"rendered":"https:\/\/www.europesays.com\/pl\/380232\/"},"modified":"2026-04-21T09:04:11","modified_gmt":"2026-04-21T09:04:11","slug":"umcs-miasto-lublin-i-szkoly-na-rzecz-mlodych-talentow-kwiecien-2026-aktualnosci-centrum-prasowe-umcs","status":"publish","type":"post","link":"https:\/\/www.europesays.com\/pl\/380232\/","title":{"rendered":"UMCS, Miasto Lublin i szko\u0142y na rzecz m\u0142odych talent\u00f3w &#8211; Kwiecie\u0144 &#8211; 2026 &#8211; Aktualno\u015bci &#8211; Centrum Prasowe UMCS"},"content":{"rendered":"<p>Uniwersytet Marii Curie-Sk\u0142odowskiej w Lublinie podpisa\u0142 list intencyjny z Miastem Lublin, III Liceum Og\u00f3lnokszta\u0142c\u0105cym im. Unii Lubelskiej oraz Prywatnymi Szko\u0142ami im. Kr\u00f3lowej Jadwigi w Lublinie dotycz\u0105cy wsp\u00f3\u0142pracy przy realizacji Programu Otwartych K\u00f3\u0142 Olimpijskich.<\/p>\n<p>                <a class=\"inner fancybox\" href=\"https:\/\/phavi.umcs.pl\/ph\/r,1024,800\/multimedia\/2026\/0420\/143705-ea6a3675-dxo-lowres.jpg\" rel=\"nofollow noopener\" target=\"_blank\"><br \/>\n                    <img decoding=\"async\" class=\"img\" src=\"https:\/\/www.europesays.com\/pl\/wp-content\/uploads\/2026\/04\/143705-ea6a3675-dxo-lowres.jpg\" alt=\"UMCS, Miasto Lublin i szko\u0142y na rzecz m\u0142odych talent\u00f3w \"\/><br \/>\n                <\/a><\/p>\n<p>20 kwietnia w bibliotece na Wydziale Matematyki, Fizyki i Informatyki UMCS odby\u0142a si\u0119 konferencja w tej sprawie, w kt\u00f3rej wzi\u0119li udzia\u0142: prof. Rados\u0142aw Dobrowolski \u2013 rektor UMCS, prof. Dorota Ko\u0142ody\u0144ska \u2013 prorektor ds. student\u00f3w i jako\u015bci kszta\u0142cenia UMCS, dr Krzysztof \u017buk \u2013 prezydent Lublina, dr Mariusz Banach \u2013 zast\u0119pca prezydenta ds. o\u015bwiaty i wychowania, Grzegorz Lech \u2013 dyrektor III Liceum Og\u00f3lnokszta\u0142c\u0105cego im. Unii Lubelskiej, Grzegorz Szymczak \u2013 w\u0142a\u015bciciel Prywatnych Szk\u00f3\u0142 im. Kr\u00f3lowej Jadwigi.\u00a0W wydarzeniu uczestniczyli tak\u017ce: Anna Bukowska i Edyta Tylega z Uniwersytetu Dzieci\u0119cego UMCS, przedstawicielki Wydzia\u0142u O\u015bwiaty i Wychowania UML oraz nauczyciele i uczniowie z lubelskich szk\u00f3\u0142 ponadpodstawowych \u2013 finali\u015bci i laureaci olimpiad.<\/p>\n<p>Uniwersytet Dzieci\u0119cy UMCS we wsp\u00f3\u0142pracy z lubelskimi szko\u0142ami od 2017 r. organizuj\u0105 zaj\u0119cia przygotowuj\u0105ce do udzia\u0142u w olimpiadach przedmiotowych. Celem programu jest wsparcie uczni\u00f3w \u2013 pasjonat\u00f3w nauki, w rozwijaniu ich kompetencji i zanteresowa\u0144 z wybranych przedmiot\u00f3w.<\/p>\n<p>\u2013 Pomys\u0142 Otwartch K\u00f3\u0142 Olimpijskich narodzi\u0142 si\u0119 kilka lat temu i dzi\u015b wkracza na wy\u017cszy poziom. Podpisanie listu intencyjnego stanowi kolejny, wa\u017cny etap rozwoju wsp\u00f3\u0142pracy pomi\u0119dzy Uniwersytetem Marii Curie-Sk\u0142odowskiej, Miastem oraz szko\u0142ami partnerskimi. Ciesz\u0119 si\u0119, \u017ce dzi\u0119ki wsparciu w\u0142adz miejskich mo\u017cemy wsp\u00f3lnie dzia\u0142a\u0107 na rzecz podnoszenia jako\u015bci edukacji oraz rozwoju uzdolnionej m\u0142odzie\u017cy \u2013 podkre\u015bla\u0142 podczas spotkania prof. Rados\u0142aw Dobrowolski.<\/p>\n<p>W ramach planowanej wsp\u00f3\u0142pracy samorz\u0105d Miasta Lublin deklaruje wsparcie finansowe, a tak\u017ce zaanga\u017cowanie organizacyjne i promocyjne od roku szkolnego 2026\/2027.<\/p>\n<p>\u2013 Program Otwartych K\u00f3\u0142 Olimpijskich to inwestycja w rozw\u00f3j m\u0142odych talent\u00f3w i\u00a0wzmacnianie potencja\u0142u edukacyjnego Lublina. Chcemy stworzy\u0107 uczennicom i uczniom jak najlepsze warunki do rozwijania pasji oraz osi\u0105gania sukces\u00f3w na szczeblu krajowym i\u00a0mi\u0119dzynarodowym. Wsp\u00f3\u0142praca z uczelni\u0105 i partnerami edukacyjnymi pozwali nam skuteczniej wspiera\u0107 najzdolniejszych i budowa\u0107 silne zaplecze przysz\u0142ych kadr \u2013 m\u00f3wi\u0142 dr Krzysztof \u017buk.<\/p>\n<p>Otwarte Ko\u0142a Olimpijskie na UMCS wspieraj\u0105 uczni\u00f3w w przygotowaniach do olimpiad z\u00a0zakresu fizyki, chemii, matematyki, lingwistyki matematycznej, geografii, informatyki, wiedzy o\u00a0spo\u0142ecze\u0144stwie, sztucznej inteligencji, statystyki oraz \u2013 od kolejnego roku szkolnego \u2013 j\u0119zyka polskiego.<\/p>\n<p>\u2013 Zaj\u0119cia przede wszystkim pomagaj\u0105 m\u0142odym ludziom zdoby\u0107 praktyczne do\u015bwiadczenie. Uczniowie maj\u0105 mo\u017cliwo\u015b\u0107 prowadzenia eksperyment\u00f3w w laboratoriach UMCS oraz rozwijania umiej\u0119tno\u015bci analitycznych i badawczych. W dzia\u0142alno\u015b\u0107 k\u00f3\u0142 anga\u017cuje si\u0119 bardzo utalentowana m\u0142odzie\u017c, wi\u0119c mo\u017cna powiedzie\u0107, \u017ce to w pewnym sensie te\u017c wy\u0142apywanie m\u0142odych talent\u00f3w \u2013 zaznaczy\u0142a prof. Dorota Ko\u0142ody\u0144ska.<\/p>\n<p>Kursy realizowane s\u0105 na Wydziale Matematyki, Fizyki i Informatyki oraz Wydziale Chemii UMCS, a\u00a0tak\u017ce w lubelskich szko\u0142ach. Przygotowanie uczni\u00f3w do udzia\u0142u w olimpiadach przedmiotowych stanowi wymagaj\u0105cy proces, anga\u017cuj\u0105cy w znacznym stopniu zar\u00f3wno uczni\u00f3w, jak i nauczycieli.\u00a0Nie ka\u017cdy pedagog podejmuje si\u0119 tego typu wyzwania, jednak inicjatywa OKO na UMCS skupia wybitne i zaanga\u017cowane osoby, co przek\u0142ada si\u0119 na wysok\u0105 skuteczno\u015b\u0107 i liczne sukcesy.<\/p>\n<p>\u2013 Uczestnictwo w kole da\u0142o mi nie tylko mo\u017cliwo\u015b\u0107 pomocy w odpowiednim przygotowaniu si\u0119 do olimpiady, ale te\u017c by\u0142a to okazja do poznania ludzi o podobnych zainteresowaniach \u2013 przekonywa\u0142 Maurycy Burek, laureat tegorocznej 72. Olimpiady Chemicznej.<\/p>\n<p>Warto odnotowa\u0107, \u017ce uczestnicy Otwartych K\u00f3\u0142 Olimpijskich w 2024 roku zdobyli najwi\u0119cej tytu\u0142\u00f3w finalist\u00f3w w\u00a0historii wojew\u00f3dztwa lubelskiego. Istotn\u0105 rol\u0119 zaj\u0119\u0107 podkre\u015bla\u0142 te\u017c nauczyciel wiedzy o spo\u0142ecze\u0144stwie,\u00a0Krzysztof Nied\u017awied\u017a.<\/p>\n<p>\u2013 OKO na UMCS to wspania\u0142a inicjatywa skierowana do uczni\u00f3w z ca\u0142ego regionu. Staramy si\u0119 przybli\u017cy\u0107 tematyk\u0119 olimpijsk\u0105 i pom\u00f3c m\u0142odzie\u017cy, \u017ceby jak najlepiej wypad\u0142a podczas etap\u00f3w okr\u0119gowych. Cieszy nas, \u017ce m\u0142odzi ludzie ch\u0119tnie uczestnicz\u0105 w zaj\u0119ciach, chc\u0105 zg\u0142\u0119bia\u0107 wiedz\u0119, rywalizowa\u0107 w olimpiadach, co przybli\u017ca ich w dalszej perspektywie do otrzymania indeks\u00f3w na studia czy stypendi\u00f3w. Nasi uczniowie osi\u0105gaj\u0105 liczne sukcesy, z regionu lubelskiego w tym roku mieli\u015bmy a\u017c sze\u015bciu finalist\u00f3w olimpiady z WOS\u00a0\u2013 m\u00f3wi\u0142 nauczyciel.<\/p>\n<p>Wsp\u00f3\u0142praca z partnerami samorz\u0105dowymi i szko\u0142ami w ramach Otwartych K\u00f3\u0142 Olimpijskich przyczynia si\u0119 do wzmocnienia wizerunku Uniwersytetu Marii Curie-Sk\u0142odowskiej jako uczelni zaanga\u017cowanej w \u017cycie regionu oraz aktywnie wspieraj\u0105cej rozw\u00f3j m\u0142odych talent\u00f3w.<\/p>\n<p>Fot. Bartosz Proll<\/p>\n","protected":false},"excerpt":{"rendered":"Uniwersytet Marii Curie-Sk\u0142odowskiej w Lublinie podpisa\u0142 list intencyjny z Miastem Lublin, III Liceum Og\u00f3lnokszta\u0142c\u0105cym im. Unii Lubelskiej oraz&hellip;\n","protected":false},"author":2,"featured_media":380233,"comment_status":"","ping_status":"","sticky":false,"template":"","format":"standard","meta":{"footnotes":"","_share_on_mastodon":"0"},"categories":[51612],"tags":[68389,68375,57471,68381,57479,68378,68383,68382,10820,68385,68384,61460,1081,68387,68388,68377,68379,42,38,40,39,41,1005,34763,57474,57470,34499,48325,59463,27344,55036,68376,68380,56287,68386],"class_list":["post-380232","post","type-post","status-publish","format-standard","has-post-thumbnail","category-lublin","tag-banach","tag-bibliotece","tag-dobrowolski","tag-dorota","tag-fizyki","tag-informatyki","tag-jakosci","tag-kolodynska","tag-konferencja","tag-krzysztof","tag-ksztalcenia","tag-kwietnia","tag-lublin","tag-lublina","tag-mariusz","tag-matematyki","tag-odbyla","tag-pl","tag-poland","tag-polish","tag-polska","tag-polski","tag-prezydent","tag-prof","tag-prorektor","tag-radoslaw","tag-rektor","tag-sprawie","tag-studentow","tag-udzial","tag-umcs","tag-wydziale","tag-wzieli","tag-zastepca","tag-zuk"],"share_on_mastodon":{"url":"https:\/\/pubeurope.com\/@pl\/116441898361468416","error":""},"_links":{"self":[{"href":"https:\/\/www.europesays.com\/pl\/wp-json\/wp\/v2\/posts\/380232","targetHints":{"allow":["GET"]}}],"collection":[{"href":"https:\/\/www.europesays.com\/pl\/wp-json\/wp\/v2\/posts"}],"about":[{"href":"https:\/\/www.europesays.com\/pl\/wp-json\/wp\/v2\/types\/post"}],"author":[{"embeddable":true,"href":"https:\/\/www.europesays.com\/pl\/wp-json\/wp\/v2\/users\/2"}],"replies":[{"embeddable":true,"href":"https:\/\/www.europesays.com\/pl\/wp-json\/wp\/v2\/comments?post=380232"}],"version-history":[{"count":0,"href":"https:\/\/www.europesays.com\/pl\/wp-json\/wp\/v2\/posts\/380232\/revisions"}],"wp:featuredmedia":[{"embeddable":true,"href":"https:\/\/www.europesays.com\/pl\/wp-json\/wp\/v2\/media\/380233"}],"wp:attachment":[{"href":"https:\/\/www.europesays.com\/pl\/wp-json\/wp\/v2\/media?parent=380232"}],"wp:term":[{"taxonomy":"category","embeddable":true,"href":"https:\/\/www.europesays.com\/pl\/wp-json\/wp\/v2\/categories?post=380232"},{"taxonomy":"post_tag","embeddable":true,"href":"https:\/\/www.europesays.com\/pl\/wp-json\/wp\/v2\/tags?post=380232"}],"curies":[{"name":"wp","href":"https:\/\/api.w.org\/{rel}","templated":true}]}}