{"id":380582,"date":"2026-04-21T12:23:11","date_gmt":"2026-04-21T12:23:11","guid":{"rendered":"https:\/\/www.europesays.com\/pl\/380582\/"},"modified":"2026-04-21T12:23:11","modified_gmt":"2026-04-21T12:23:11","slug":"jaroslaw-rabenda-wygral-konkurs-na-dyrektora-teatru-powszechnego-to-wieloletni-aktor-radomskiej-sceny","status":"publish","type":"post","link":"https:\/\/www.europesays.com\/pl\/380582\/","title":{"rendered":"Jaros\u0142aw Rabenda wygra\u0142 konkurs na dyrektora Teatru Powszechnego. To wieloletni aktor radomskiej sceny"},"content":{"rendered":"<p>\u00a0<\/p>\n<p><a href=\"https:\/\/www.europesays.com\/pl\/wp-content\/uploads\/2026\/03\/P1220509.jpg\" data-rel=\"lightbox-image-0\" data-rl_title=\"\" data-rl_caption=\"\" title=\"\"><img loading=\"lazy\" decoding=\"async\" aria-describedby=\"caption-attachment-183147\" class=\"size-full wp-image-183147\" src=\"https:\/\/www.europesays.com\/pl\/wp-content\/uploads\/2026\/03\/P1220509.jpg\" alt=\"\" width=\"1200\" height=\"900\"\/><\/a><\/p>\n<p id=\"caption-attachment-183147\" class=\"wp-caption-text\">Jaros\u0142aw Rabenda<\/p>\n<p>\u00a0<\/p>\n<p>W konkursie na dyrektora radomskiej sceny wzi\u0119\u0142o udzia\u0142 czterech kandydat\u00f3w. Byli w\u015br\u00f3d nich m.in. krytyk teatralny Roman Paw\u0142owski-Felberga i Ryszard Adamski. Ze wszystkimi komisja przeprowadzi\u0142a rozmowy.<\/p>\n<p>&#8211; Rekomendacja komisji zostanie teraz przedstawiona prezydentowi Radomia, do kt\u00f3rego nale\u017cy ostateczna decyzja w sprawie powo\u0142ania dyrektora. Jego kadencja rozpocznie si\u0119 1 wrze\u015bnia, czyli wraz z pocz\u0105tkiem sezonu artystycznego &#8211; poinformowa\u0142o biuro prasowe urz\u0119du miejskiego.<\/p>\n<p>Jaros\u0142aw Rabenda z Teatrem Powszechnym zwi\u0105zany jest od wielu lat, najpierw jako aktor, a od jesieni zesz\u0142ego roku jest pe\u0142ni\u0105cym obowi\u0105zki dyrektora.<\/p>\n<p>Rabenda startowa\u0142\u00a0 tak\u017ce w poprzednim konkursie na szefa &#8222;Powszechnego&#8221;, ale prezydent uniewa\u017cni\u0142 tamto post\u0119powanie, poniewa\u017c \u017caden z kandydat\u00f3w nie zdoby\u0142 wi\u0119kszo\u015bci g\u0142os\u00f3w.<\/p>\n<p>Jaros\u0142aw Rabenda b\u0119dzie pe\u0142ni\u0142 sw\u0105 funkcj\u0119 przez trzy lata.<\/p>\n<p>bdb\u00a0<\/p>\n","protected":false},"excerpt":{"rendered":"\u00a0 Jaros\u0142aw Rabenda \u00a0 W konkursie na dyrektora radomskiej sceny wzi\u0119\u0142o udzia\u0142 czterech kandydat\u00f3w. Byli w\u015br\u00f3d nich m.in.&hellip;\n","protected":false},"author":2,"featured_media":326202,"comment_status":"","ping_status":"","sticky":false,"template":"","format":"standard","meta":{"footnotes":"","_share_on_mastodon":"0"},"categories":[51605],"tags":[10556,5329,42,38,40,39,41,52523,2913,52524,435],"class_list":["post-380582","post","type-post","status-publish","format-standard","has-post-thumbnail","category-warszawa","tag-dyrektor","tag-konkurs","tag-pl","tag-poland","tag-polish","tag-polska","tag-polski","tag-rabenda","tag-radom","tag-teatr-powszechny","tag-warszawa"],"share_on_mastodon":{"url":"https:\/\/pubeurope.com\/@pl\/116442680787590652","error":""},"_links":{"self":[{"href":"https:\/\/www.europesays.com\/pl\/wp-json\/wp\/v2\/posts\/380582","targetHints":{"allow":["GET"]}}],"collection":[{"href":"https:\/\/www.europesays.com\/pl\/wp-json\/wp\/v2\/posts"}],"about":[{"href":"https:\/\/www.europesays.com\/pl\/wp-json\/wp\/v2\/types\/post"}],"author":[{"embeddable":true,"href":"https:\/\/www.europesays.com\/pl\/wp-json\/wp\/v2\/users\/2"}],"replies":[{"embeddable":true,"href":"https:\/\/www.europesays.com\/pl\/wp-json\/wp\/v2\/comments?post=380582"}],"version-history":[{"count":0,"href":"https:\/\/www.europesays.com\/pl\/wp-json\/wp\/v2\/posts\/380582\/revisions"}],"wp:featuredmedia":[{"embeddable":true,"href":"https:\/\/www.europesays.com\/pl\/wp-json\/wp\/v2\/media\/326202"}],"wp:attachment":[{"href":"https:\/\/www.europesays.com\/pl\/wp-json\/wp\/v2\/media?parent=380582"}],"wp:term":[{"taxonomy":"category","embeddable":true,"href":"https:\/\/www.europesays.com\/pl\/wp-json\/wp\/v2\/categories?post=380582"},{"taxonomy":"post_tag","embeddable":true,"href":"https:\/\/www.europesays.com\/pl\/wp-json\/wp\/v2\/tags?post=380582"}],"curies":[{"name":"wp","href":"https:\/\/api.w.org\/{rel}","templated":true}]}}