{"id":381003,"date":"2026-04-21T16:23:26","date_gmt":"2026-04-21T16:23:26","guid":{"rendered":"https:\/\/www.europesays.com\/pl\/381003\/"},"modified":"2026-04-21T16:23:26","modified_gmt":"2026-04-21T16:23:26","slug":"lodz-prace-torowe-na-kosciuszki-i-placu-reymonta-bez-konkretnych-dat","status":"publish","type":"post","link":"https:\/\/www.europesays.com\/pl\/381003\/","title":{"rendered":"\u0141\u00f3d\u017a. Prace torowe na Ko\u015bciuszki i Placu Reymonta bez konkretnych dat"},"content":{"rendered":"<p>Niedawno zako\u0144czy\u0142y si\u0119 prace na w\u0119\u017ale przy Placu Niepodleg\u0142o\u015bci. Jednak to nie koniec tegorocznych remont\u00f3w torowisk w \u0141odzi. Chocia\u017c znane s\u0105 kolejne lokalizacje, to pytania o terminy rozpocz\u0119cia prac pozostaj\u0105 bez konkretnych odpowiedzi.  <\/p>\n<p>Zima, kt\u00f3ra na prze\u0142omie 2025 i 2026 roku pokaza\u0142a niespotykane w ostatnich latach oblicze, pokrzy\u017cowa\u0142a plany miasta. Sytuacja ta dotyczy\u0142a nie tylko realizowanych ju\u017c inwestycji, ale tak\u017ce bie\u017c\u0105cych remont\u00f3w utrzymaniowych. Zak\u0142adu Tor\u00f3w i Sieci MPK \u0141\u00f3d\u017a by\u0142 w zawieszeniu w kwestii prac stricte budowlanych.  <\/p>\n<p>Prace na centralnym odcinku \u0141TR i zn\u00f3w na Rondzie Lotnik\u00f3w Lwowskich <\/p>\n<p>Na pocz\u0105tku kwietnia \u0142\u00f3dzkie MPK opublikowa\u0142o post\u0119powanie pn. \u201eWykonanie i realizacja tymczasowej organizacji ruchu na Rondzie Lotnik\u00f3w Lwowskich oraz al. Ko\u015bciuszki &#8211; ul. Andrzeja Struga\u201d. Jako \u017ce przewo\u017anik jest odpowiedzialny za bie\u017c\u0105c\u0105 konserwacj\u0119 infrastruktury torowo-sieciowej, mo\u017cna stwierdzi\u0107, \u017ce takich prac dotyczy \u00f3w przetarg.<\/p>\n<p>\u201eRynek Infrastruktury\u201d zwr\u00f3ci\u0142 si\u0119 kilkana\u015bcie dni temu do miejskiego przewo\u017anika o szczeg\u00f3\u0142y wykonywanych prac \u2013 tak\u017ce w kontek\u015bcie ca\u0142kowitego zamkni\u0119cia skrzy\u017cowania Ko\u015bciuszki &#8211; Struga oraz o potwierdzenie daty 4 maja, jako terminu rozpocz\u0119cia remontu. Piotr Wasiak, rzecznik MPK \u0141\u00f3d\u017a poprosi\u0142 o kontakt z&#8230; Zarz\u0105dem Dr\u00f3g i Transportu w \u0141odzi. To zaskakuj\u0105ca praktyka, bo do tej pory organizator transportu tylko akceptowa\u0142 (lub nie) wcze\u015bniej przedstawion\u0105 przez MPK list\u0119 wraz z zakresem prac w poszczeg\u00f3lnych lokalizacjach.<\/p>\n<p><a href=\"https:\/\/www.openstreetmap.org\/?mlat=51.765252&amp;mlon=19.454416#map=18\/51.765252\/19.454416\" rel=\"nofollow noopener\" target=\"_blank\">Wy\u015bwietl wi\u0119ksz\u0105 map\u0119<\/a><br \/>\n<br \/>\u2013 Nie planujemy prac torowych od 4 maja we wskazanych lokalizacjach. O wej\u015bciu w poszczeg\u00f3lne prace remontowe b\u0119dziemy informowa\u0107 na bie\u017c\u0105co z wyprzedzeniem, po ustaleniu wszystkich szczeg\u00f3\u0142\u00f3w prac i organizacji ruchu \u2013 wyja\u015bni\u0142 kr\u00f3tko. <\/p>\n<p>Jak uda\u0142o si\u0119 nam nieoficjalnie ustali\u0107, prace torowe na skrzy\u017cowaniu Alei Ko\u015bciuszki i ulicy Struga, maj\u0105 by\u0107 prowadzone przy zachowaniu przejezdno\u015bci jednego toru. Nie zmieni\u0142 si\u0119 okres potrzebny do ich zrealizowania. To nadal a\u017c 10 tygodni. Natomiast nawet do 12 tygodni mog\u0105 zaj\u0105\u0107 prace na Rondzie Lotnik\u00f3w Lwowskich. W tym przypadku wymagane jest utrzymanie zjazd\u00f3w i wyjazd\u00f3w do\/z zajezdni tramwajowej Chocianowice. <\/p>\n<p>Co z drugim etapem prac na Placu Reymonta? <\/p>\n<p>Prace na <a href=\"https:\/\/www.rynek-kolejowy.pl\/wiadomosci\/lodz-tramwaje-nie-pojada-ul-piotrkowska-128857.html\" target=\"_blank\" rel=\"nofollow noopener\">Placu Reymonta prowadzone by\u0142y ju\u017c na pocz\u0105tku ubieg\u0142ego roku<\/a>. W trybie awaryjnym trzeba by\u0142o zamkn\u0105\u0107 ten fragment trasy \u0141TR (tzw. trasa \u0141\u00f3dzkiego Tramwaju Regionalnego), aby wymieni\u0107 zwrotnice po p\u00f3\u0142nocnej stronie placu. Potem okaza\u0142o si\u0119, \u017ce konieczna jest wymiana zwrotnicy po po\u0142udniowej stronie. Jednak prace od\u0142o\u017cono na p\u00f3\u017aniej.\n<\/p>\n<p><img decoding=\"async\" alt=\"\" src=\"https:\/\/www.europesays.com\/pl\/wp-content\/uploads\/2026\/04\/2026042114105420241103RemontTorowPiotrkowska2fotDSiwak.JPG\"\/>Fot. Daniel Siwak | Prace prowadzone przez Zak\u0142ad Tor\u00f3w i Sieci na pocz\u0105tku 2025 roku<\/p>\n<p>Pomimo <a href=\"https:\/\/www.rynek-kolejowy.pl\/wiadomosci\/lodz-trudne-wakacje-dla-pasazerow-mpk-w-planach-piotrkowska-i-zachodnia-128638.html\" target=\"_blank\" rel=\"nofollow noopener\">r\u00f3\u017cnych zapowiedzi, ekipy ZTiS MPK \u0141\u00f3d\u017a<\/a> nie wesz\u0142y tam z pracami przez ca\u0142y ubieg\u0142y rok. Naturalnie, prace zosta\u0142y przesuni\u0119te na 2026 rok. Jednak przez pierwsze dwa miesi\u0105ce \u2013 z powodu zimy \u2013 nie mo\u017cna by\u0142o nic zrobi\u0107. Potem torowcy zaj\u0119li si\u0119 po\u0142udniow\u0105 cz\u0119\u015bci\u0105 w\u0119z\u0142a na Placu Niepodleg\u0142o\u015bci. Od 12 kwietnia na dotychczasowe trasy wr\u00f3ci\u0142y tramwaje linii 11, 16 19 oraz 41. <\/p>\n<p>Pomimo zdecydowanie lepszych warunk\u00f3w pogodowych po stronie ZDiT us\u0142yszeli\u015bmy, \u017ce nie ma konkretnie potwierdzonego terminu rozpocz\u0119cia prac. Tutaj \u2013 tak\u017ce nieoficjalnie \u2013 s\u0142yszymy, \u017ce prace mog\u0105 by\u0107 skoordynowane z ewentualn\u0105 przebudow\u0105 peron\u00f3w przystankowych, w\u0142a\u015bnie na samym Placu Reymonta.<\/p>\n","protected":false},"excerpt":{"rendered":"Niedawno zako\u0144czy\u0142y si\u0119 prace na w\u0119\u017ale przy Placu Niepodleg\u0142o\u015bci. Jednak to nie koniec tegorocznych remont\u00f3w torowisk w \u0141odzi.&hellip;\n","protected":false},"author":2,"featured_media":381004,"comment_status":"","ping_status":"","sticky":false,"template":"","format":"standard","meta":{"footnotes":"","_share_on_mastodon":"0"},"categories":[51608],"tags":[7648,7650,2624,54137,54134,7651,2995,3652,59681,7649,7653,10798,2801,42,38,40,39,41,6228,7647,63320,7646,7652,54132,22397,68655,60074],"class_list":["post-381003","post","type-post","status-publish","format-standard","has-post-thumbnail","category-lodz","tag-autostrada","tag-cieplownictwo","tag-energetyka","tag-komunikacja-miejska-w-lodzi","tag-komunikacja-w-lodzi","tag-linie-kolejowe","tag-lotnisko","tag-lodz","tag-mpk-lodz","tag-obwodnica","tag-operatorzy","tag-pasazerowie","tag-pkp-plk","tag-pl","tag-poland","tag-polish","tag-polska","tag-polski","tag-porty","tag-porty-lotnicze","tag-remonty-torowisk","tag-stocznie","tag-telekomunikacja","tag-tramwaje-w-lodzi","tag-utrzymanie-infrastruktury","tag-zaklad-torow-i-sieci","tag-zarzad-drog-i-transportu-w-lodzi"],"share_on_mastodon":{"url":"https:\/\/pubeurope.com\/@pl\/116443624751122393","error":""},"_links":{"self":[{"href":"https:\/\/www.europesays.com\/pl\/wp-json\/wp\/v2\/posts\/381003","targetHints":{"allow":["GET"]}}],"collection":[{"href":"https:\/\/www.europesays.com\/pl\/wp-json\/wp\/v2\/posts"}],"about":[{"href":"https:\/\/www.europesays.com\/pl\/wp-json\/wp\/v2\/types\/post"}],"author":[{"embeddable":true,"href":"https:\/\/www.europesays.com\/pl\/wp-json\/wp\/v2\/users\/2"}],"replies":[{"embeddable":true,"href":"https:\/\/www.europesays.com\/pl\/wp-json\/wp\/v2\/comments?post=381003"}],"version-history":[{"count":0,"href":"https:\/\/www.europesays.com\/pl\/wp-json\/wp\/v2\/posts\/381003\/revisions"}],"wp:featuredmedia":[{"embeddable":true,"href":"https:\/\/www.europesays.com\/pl\/wp-json\/wp\/v2\/media\/381004"}],"wp:attachment":[{"href":"https:\/\/www.europesays.com\/pl\/wp-json\/wp\/v2\/media?parent=381003"}],"wp:term":[{"taxonomy":"category","embeddable":true,"href":"https:\/\/www.europesays.com\/pl\/wp-json\/wp\/v2\/categories?post=381003"},{"taxonomy":"post_tag","embeddable":true,"href":"https:\/\/www.europesays.com\/pl\/wp-json\/wp\/v2\/tags?post=381003"}],"curies":[{"name":"wp","href":"https:\/\/api.w.org\/{rel}","templated":true}]}}