{"id":381163,"date":"2026-04-21T17:56:09","date_gmt":"2026-04-21T17:56:09","guid":{"rendered":"https:\/\/www.europesays.com\/pl\/381163\/"},"modified":"2026-04-21T17:56:09","modified_gmt":"2026-04-21T17:56:09","slug":"kiedy-koniec-pata-w-trybunale-konstytucyjnym-prezes-iustitii-kilka-dni","status":"publish","type":"post","link":"https:\/\/www.europesays.com\/pl\/381163\/","title":{"rendered":"Kiedy koniec pata w Trybunale Konstytucyjnym? Prezes Iustitii: kilka dni"},"content":{"rendered":"<p class=\"Paragraph_desktopParagraph__U31Gm\">W jego ocenie radykalne zmiany w TK s\u0105 ju\u017c blisko. Ale odnowienie Trybuna\u0142u to tylko jeden z wielu krok\u00f3w, jakie wykona\u0107 musi pa\u0144stwo, aby przywr\u00f3ci\u0107 normalno\u015b\u0107 w s\u0105dach.<\/p>\n<p>&#8222;To jest bezprawie. Pa\u0144stwo nie mo\u017ce tego tolerowa\u0107&#8221; <\/p>\n<p class=\"Paragraph_desktopParagraph__U31Gm\"><a href=\"https:\/\/wiadomosci.onet.pl\/kraj\/zaprzysiezenie-sedziow-tk-w-sejmie-co-mysla-polacy-sondaz\/b08b03y\" id=\"daf57c00-1607-4f13-aa70-a79eaf349704\" rel=\"nofollow noopener\" target=\"_blank\">Czw\u00f3rka s\u0119dzi\u00f3w TK, kt\u00f3rych Sejm wybra\u0142 13 marca<\/a>, od miesi\u0105ca nie mo\u017ce podj\u0105\u0107 pracy w trybunale. Jego <a href=\"https:\/\/wiadomosci.onet.pl\/tylko-w-onecie\/trybunal-konstytucyjny-sedziowie-siedza-w-holu-minister-waldemar-zurek-ma-plan\/rpnjb6r\" id=\"c0c6a62e-9c0f-4f1b-a29e-d742218be7bd\" rel=\"nofollow noopener\" target=\"_blank\">prezes Bodgan \u015awi\u0119czkowski nie tylko nie przydzieli\u0142 im gabinet\u00f3w i nie da\u0142 dost\u0119pu do akt, ale te\u017c zabroni\u0142 wyp\u0142aca\u0107 im pensj\u0119<\/a>. Uznaje ich za &#8222;gorszych&#8221;, bo po zignorowaniu ich przez prezydenta Karola Nawrockiego, kt\u00f3ry nie chcia\u0142 odebra\u0107 od nich \u015blubowania, z\u0142o\u017cyli je w Sejmie i na pi\u015bmie dostarczyli do prezydenckiej Kancelarii.<\/p>\n<p class=\"Paragraph_desktopParagraph__U31Gm\">\u2014 Ten pat nie mo\u017ce d\u0142u\u017cej trwa\u0107, bo pa\u0144stwo nie mo\u017ce tolerowa\u0107 bezprawia. A to jest bezprawie \u2014 m\u00f3wi nam <a href=\"https:\/\/wiadomosci.onet.pl\/kraj\/zarzuty-dla-ziobry-prezes-iustitii-nie-ma-watpliwosci-nawet-do-30-lat-wiezienia\/rdcplz0\" id=\"33d1fdf3-3be1-4d3e-a2df-bc002b97437a\" rel=\"nofollow noopener\" target=\"_blank\">prezes Iustitii s\u0119dzia Bart\u0142omiej Przymusi\u0144ski.<\/a> W jego ocenie radykalne zmiany w TK s\u0105 ju\u017c blisko. \u2014 Ka\u017cdy, kto jest zwi\u0105zany z TK i podejmuje decyzje w tej sprawie, musi mie\u0107 \u015bwiadomo\u015b\u0107, \u017ce sam b\u0119dzie ponosi\u0142 odpowiedzialno\u015b\u0107 za ewentualne zaniechania. Zas\u0142anianie si\u0119 [Bogdanem] \u015awi\u0119czkowskim mo\u017ce by\u0107 niewystarczaj\u0105ce, bo odpowiedzialno\u015b\u0107 za umo\u017cliwienie orzekania tej czw\u00f3rce legalnych s\u0119dzi\u00f3w ci\u0105\u017cy na wszystkich s\u0119dziach Trybuna\u0142u \u2014 wskazuje.<\/p>\n<p class=\"VideoPlayerText_videoPlayerText__iDwyz\">Dalszy ci\u0105g materia\u0142u pod wideo<\/p>\n<p class=\"Paragraph_desktopParagraph__U31Gm\">\u2014 Ta czw\u00f3rka zosta\u0142a wybrana po to, \u017ceby wype\u0142ni\u0107 sw\u00f3j obowi\u0105zek, czyli orzeka\u0107 w TK. I wiem, \u017ce s\u0105 zdeterminowani, \u017ceby to robi\u0107 \u2014 zaznacza prezes Iustitii. \u2014 S\u0105dz\u0119, \u017ce ta sytuacja rozwi\u0105\u017ce si\u0119 w ci\u0105gu paru dni, najp\u00f3\u017aniej do ko\u0144ca miesi\u0105ca \u2014 podkre\u015bla s\u0119dzia Przymusi\u0144ski.<\/p>\n<p>Wybory do odnawianej KRS. &#8222;Masakra&#8221; Piebiaka i Radzika <\/p>\n<p class=\"Paragraph_desktopParagraph__U31Gm\">Prezes Iustitii zaznacza, \u017ce odnowienie TK to tylko jeden z wielu krok\u00f3w, jakie wykona\u0107 musi pa\u0144stwo, aby przywr\u00f3ci\u0107 normalno\u015b\u0107 w s\u0105dach. \u2014 Drugim, kluczowym, jest <a href=\"https:\/\/wiadomosci.onet.pl\/tylko-w-onecie\/co-z-neosedziami-po-wyroku-tsue-prawnik-proponuje-rewolucje\/fltw633\" id=\"b691701f-23f5-4395-9d12-81584e01b6fb\" rel=\"nofollow noopener\" target=\"_blank\">odnowienie Krajowej Rady S\u0105downictwa<\/a>. Za rz\u0105d\u00f3w PiS Rad\u0119 przej\u0119li ludzie z nimi zwi\u0105zani, co sprawi\u0142o, \u017ce mamy w systemie niemal 3 tys. wadliwie powo\u0142anych tzw. neos\u0119dzi\u00f3w \u2014 m\u00f3wi s\u0119dzia Przymusi\u0144ski.<\/p>\n<p><img decoding=\"async\" class=\"Image_image__0tuHp Image_autoHeight__f2n87 \" height=\"587\" width=\"880\" src=\"https:\/\/www.europesays.com\/pl\/wp-content\/uploads\/2026\/04\/5oAk9kpTURBXy9hNDJmMTc2MWNiZjMzZjA5MjI0MzA1NzZiZWU4MjlkMC5qcGeSlQLNA6wAwsOVAgDNAkvCw94AA6EwAaExAaEzw.jpeg\" alt=\"Krajowa Rada S\u0105downictwa (zdj. ilustracyjne)\" loading=\"lazy\" \/>Jacek Domi\u0144ski\/Reporter \/ East News<\/p>\n<p>Krajowa Rada S\u0105downictwa (zdj. ilustracyjne)<\/p>\n<p class=\"Paragraph_desktopParagraph__U31Gm\">Jak wyja\u015bnia,<a href=\"https:\/\/wiadomosci.onet.pl\/lublin\/neo-krs-wysyla-doswiadczonych-sedziow-na-emeryture-za-walke-o-praworzadnosc\/vg2jwb6\" id=\"3bf1b3e3-c394-49cb-bf3d-7592f3ff4b89\" rel=\"nofollow noopener\" target=\"_blank\"> obecna KRS zosta\u0142a wybrana w spos\u00f3b niekonstytucyjny<\/a>, bo wed\u0142ug partyjnego klucza, a <a href=\"https:\/\/wiadomosci.onet.pl\/kraj\/trybunal-sprawiedliwosci-unii-europejskiej-wydal-wyrok-w-sprawie-neosedziow\/4feylfx\" id=\"eb5b292f-e9e2-4d62-ae10-a6c6fc466ed9\" rel=\"nofollow noopener\" target=\"_blank\">najwa\u017cniejsze europejskie trybuna\u0142y uzna\u0142y jej powo\u0142ania za obarczone wad\u0105<\/a>.<\/p>\n<p class=\"Paragraph_desktopParagraph__U31Gm\">\u2014 Kadencja tego zepsutego tworu ko\u0144czy si\u0119, szcz\u0119\u015bliwie, w po\u0142owie maja i do tego czasu musi by\u0107 wybranych 15 s\u0119dzi\u00f3w, kt\u00f3rzy zast\u0105pi\u0105 t\u0119 skompromitowan\u0105 polityk\u0105 pi\u0119tnastk\u0119, czyli obecnych cz\u0142onk\u00f3w KRS \u2014 zaznacza.<\/p>\n<p class=\"Paragraph_desktopParagraph__U31Gm\">\u2014 Mamy ju\u017c wyniki z trzech apelacji, kt\u00f3re pokazuj\u0105, \u017ce skala przegranej \u0141ukasza Piebiaka to masakra. Piebiak i Przemys\u0142aw Radzik, kt\u00f3rzy chcieli i\u015b\u0107 do nowej KRS, dostali zero g\u0142os\u00f3w w Poznaniu i okolicach, po dwa g\u0142osy w Szczecinie, a w Bia\u0142ymstoku Piebiak sze\u015b\u0107, a Radzik cztery g\u0142osy. Taki wynik ich kompromituje, bo w tych samych apelacjach kandydaci wspierani przez Iustiti\u0119 i inne stowarzyszenia s\u0119dziowskie dostali po oko\u0142o 1 tys. g\u0142os\u00f3w \u2014 opisuje s\u0119dzia Przymusi\u0144ski.<\/p>\n<p class=\"Paragraph_desktopParagraph__U31Gm\">Przypomnijmy, \u0141ukasz Piebiak, by\u0142y wiceminister sprawiedliwo\u015bci u Zbigniewa Ziobry to <a href=\"https:\/\/wiadomosci.onet.pl\/tylko-w-onecie\/sledztwo-onetu-farma-trolli-w-ministerstwie-sprawiedliwosci-czyli-za-czynienie-dobra\/j6hwp7f\" id=\"feb85e62-5518-4d58-ad52-e81ab8e87dcd\" rel=\"nofollow noopener\" target=\"_blank\">g\u0142\u00f3wny antybohater ujawnionej przez Onet afery hejterskiej<\/a>.<\/p>\n<p>Im nowa KRS raczej si\u0119 nie spodoba <\/p>\n<p class=\"Paragraph_desktopParagraph__U31Gm\">Pytamy prezesa Iustitii, jak ma dzia\u0142a\u0107 nowa KRS \u2014 kt\u00f3r\u0105 po prawyborach w s\u0105dach wybierze Sejm \u2014 skoro prezydent zapewne jej nie uzna. Tym bardziej \u017ce opanowany przez nominat\u00f3w PiS TK w\u0142a\u015bnie wyda\u0142 wyrok, kt\u00f3ry podwa\u017ca\u0142 legalno\u015b\u0107 wybor\u00f3w do nowej Rady.<\/p>\n<p class=\"Paragraph_desktopParagraph__U31Gm\">\u2014 Ten wyrok nie mo\u017ce by\u0107 traktowany powa\u017cnie, nie ma nic wsp\u00f3lnego z tymi wyborami do KRS. Jakim\u015b \u017cartem jest czyjakolwiek wiara, \u017ce ten wyrok b\u0119dzie mia\u0142 jaki\u015b wp\u0142yw \u2014 m\u00f3wi s\u0119dzia Przymusi\u0144ski. \u2014 A<a href=\"https:\/\/wiadomosci.onet.pl\/kraj\/prezydent-odmawia-powolania-sedziow-glosy-oburzenia-po-decyzji-odpowie-za-to\/zc9gwx1\" id=\"64204872-290b-4c8f-87ae-35beaf7be222\" rel=\"nofollow noopener\" target=\"_blank\"> je\u015bli prezydent spr\u00f3buje si\u0119 nim zas\u0142ania\u0107 i b\u0119dzie odmawia\u0142 powo\u0142ywania os\u00f3b, kt\u00f3re rekomenduje ta odnowiona KRS<\/a>, to jest spos\u00f3b, \u017ceby go obej\u015b\u0107 \u2014 zaznacza.<\/p>\n<p><img decoding=\"async\" class=\"Image_image__0tuHp Image_autoHeight__f2n87 \" height=\"587\" width=\"880\" src=\"https:\/\/www.europesays.com\/pl\/wp-content\/uploads\/2026\/04\/-22k9kpTURBXy82OTM5Nzg1ZjA5OWZlMzA1YzYxNjBjZWZmNWIwNzA1MC5qcGeSlQLNA6wAwsOVAgDNAkvCw94AA6EwAaExAaEzw.jpeg\" alt=\"Waldemar \u017burek\" loading=\"lazy\" \/>Radek Pietruszka \/ PAP<\/p>\n<p>Waldemar \u017burek<\/p>\n<p class=\"Paragraph_desktopParagraph__U31Gm\">I t\u0142umaczy: \u2014 Gdyby tak si\u0119 sta\u0142o, to minister sprawiedliwo\u015bci musi po prostu te wskazane przez now\u0105 KRS osoby bezterminowo delegowa\u0107 na stanowiska, na kt\u00f3re wybra\u0142a je KRS, tyle \u017ce prezydent odm\u00f3wi\u0142 ich powo\u0142ania \u2014 m\u00f3wi prezes Iustitii. \u2014 Wiem, \u017ce to jest by-pass, ale lepsze to, ni\u017c bezradno\u015b\u0107 \u2014 przekonuje. \u2014 A je\u015bli pani Pawe\u0142czyk-Woicka [Dagmara, szefowa obecnej KRS, szkolna kole\u017canka Zbigniewa Ziobry] odm\u00f3wi zako\u0144czenia kadencji KRS, i je\u015bli &#8222;przyspawa si\u0119&#8221; w jej siedzibie, to nie wykluczam, \u017ce policja b\u0119dzie musia\u0142a interweniowa\u0107 \u2014 podsumowuje s\u0119dzia Przymusi\u0144ski.<\/p>\n","protected":false},"excerpt":{"rendered":"W jego ocenie radykalne zmiany w TK s\u0105 ju\u017c blisko. Ale odnowienie Trybuna\u0142u to tylko jeden z wielu&hellip;\n","protected":false},"author":2,"featured_media":381164,"comment_status":"","ping_status":"","sticky":false,"template":"","format":"standard","meta":{"footnotes":"","_share_on_mastodon":"0"},"categories":[12],"tags":[4718,32,33,36,37,27,67,39897,11346,34,35,28,31,53,25,52,68,51,55,42,38,40,39,41,984,47,49255,4717,29,30,50,26],"class_list":["post-381163","post","type-post","status-publish","format-standard","has-post-thumbnail","category-polska","tag-bogdan_swieczkowski","tag-breaking-news","tag-breakingnews","tag-featured-news","tag-featurednews","tag-headlines","tag-intextvideo_splayer","tag-iustitia","tag-krs_krajowa_rada_sadownictwa","tag-latest-news","tag-latestnews","tag-naglowki","tag-najwazniejsze-artykuly","tag-new_header","tag-news","tag-onet3","tag-onet3d","tag-onet3d_2i","tag-phx","tag-pl","tag-poland","tag-polish","tag-polska","tag-polski","tag-prawo_sady_sedziowie_sedzia_sad_sadownictwo_prawnik_prawnicy_prawniczka","tag-screening_general","tag-sedzia_bartlomiej_przymusinski","tag-tk_trybunal_konstytucyjny","tag-top-stories","tag-topstories","tag-v2021","tag-wiadomosci"],"share_on_mastodon":{"url":"","error":"Validation failed: Text character limit of 500 exceeded"},"_links":{"self":[{"href":"https:\/\/www.europesays.com\/pl\/wp-json\/wp\/v2\/posts\/381163","targetHints":{"allow":["GET"]}}],"collection":[{"href":"https:\/\/www.europesays.com\/pl\/wp-json\/wp\/v2\/posts"}],"about":[{"href":"https:\/\/www.europesays.com\/pl\/wp-json\/wp\/v2\/types\/post"}],"author":[{"embeddable":true,"href":"https:\/\/www.europesays.com\/pl\/wp-json\/wp\/v2\/users\/2"}],"replies":[{"embeddable":true,"href":"https:\/\/www.europesays.com\/pl\/wp-json\/wp\/v2\/comments?post=381163"}],"version-history":[{"count":0,"href":"https:\/\/www.europesays.com\/pl\/wp-json\/wp\/v2\/posts\/381163\/revisions"}],"wp:featuredmedia":[{"embeddable":true,"href":"https:\/\/www.europesays.com\/pl\/wp-json\/wp\/v2\/media\/381164"}],"wp:attachment":[{"href":"https:\/\/www.europesays.com\/pl\/wp-json\/wp\/v2\/media?parent=381163"}],"wp:term":[{"taxonomy":"category","embeddable":true,"href":"https:\/\/www.europesays.com\/pl\/wp-json\/wp\/v2\/categories?post=381163"},{"taxonomy":"post_tag","embeddable":true,"href":"https:\/\/www.europesays.com\/pl\/wp-json\/wp\/v2\/tags?post=381163"}],"curies":[{"name":"wp","href":"https:\/\/api.w.org\/{rel}","templated":true}]}}