{"id":381221,"date":"2026-04-21T18:28:23","date_gmt":"2026-04-21T18:28:23","guid":{"rendered":"https:\/\/www.europesays.com\/pl\/381221\/"},"modified":"2026-04-21T18:28:23","modified_gmt":"2026-04-21T18:28:23","slug":"juz-nie-tylko-biedronka-i-dino-beda-odbierac-klientow-malym-sklepom-lidl-otwiera-pierwszy-sklep-w-wolbromiu","status":"publish","type":"post","link":"https:\/\/www.europesays.com\/pl\/381221\/","title":{"rendered":"Ju\u017c nie tylko Biedronka i Dino b\u0119d\u0105 odbiera\u0107 klient\u00f3w ma\u0142ym sklepom. Lidl otwiera pierwszy sklep w Wolbromiu!"},"content":{"rendered":"<p>\tWyd\u0142u\u017cone terminy p\u0142atno\u015bci i rosn\u0105ce ryzyko<br \/>\n\tKr\u00f3tszy kredyt kupiecki wzmacnia polskie firmy<br \/>\n\tWarunki dostaw FOB<br \/>\n\tFirmy zmieniaj\u0105 strategie \u0142a\u0144cuch\u00f3w dostaw<br \/>\n\tReshoring i bariery dla przedsi\u0119biorstw<\/p>\n<p>Wed\u0142ug badania Allianz Trade Global Survey 2026, obejmuj\u0105cego 6 tys. firm z 13 rynk\u00f3w, przedsi\u0119biorstwa pozostaj\u0105 umiarkowanie optymistyczne w zakresie eksportu. A\u017c 75 proc. eksporter\u00f3w spodziewa si\u0119 wzrostu sprzeda\u017cy zagranicznej w 2026 r., mimo trwaj\u0105cych napi\u0119\u0107 geopolitycznych.<\/p>\n<p>\u2013\u00a0Globalne badanie Allianz Trade pokazuje, \u017ce 75 proc. eksporter\u00f3w nadal spodziewa si\u0119, \u017ce ich eksport b\u0119dzie w 2026 r. r\u00f3s\u0142\u00a0\u2013podkre\u015bla Aylin Somersan Coqui, dyrektor generalna Allianz Trade.\u00a0Ekspertka zaznacza jednocze\u015bnie, \u017ce wp\u0142yw konfliktu na Bliskim Wschodzie pozostaje ograniczony w por\u00f3wnaniu z wcze\u015bniejszymi wydarzeniami: wskazuje, \u017ce w czasie wojny handlowej z 2025 r. pozytywne oczekiwania przedsi\u0119biorc\u00f3w spad\u0142y rok do roku o 40 punkt\u00f3w procentowych.<\/p>\n<p>Jak dodaje, obecny optymizm jest jednak kruchy i mo\u017ce szybko os\u0142abn\u0105\u0107, je\u015bli napi\u0119cia geopolityczne b\u0119d\u0105 si\u0119 przed\u0142u\u017ca\u0107. Z badania wynika tak\u017ce spadek optymizmu w\u015br\u00f3d firm z wybranych kraj\u00f3w: o 10 proc. mniej przedsi\u0119biorstw w Wietnamie, USA i Hiszpanii oraz o 9 proc. mniej w Chinach pozytywnie ocenia przysz\u0142o\u015b\u0107.<\/p>\n<p>Coqui zwraca uwag\u0119, \u017ce zmieni\u0142a si\u0119 r\u00f3wnie\u017c struktura ryzyk: obecnie 65 proc. firm wskazuje ryzyko geopolityczne i polityczne jako g\u0142\u00f3wne zagro\u017cenie, podczas gdy problemy zwi\u0105zane z \u0142a\u0144cuchami dostaw spad\u0142y na dalszy plan (45 proc.). Na drugim miejscu znajduj\u0105 si\u0119 zak\u0142\u00f3cenia dostaw, takie jak bankructwa dostawc\u00f3w i niedobory surowc\u00f3w, kt\u00f3re wskazuje 57 proc. badanych.<\/p>\n<p>Wyd\u0142u\u017cone terminy p\u0142atno\u015bci i rosn\u0105ce ryzyko<\/p>\n<p>Pomimo stabilnych oczekiwa\u0144 eksportowych, warunki finansowania handlu ulegaj\u0105 pogorszeniu. Firmy coraz d\u0142u\u017cej czekaj\u0105 na p\u0142atno\u015bci, co przek\u0142ada si\u0119 na wzrost ryzyka.<\/p>\n<p>Odsetek przedsi\u0119biorstw otrzymuj\u0105cych zap\u0142at\u0119 w ci\u0105gu 30 dni spad\u0142 z 10 proc. do 7 proc., natomiast udzia\u0142 tych, kt\u00f3re czekaj\u0105 ponad 70 dni, wzr\u00f3s\u0142 z 15 proc. do 24 proc. Jednocze\u015bnie 43 proc. firm przewiduje dalsze pogorszenie warunk\u00f3w p\u0142atno\u015bci, a 40 proc. spodziewa si\u0119 wzrostu ryzyka niewyp\u0142acalno\u015bci kontrahent\u00f3w.<\/p>\n<p>Najbardziej nara\u017cone na problemy s\u0105 bran\u017ce farmaceutyczna, budowlana oraz komputerowo-telekomunikacyjna. Wyzwania szczeg\u00f3lnie dotykaj\u0105 wi\u0119ksze przedsi\u0119biorstwa, kt\u00f3re mierz\u0105 si\u0119 z d\u0142u\u017cszymi cyklami p\u0142atno\u015bci.<\/p>\n<p>      <a href=\"https:\/\/www.wiadomoscihandlowe.pl\/przemysl-i-producenci\/donald-tusk-w-azji-dwie-branze-szczegolnie-zainteresowane-2534261\" rel=\"nofollow noopener\" target=\"_blank\"><\/p>\n<p>       <img decoding=\"async\" class=\"se__img lazyload\" src=\"https:\/\/www.europesays.com\/pl\/wp-content\/uploads\/2026\/04\/10816719.jpg\" alt=\"image\"\/><\/p>\n<p>Prze\u0142omowa wizyta Donalda Tuska w Azji? Dwie polskie bran\u017ce szczeg\u00f3lnie zainteresowane<\/p>\n<p>      <\/a><\/p>\n<p>\t\t\t\t<img decoding=\"async\" src=\"data:image\/png;base64,iVBORw0KGgoAAAANSUhEUgAAAAEAAAABCAYAAAAfFcSJAAAADUlEQVR42mNk+P+\/HgAFhAJ\/wlseKgAAAABJRU5ErkJggg==\"\/><\/p>\n","protected":false},"excerpt":{"rendered":"Wyd\u0142u\u017cone terminy p\u0142atno\u015bci i rosn\u0105ce ryzyko Kr\u00f3tszy kredyt kupiecki wzmacnia polskie firmy Warunki dostaw FOB Firmy zmieniaj\u0105 strategie&hellip;\n","protected":false},"author":2,"featured_media":381222,"comment_status":"","ping_status":"","sticky":false,"template":"","format":"standard","meta":{"footnotes":"","_share_on_mastodon":"0"},"categories":[52249],"tags":[1528,857,41997,68698,3343,68697,42,38,40,39,41,68699],"class_list":["post-381221","post","type-post","status-publish","format-standard","has-post-thumbnail","category-dino-polska","tag-biedronka","tag-dino","tag-dino-polska","tag-handel-tradycyjny","tag-lidl","tag-nowe-sklepy","tag-pl","tag-poland","tag-polish","tag-polska","tag-polski","tag-upadek-malych-sklepow"],"share_on_mastodon":{"url":"https:\/\/pubeurope.com\/@pl\/116444116077540327","error":""},"_links":{"self":[{"href":"https:\/\/www.europesays.com\/pl\/wp-json\/wp\/v2\/posts\/381221","targetHints":{"allow":["GET"]}}],"collection":[{"href":"https:\/\/www.europesays.com\/pl\/wp-json\/wp\/v2\/posts"}],"about":[{"href":"https:\/\/www.europesays.com\/pl\/wp-json\/wp\/v2\/types\/post"}],"author":[{"embeddable":true,"href":"https:\/\/www.europesays.com\/pl\/wp-json\/wp\/v2\/users\/2"}],"replies":[{"embeddable":true,"href":"https:\/\/www.europesays.com\/pl\/wp-json\/wp\/v2\/comments?post=381221"}],"version-history":[{"count":0,"href":"https:\/\/www.europesays.com\/pl\/wp-json\/wp\/v2\/posts\/381221\/revisions"}],"wp:featuredmedia":[{"embeddable":true,"href":"https:\/\/www.europesays.com\/pl\/wp-json\/wp\/v2\/media\/381222"}],"wp:attachment":[{"href":"https:\/\/www.europesays.com\/pl\/wp-json\/wp\/v2\/media?parent=381221"}],"wp:term":[{"taxonomy":"category","embeddable":true,"href":"https:\/\/www.europesays.com\/pl\/wp-json\/wp\/v2\/categories?post=381221"},{"taxonomy":"post_tag","embeddable":true,"href":"https:\/\/www.europesays.com\/pl\/wp-json\/wp\/v2\/tags?post=381221"}],"curies":[{"name":"wp","href":"https:\/\/api.w.org\/{rel}","templated":true}]}}