{"id":381743,"date":"2026-04-22T00:26:12","date_gmt":"2026-04-22T00:26:12","guid":{"rendered":"https:\/\/www.europesays.com\/pl\/381743\/"},"modified":"2026-04-22T00:26:12","modified_gmt":"2026-04-22T00:26:12","slug":"8-lat-bez-podwyzki-zasilku-pielegnacyjnego-od-2019-r-do-2027-r-tylko-21584-zl-to-i-tak-za-duzo-dla-budzetu","status":"publish","type":"post","link":"https:\/\/www.europesays.com\/pl\/381743\/","title":{"rendered":"8 lat bez podwy\u017cki zasi\u0142ku piel\u0119gnacyjnego. Od 2019 r. do 2027 r. tylko 215,84 z\u0142. To i tak za du\u017co dla bud\u017cetu"},"content":{"rendered":"<p>Zasi\u0142ek piel\u0119gnacyjny wynosi tylko 215,84 z\u0142 (od 2019 r.). Pobiera go oko\u0142o 1 mln os\u00f3b Koszt dla bud\u017cetu oko\u0142o 2,6 &#8211; 2,7 mld z\u0142. Podwy\u017cka o 100 z\u0142 do 315,84 z\u0142 wydaje si\u0119 symboliczna. Ale dla bud\u017cetu, to dodatkowy roczny koszt 1,2 mld z\u0142. Na podwy\u017ck\u0119 200 z\u0142 potrzebne jest 2,4 mld z\u0142, a na 300 z\u0142 a\u017c 3,6 mld z\u0142.\u00a0<\/p>\n<p>Te liczby t\u0142umacz\u0105 dlaczego nie b\u0119dzie podwy\u017cki zasi\u0142ku piel\u0119gnacyjnego a\u017c do 2027 r. I nie ma znaczenia, \u017ce ostatnia by\u0142a w \u2026.. 2019 r.<\/p>\n<p>Internauci oczekiwali podwy\u017cki w przedziale od 500 do 560 z\u0142 zasi\u0142ku piel\u0119gnacyjnego<\/p>\n<p>515,84 z\u0142 zasi\u0142ku piel\u0119gnacyjnego by\u0142o najcz\u0119\u015bciej wybieran\u0105 opcj\u0105 odpowiedzi w naszych sondach na pytanie &#8222;Jaka powinna by\u0107 warto\u015b\u0107 zasi\u0142ku piel\u0119gnacyjnego w 2025 r.&#8221; 300 z\u0142 podwy\u017cki da\u0142oby miesi\u0119czn\u0105 warto\u015b\u0107 tego <a class=\"seoMapping\" href=\"https:\/\/samorzad.infor.pl\/tematy\/swiadczenia\/\" title=\"\u015bwiadczenia\" rel=\"nofollow noopener\" target=\"_blank\">\u015bwiadczenia<\/a> na tym poziomie. Ale koszt roczny tego, to wspomniane 3,6 mld z\u0142.<\/p>\n<p>Sonda nr 1<\/p>\n<p>Sonda nr 2<\/p>\n<p>Dalszy ci\u0105g materia\u0142u pod wideo<\/p>\n<p>Nie mo\u017cna podnie\u015b\u0107 zasi\u0142ku, kt\u00f3ry przyznawany jest bez kryterium dochodowego<\/p>\n<p>Nie ma progu dochodowego dla zasi\u0142ku piel\u0119gnacyjnego. Nie mo\u017cna wi\u0119c poprzez zamro\u017cenie progu dochodowego ograniczy\u0107 liczby uprawnionych do tego zasi\u0142ku oscyluj\u0105cej oko\u0142o 1 mln os\u00f3b. Wszyscy wiemy, \u017ce 215,84 z\u0142 zasi\u0142ku piel\u0119gnacyjnego to &#8211; po uderzeniu inflacji &#8211; za ma\u0142o. Ale za do\u0142o\u017cenie ka\u017cdych 100 z\u0142 podwy\u017cki, bud\u017cet musi wyda\u0107 rocznie 1,2 mld z\u0142. Polska ma problemy bud\u017cetowe wi\u0119c nie ma takich pieni\u0119dzy na podwy\u017ck\u0119 o 100 z\u0142, a o co dopiero o 300 z\u0142 do 515,84 z\u0142 (miesi\u0119cznie).\u00a0<\/p>\n<p>Nie ma znaczenia te\u017c, \u017ce zasi\u0142ek wyp\u0142acany jest osobom niepe\u0142nosprawnym i to takim, kt\u00f3re nie maj\u0105 szans na \u015bwiadczenie wspieraj\u0105ce 3920 z\u0142.<\/p>\n<p>Przecie\u017c zasi\u0142ek ten przys\u0142uguje:<\/p>\n<p>1) niepe\u0142nosprawnemu dziecku;<\/p>\n<p>2) osobie niepe\u0142nosprawnej w wieku powy\u017cej 16 roku \u017cycia, je\u017celi legitymuje si\u0119 orzeczeniem o znacznym stopniu niepe\u0142nosprawno\u015bci;<\/p>\n<p>3) osobie niepe\u0142nosprawnej w wieku powy\u017cej 16 roku \u017cycia legitymuj\u0105cej si\u0119 orzeczeniem o umiarkowanym stopniu niepe\u0142nosprawno\u015bci, je\u017celi niepe\u0142nosprawno\u015b\u0107 powsta\u0142a w wieku do uko\u0144czenia 21 roku \u017cycia;<\/p>\n<p>4) osobie, kt\u00f3ra uko\u0144czy\u0142a 75 lat.<\/p>\n<p>W sierpniu 2025 r. rz\u0105d wykluczy\u0142 mo\u017cliwo\u015b\u0107 podwy\u017cszenia zasi\u0142ku piel\u0119gnacyjnego argumentuj\u0105c to mo\u017cliwo\u015bci\u0105 skorzystania ze \u015bwiadczenia wspieraj\u0105cego<\/p>\n<p>W odpowiedzi na interpelacj\u0119 nr 10352 Pani Pos\u0142anki Iwony Hartwich (<a href=\"https:\/\/sejm.gov.pl\/INT10.nsf\/klucz\/ATTDKZHZZ\/%24FILE\/i10352-o1.pdf\" rel=\"nofollow noopener\" target=\"_blank\">link <\/a>do \u017ar\u00f3d\u0142a) czytamy:<\/p>\n<p>&#8222;Obecnie nie s\u0105 prowadzone prace nad zmian\u0105 funkcjonuj\u0105cych na podstawie ustawy o \u015bwiadczeniach rodzinnych regulacji, dotycz\u0105cych zasad weryfikacji wysoko\u015bci kwot \u015bwiadcze\u0144 rodzinnych, w tym kwoty zasi\u0142ku piel\u0119gnacyjnego. Odno\u015bnie do kwestii wsparcia os\u00f3b z niepe\u0142nosprawno\u015bciami nale\u017cy wskaza\u0107, \u017ce 1 stycznia 2024 r. wesz\u0142a w \u017cycie ustawa z dnia 7 lipca 2023 r. o \u015bwiadczeniu wspieraj\u0105cym (Dz. U. poz. 1429 ze zm.), kt\u00f3ra zmieni\u0142a dotychczasowy system \u015bwiadcze\u0144 dla os\u00f3b z niepe\u0142nosprawno\u015bciami oraz ich opiekun\u00f3w poprzez wprowadzenie od 1 stycznia 2024 r. do systemu prawnego nowego \u015bwiadczenia wspieraj\u0105cego, skierowanego bezpo\u015brednio do os\u00f3b z niepe\u0142nosprawno\u015bciami. W \u015bwietle wprowadzonych ww. ustaw\u0105 nowych rozwi\u0105za\u0144, osoby z niepe\u0142nosprawno\u015bciami, w tym r\u00f3wnie\u017c osoby otrzymuj\u0105ce zasi\u0142ek piel\u0119gnacyjny, od 1 stycznia 2024 r. mog\u0105 uzyska\u0107 znaczne wsparcie finansowe w postaci \u015bwiadczenia wspieraj\u0105cego, kierowanego bezpo\u015brednio do os\u00f3b z niepe\u0142nosprawno\u015bciami, kt\u00f3re uko\u0144czy\u0142y 18 rok \u017cycia, po uzyskaniu przez nie decyzji ustalaj\u0105cej poziom potrzeby wsparcia w przedziale od 70 pkt do 100 pkt w przyj\u0119tej skali. Wysoko\u015b\u0107 \u015bwiadczenia wspieraj\u0105cego, zale\u017cy od ustalonego poziomu potrzeby wsparcia i mo\u017ce wynie\u015b\u0107 od 40% do 220% wysoko\u015bci renty socjalnej obowi\u0105zuj\u0105cej w danym okresie.&#8221;<\/p>\n<p>Jak zadzia\u0142a\u0142 mechanizm zmniejszenia liczby uprawnionych do zasi\u0142ku rodzinnego na 2025 r.<\/p>\n<p>Mamy stabiln\u0105 liczb\u0119 oko\u0142o 1 mln os\u00f3b pobieraj\u0105cych zasi\u0142ek piel\u0119gnacyjny. Odmiennie jest w przypadku zasi\u0142ku rodzinnego. Ta liczba si\u0119 w ci\u0105gu ostatnich kilku lat zmniejszy\u0142a. Te\u017c pocz\u0105tkowo wynosi\u0142 1 mln, ale zosta\u0142a zmniejszona o oko\u0142o 300 000 os\u00f3b (patrz poni\u017csze tabele.<\/p>\n<p>\u00a0<\/p>\n<tr>\n<td>\n<p>SPADEK UPRAWNIONYCH DO ZASI\u0141KU RODZINNEGO<\/p>\n<p>2023 r. &#8211; 1\u00a0018\u00a0500 uprawnionych (roczny koszt 1391 mln z\u0142)\u00a0<\/p>\n<p>2024 r. \u2013 rok trwa i nie mamy danych<\/p>\n<p>2025 r. 742\u00a0900 uprawnionych (koszt 1 mld 11 mln z\u0142 ) 275 600<\/p>\n<p>2026 r. \u00a0700\u00a0000 uprawnionych (koszt 955 mln z\u0142)<\/p>\n<p>2027 r. 663\u00a0400 uprawnionych (koszt 903 mln z\u0142)\u00a0<\/p>\n<\/td>\n<\/tr>\n<p>\u00a0<\/p>\n<p>Dane dla 2023 r. o liczbie os\u00f3b pobieraj\u0105cych \u015bwiadczenia i zasi\u0142ki\u00a0<img decoding=\"async\" src=\"https:\/\/www.europesays.com\/pl\/wp-content\/uploads\/2026\/01\/pa2EtMzgyNjA1NzEucG5nIn0.jpg\"\/><\/p>\n<p class=\"psavimage-title\">\u00a0<\/p>\n<p class=\"psavimage-description\">Dana dla m.in zasi\u0142ku piel\u0119gnacyjnego w 2023 r.<\/p>\n<p class=\"psavimage-source\">RCL<\/p>\n<p>Prognoza dla 2025 r.- 2027 . liczby os\u00f3b pobieraj\u0105cych \u015bwiadczenia i zasi\u0142ki\u00a0<img decoding=\"async\" src=\"https:\/\/www.europesays.com\/pl\/wp-content\/uploads\/2026\/01\/pa2EtMzgyNjAxNTYucG5nIn0.jpg\"\/><\/p>\n<p class=\"psavimage-title\">\u00a0<\/p>\n<p class=\"psavimage-description\">Dane dla zasi\u0142ku piel\u0119gnacyjnego 2025 &#8211; 2027 r.<\/p>\n<p class=\"psavimage-source\">Shutterstock<\/p>\n<p>\u00a0<\/p>\n<p><img decoding=\"async\" src=\"https:\/\/www.europesays.com\/pl\/wp-content\/uploads\/2026\/01\/pa2EtMzgyNjA1NzUucG5nIn0.jpg\"\/><\/p>\n<p class=\"psavimage-title\">\u00a0<\/p>\n<p class=\"psavimage-description\">Dane dla zasi\u0142ku piel\u0119gnacyjnego 2025 &#8211; 2027 r.<\/p>\n<p class=\"psavimage-source\">RCL<\/p>\n<p>\u00a0<\/p>\n<p>\u00a0<\/p>\n","protected":false},"excerpt":{"rendered":"Zasi\u0142ek piel\u0119gnacyjny wynosi tylko 215,84 z\u0142 (od 2019 r.). Pobiera go oko\u0142o 1 mln os\u00f3b Koszt dla bud\u017cetu&hellip;\n","protected":false},"author":2,"featured_media":59384,"comment_status":"","ping_status":"","sticky":false,"template":"","format":"standard","meta":{"footnotes":"","_share_on_mastodon":"0"},"categories":[16],"tags":[113,112,4778,42,38,40,39,41,14275],"class_list":["post-381743","post","type-post","status-publish","format-standard","has-post-thumbnail","category-biznes","tag-biznes","tag-business","tag-mops","tag-pl","tag-poland","tag-polish","tag-polska","tag-polski","tag-zasilek-pielegnacyjny"],"share_on_mastodon":{"url":"","error":""},"_links":{"self":[{"href":"https:\/\/www.europesays.com\/pl\/wp-json\/wp\/v2\/posts\/381743","targetHints":{"allow":["GET"]}}],"collection":[{"href":"https:\/\/www.europesays.com\/pl\/wp-json\/wp\/v2\/posts"}],"about":[{"href":"https:\/\/www.europesays.com\/pl\/wp-json\/wp\/v2\/types\/post"}],"author":[{"embeddable":true,"href":"https:\/\/www.europesays.com\/pl\/wp-json\/wp\/v2\/users\/2"}],"replies":[{"embeddable":true,"href":"https:\/\/www.europesays.com\/pl\/wp-json\/wp\/v2\/comments?post=381743"}],"version-history":[{"count":0,"href":"https:\/\/www.europesays.com\/pl\/wp-json\/wp\/v2\/posts\/381743\/revisions"}],"wp:featuredmedia":[{"embeddable":true,"href":"https:\/\/www.europesays.com\/pl\/wp-json\/wp\/v2\/media\/59384"}],"wp:attachment":[{"href":"https:\/\/www.europesays.com\/pl\/wp-json\/wp\/v2\/media?parent=381743"}],"wp:term":[{"taxonomy":"category","embeddable":true,"href":"https:\/\/www.europesays.com\/pl\/wp-json\/wp\/v2\/categories?post=381743"},{"taxonomy":"post_tag","embeddable":true,"href":"https:\/\/www.europesays.com\/pl\/wp-json\/wp\/v2\/tags?post=381743"}],"curies":[{"name":"wp","href":"https:\/\/api.w.org\/{rel}","templated":true}]}}