{"id":381944,"date":"2026-04-22T03:13:12","date_gmt":"2026-04-22T03:13:12","guid":{"rendered":"https:\/\/www.europesays.com\/pl\/381944\/"},"modified":"2026-04-22T03:13:12","modified_gmt":"2026-04-22T03:13:12","slug":"kuba-wojewodzki-kpi-z-rozstania-marcina-prokopa-nawiazal-do-jego-programu-2","status":"publish","type":"post","link":"https:\/\/www.europesays.com\/pl\/381944\/","title":{"rendered":"Kuba Wojew\u00f3dzki kpi z rozstania Marcina Prokopa. Nawi\u0105za\u0142 do jego programu"},"content":{"rendered":"<p class=\"Paragraph_desktopParagraph__U31Gm\">Informacja o zako\u0144czeniu ma\u0142\u017ce\u0144stwa <a href=\"https:\/\/plejada.pl\/temat\/marcin-prokop-dziennikarz\/j1ykrc4\" id=\"145c8fb4-baa5-49d1-ba3d-b14ccfc05532\" rel=\"nofollow noopener\" target=\"_blank\">Marcina Prokopa<\/a> i Marii Pra\u017cuch-Prokop, kt\u00f3ra pojawi\u0142a si\u0119 14 kwietnia, szybko obieg\u0142a media. Temat podchwyci\u0142 Kuba Wojew\u00f3dzki, kt\u00f3ry w swoim felietonie &#8222;Mea pulpa&#8221; na \u0142amach &#8222;Polityki&#8221; postanowi\u0142 nie tylko skomentowa\u0107 rozstanie, ale tak\u017ce nawi\u0105za\u0107 do tytu\u0142u programu podr\u00f3\u017cniczego Prokopa.<\/p>\n<p>Kuba Wojew\u00f3dzki na\u015bmiewa si\u0119 z rozstania Marcina Prokopa. &#8222;A wi\u0119c wolno\u015b\u0107&#8221; <\/p>\n<p class=\"Paragraph_desktopParagraph__U31Gm\"><a href=\"https:\/\/plejada.pl\/temat\/kuba-wojewodzki-dziennikarz-jakub-wojewodzki\/x310yht\" id=\"f5fbc0a4-4460-4fe4-b794-e6ade3907725\" rel=\"nofollow noopener\" target=\"_blank\">Kuba Wojew\u00f3dzki<\/a> w swoim felietonie na \u0142amach Polityki napisa\u0142:<\/p>\n<blockquote>\n<p class=\"Paragraph_desktopParagraph__U31Gm\">Po 20 latach ma\u0142\u017ce\u0144stwa z Mari\u0105 Pra\u017cuch Marcin Prokop og\u0142osi\u0142 koniec ich zwi\u0105zku. A wi\u0119c wolno\u015b\u0107. Do niezwyk\u0142ych stan\u00f3w Prokopa do\u0142\u0105czy\u0142 nast\u0119pny.<\/p>\n<\/blockquote>\n<p class=\"Paragraph_desktopParagraph__U31Gm\">Dziennikarz nawi\u0105za\u0142 w ten spos\u00f3b do programu podr\u00f3\u017cniczego Marcina Prokopa \u2014 &#8222;Niezwyk\u0142e Stany Prokopa&#8221;, kt\u00f3ry jest emitowany na antenie TVN.<\/p>\n<p><img decoding=\"async\" class=\"Image_image__0tuHp Image_autoHeight__f2n87 \" height=\"587\" width=\"390\" src=\"https:\/\/www.europesays.com\/pl\/wp-content\/uploads\/2026\/01\/_Swk9kpTURBXy83MmE2OGIwNWE4MTdkNzA0MmRiOGE5ZjhiMDNhZGMzYi5qcGeSlQLNA6wAwsOVAgDNAkvCw94AA6EwAaExAaEzw.jpeg\" alt=\"Kuba Wojew\u00f3dzki\" loading=\"lazy\" \/>Jaros\u0142aw Antoniak \/ MW Media<\/p>\n<p>Kuba Wojew\u00f3dzki<\/p>\n<p class=\"Paragraph_desktopParagraph__U31Gm\">Relacje obu dziennikarzy od d\u0142u\u017cszego czasu nie nale\u017c\u0105 do najcieplejszych. W przesz\u0142o\u015bci nie szcz\u0119dzili sobie wzajemnych uszczypliwo\u015bci. W podca\u015bcie &#8222;Wojew\u00f3dzkiK\u0119dzierski&#8221; Kuba Wojew\u00f3dzki skierowa\u0142 pytanie do Doroty Wellman:<\/p>\n<p class=\"Paragraph_desktopParagraph__U31Gm\">\u2014 Co si\u0119 dzieje z Marcinem Prokopem, jak usiad\u0142 w programie &#8222;Mam talent!&#8221; jako juror i, m\u00f3wi\u0105c bardzo metaforycznie, odpi\u0105\u0142 kabury z rewolwerami. Krytycyzm bliski zeru. Straci\u0142 jaja. Co si\u0119 wydarzy\u0142o?<\/p>\n<p class=\"Paragraph_desktopParagraph__U31Gm\">\u2014 Uwa\u017cam, \u017ce jego funkcja tam i cel zatrudnienia go by\u0142 inny ni\u017c efekt, kt\u00f3ry zosta\u0142 osi\u0105gni\u0119ty \u2014 odpowiedzia\u0142a Wellman.<\/p>\n<p class=\"Paragraph_desktopParagraph__U31Gm\">Na te s\u0142owa Marcin Prokop odpowiedzia\u0142 <a href=\"https:\/\/plejada.pl\/newsy\/marcin-prokop-zaatakowany-przez-kube-wojewodzkiego-jest-mocna-riposta\/yg5fr5x\" id=\"704fa685-3cf3-4fe2-bbd5-3688ebc8cca4\" rel=\"nofollow noopener\" target=\"_blank\">w rozmowie z Plejad\u0105<\/a>.<\/p>\n<blockquote>\n<p class=\"Paragraph_desktopParagraph__U31Gm\">Nie jestem i nie by\u0142em \u017cadnym &#8222;rewolwerowcem&#8221;, tylko cz\u0142owiekiem, kt\u00f3ry stara si\u0119 handlowa\u0107 pozytywnymi emocjami. Dawa\u0107 ludziom rado\u015b\u0107 i nadziej\u0119, dmucha\u0107 w skrzyd\u0142a ich aspiracji, przy\u0142apywa\u0107 ich na tym, co robi\u0105 dobrze oraz chroni\u0107 ich wra\u017cliwo\u015b\u0107, a nie bawi\u0107 si\u0119 w ich publiczne upokarzanie i niszczenie. Bo dla mnie to jest forma przemocy, a nie krytyki<\/p>\n<\/blockquote>\n<p class=\"Paragraph_desktopParagraph__U31Gm\">\u2014 powiedzia\u0142 nam.<\/p>\n<p class=\"Paragraph_desktopParagraph__U31Gm\">W rozmowie przyzna\u0142, \u017ce darzy Wojew\u00f3dzkiego sympati\u0105, jednak nie powstrzyma\u0142 si\u0119 od krytyki, zarzucaj\u0105c mu, \u017ce &#8222;z jednej strony pr\u00f3buje udawa\u0107 etos bezkompromisowego dziennikarza, a z drugiej hurtowo reklamuje wybielacze do z\u0119b\u00f3w i hot-dogi ze stacji benzynowej, pozuj\u0105c przy tym na tle neonowych resorak\u00f3w&#8221;.<\/p>\n<p><img decoding=\"async\" class=\"Image_image__0tuHp Image_autoHeight__f2n87 \" height=\"587\" width=\"392\" src=\"https:\/\/www.europesays.com\/pl\/wp-content\/uploads\/2026\/04\/Lqvk9kpTURBXy8yMzljNDM4MWIzYWMzODlmMWEyOWI0ZmFhZDIyNTcwYS5qcGeSlQLNA6wAwsOVAgDNAkvCw94AA6EwAaExAaEzw.jpeg\" alt=\"Marcin Prokop\" loading=\"lazy\" \/>Piotr Andrzejczak \/ MW Media<\/p>\n<p>Marcin Prokop<\/p>\n<p class=\"Paragraph_desktopParagraph__U31Gm\">Dzi\u0119kujemy, \u017ce przeczyta\u0142a\u015b\/e\u015b nasz artyku\u0142 do ko\u0144ca. W serwisie Plejada.pl ka\u017cdego dnia piszemy o najwa\u017cniejszych wydarzeniach show-biznesowych. B\u0105d\u017a na bie\u017c\u0105co! <a rel=\"nofollow noopener\" href=\"https:\/\/profile.google.com\/cp\/Cg0vZy8xMWJ6X19wdHBx\" id=\"4a364d65-777e-434a-9559-5bfbe78c0f3f\" target=\"_blank\">Obserwuj<\/a> Plejad\u0119 w Wiadomo\u015bciach Google. Odwied\u017a nas tak\u017ce na <a rel=\"nofollow noopener\" href=\"https:\/\/www.facebook.com\/plejadapl\" id=\"8be71b26-ae5b-4184-ab39-a04a7b077954\" target=\"_blank\">Facebooku<\/a>, <a rel=\"nofollow noopener\" href=\"https:\/\/www.instagram.com\/plejadapl\/\" id=\"a4d7b3b6-684e-4a66-bf56-b9d7d87412ef\" target=\"_blank\">Instagramie<\/a>, <a rel=\"nofollow noopener\" href=\"https:\/\/www.youtube.com\/c\/plejada\" id=\"edcc0514-e4ec-445b-8931-dca265acb725\" target=\"_blank\">YouTube<\/a> oraz <a rel=\"nofollow noopener\" href=\"https:\/\/www.tiktok.com\/@plejada_pl\" id=\"342215e5-1415-4e5a-a7c9-a57227c003bd\" target=\"_blank\">TikToku<\/a>.<\/p>\n<p class=\"Paragraph_desktopParagraph__U31Gm\">Chcesz podzieli\u0107 si\u0119 ciekawym newsem lub zaproponowa\u0107 temat? Skontaktuj si\u0119 z nami, pisz\u0105c e-maila na adres: <a href=\"https:\/\/www.onet.pl\/styl-zycia\/plejada\/kuba-wojewodzki-kpi-z-rozstania-marcina-prokopa-nawiazal-do-jego-programu\/mailto:plejada@redakcjaonet.pl\" id=\"83916848-8e64-4a9d-a955-0608c474486c\" rel=\"nofollow noopener\" target=\"_blank\">plejada@redakcjaonet.pl<\/a>.<\/p>\n<p><script async src=\"\/\/www.instagram.com\/embed.js\"><\/script><script async src=\"\/\/www.tiktok.com\/embed.js\"><\/script><\/p>\n","protected":false},"excerpt":{"rendered":"Informacja o zako\u0144czeniu ma\u0142\u017ce\u0144stwa Marcina Prokopa i Marii Pra\u017cuch-Prokop, kt\u00f3ra pojawi\u0142a si\u0119 14 kwietnia, szybko obieg\u0142a media. Temat&hellip;\n","protected":false},"author":2,"featured_media":381945,"comment_status":"","ping_status":"","sticky":false,"template":"","format":"standard","meta":{"footnotes":"","_share_on_mastodon":"0"},"categories":[22],"tags":[122,67,623,719,2956,3110,53,52,68,51,55,42,38,40,39,41,123,47,196,65,50],"class_list":["post-381944","post","type-post","status-publish","format-standard","has-post-thumbnail","category-rozrywka","tag-entertainment","tag-intextvideo_splayer","tag-kuba_wojewodzki","tag-kuba_wojewodzki_dziennikarz_jakub_wojewodzki","tag-marcin_prokop","tag-marcin_prokop_dziennikarz","tag-new_header","tag-onet3","tag-onet3d","tag-onet3d_2i","tag-phx","tag-pl","tag-poland","tag-polish","tag-polska","tag-polski","tag-rozrywka","tag-screening_general","tag-styl_zycia","tag-update_me","tag-v2021"],"share_on_mastodon":{"url":"https:\/\/pubeurope.com\/@pl\/116446180333762336","error":""},"_links":{"self":[{"href":"https:\/\/www.europesays.com\/pl\/wp-json\/wp\/v2\/posts\/381944","targetHints":{"allow":["GET"]}}],"collection":[{"href":"https:\/\/www.europesays.com\/pl\/wp-json\/wp\/v2\/posts"}],"about":[{"href":"https:\/\/www.europesays.com\/pl\/wp-json\/wp\/v2\/types\/post"}],"author":[{"embeddable":true,"href":"https:\/\/www.europesays.com\/pl\/wp-json\/wp\/v2\/users\/2"}],"replies":[{"embeddable":true,"href":"https:\/\/www.europesays.com\/pl\/wp-json\/wp\/v2\/comments?post=381944"}],"version-history":[{"count":0,"href":"https:\/\/www.europesays.com\/pl\/wp-json\/wp\/v2\/posts\/381944\/revisions"}],"wp:featuredmedia":[{"embeddable":true,"href":"https:\/\/www.europesays.com\/pl\/wp-json\/wp\/v2\/media\/381945"}],"wp:attachment":[{"href":"https:\/\/www.europesays.com\/pl\/wp-json\/wp\/v2\/media?parent=381944"}],"wp:term":[{"taxonomy":"category","embeddable":true,"href":"https:\/\/www.europesays.com\/pl\/wp-json\/wp\/v2\/categories?post=381944"},{"taxonomy":"post_tag","embeddable":true,"href":"https:\/\/www.europesays.com\/pl\/wp-json\/wp\/v2\/tags?post=381944"}],"curies":[{"name":"wp","href":"https:\/\/api.w.org\/{rel}","templated":true}]}}