{"id":381985,"date":"2026-04-22T03:54:26","date_gmt":"2026-04-22T03:54:26","guid":{"rendered":"https:\/\/www.europesays.com\/pl\/381985\/"},"modified":"2026-04-22T03:54:26","modified_gmt":"2026-04-22T03:54:26","slug":"zawrzalo-po-slowach-na-temat-michaela-schumachera-i-to-od-kogo","status":"publish","type":"post","link":"https:\/\/www.europesays.com\/pl\/381985\/","title":{"rendered":"Zawrza\u0142o po s\u0142owach na temat Michaela Schumachera! I to od kogo"},"content":{"rendered":"<p>Todt nawi\u0105za\u0142 m.in. do zderzenia Michaela Schumachera z Villeneuve&#8217;em w 1997 r.<\/p>\n<p>\u2014 Wjecha\u0142 w niego celowo, ale zrobi\u0142 to nieudolnie, a Michael by\u0142 niesamowitym facetem. Ale za ka\u017cdym razem, gdy traci\u0142 kontrol\u0119 nad sob\u0105, p\u0142aci\u0142 za to bardzo wysok\u0105 cen\u0119, bo kosztowa\u0142o go to mistrzostwo \u2014 powiedzia\u0142 by\u0142y szef Ferrari. To po tych s\u0142owach zawrza\u0142o.<\/p>\n<p> Dalszy ci\u0105g artyku\u0142u pod materia\u0142em wideo Wrze po s\u0142owach na temat Michaela Schumachera<\/p>\n<p>\u2014 Brakuje mi s\u0142\u00f3w. Dlaczego powiedzia\u0142 co\u015b takiego? I to zw\u0142aszcza w trudnej sytuacji Michaela \u2014 powiedzia\u0142 z kolei Willi Weber dla &#8222;Koelner Express&#8221;.<\/p>\n<p>\u2014 Ka\u017cdy, kto zna Michaela, wie, \u017ce nie by\u0142o w tym z\u0142o\u015bliwej intencji. To by\u0142 twardy, ale konieczny manewr, by obroni\u0107 pozycj\u0119, a tym samym potencjalny tytu\u0142 \u2014 doda\u0142 na temat konfrontacji z Villeneuve&#8217;em.<\/p>\n<p>\u2014 To by\u0142o tak dawno temu i zosta\u0142o dok\u0142adnie om\u00f3wione. Czy on pr\u00f3buje po latach oczy\u015bci\u0107 siebie z czego\u015b? \u2014 dopyta\u0142 Weber.<\/p>\n<p>Michael Schumacher nie uczestniczy w \u017cyciu publicznym od 2013 r., kiedy to dozna\u0142 powa\u017cnego wypadku na nartach. Jego stan zdrowia nie jest znany opinii publicznej, a rodzina niemieckiego mistrza skrupulatnie pilnuje, aby informacje nie przedostawa\u0142y si\u0119 do medi\u00f3w.<\/p>\n","protected":false},"excerpt":{"rendered":"Todt nawi\u0105za\u0142 m.in. do zderzenia Michaela Schumachera z Villeneuve&#8217;em w 1997 r. \u2014 Wjecha\u0142 w niego celowo, ale&hellip;\n","protected":false},"author":2,"featured_media":381986,"comment_status":"","ping_status":"","sticky":false,"template":"","format":"standard","meta":{"footnotes":"","_share_on_mastodon":"0"},"categories":[52122],"tags":[61195,2858,2857,13686,48,46,6010,752,42,38,40,39,41,47],"class_list":["post-381985","post","type-post","status-publish","format-standard","has-post-thumbnail","category-pko-bank-polski","tag-bottomfeed_styl","tag-f1","tag-formula_1","tag-michael_schumacher","tag-nat_styl","tag-omp","tag-pko-bank-polski","tag-pko-bp","tag-pl","tag-poland","tag-polish","tag-polska","tag-polski","tag-screening_general"],"share_on_mastodon":{"url":"https:\/\/pubeurope.com\/@pl\/116446341755223292","error":""},"_links":{"self":[{"href":"https:\/\/www.europesays.com\/pl\/wp-json\/wp\/v2\/posts\/381985","targetHints":{"allow":["GET"]}}],"collection":[{"href":"https:\/\/www.europesays.com\/pl\/wp-json\/wp\/v2\/posts"}],"about":[{"href":"https:\/\/www.europesays.com\/pl\/wp-json\/wp\/v2\/types\/post"}],"author":[{"embeddable":true,"href":"https:\/\/www.europesays.com\/pl\/wp-json\/wp\/v2\/users\/2"}],"replies":[{"embeddable":true,"href":"https:\/\/www.europesays.com\/pl\/wp-json\/wp\/v2\/comments?post=381985"}],"version-history":[{"count":0,"href":"https:\/\/www.europesays.com\/pl\/wp-json\/wp\/v2\/posts\/381985\/revisions"}],"wp:featuredmedia":[{"embeddable":true,"href":"https:\/\/www.europesays.com\/pl\/wp-json\/wp\/v2\/media\/381986"}],"wp:attachment":[{"href":"https:\/\/www.europesays.com\/pl\/wp-json\/wp\/v2\/media?parent=381985"}],"wp:term":[{"taxonomy":"category","embeddable":true,"href":"https:\/\/www.europesays.com\/pl\/wp-json\/wp\/v2\/categories?post=381985"},{"taxonomy":"post_tag","embeddable":true,"href":"https:\/\/www.europesays.com\/pl\/wp-json\/wp\/v2\/tags?post=381985"}],"curies":[{"name":"wp","href":"https:\/\/api.w.org\/{rel}","templated":true}]}}