{"id":382096,"date":"2026-04-22T05:18:09","date_gmt":"2026-04-22T05:18:09","guid":{"rendered":"https:\/\/www.europesays.com\/pl\/382096\/"},"modified":"2026-04-22T05:18:09","modified_gmt":"2026-04-22T05:18:09","slug":"media-tyle-zarabial-tomasz-fornal-w-koncu-polski-gigant-upadl","status":"publish","type":"post","link":"https:\/\/www.europesays.com\/pl\/382096\/","title":{"rendered":"Media: tyle zarabia\u0142 Tomasz Fornal. W ko\u0144cu polski gigant upad\u0142"},"content":{"rendered":"<p>To ju\u017c koniec Jastrz\u0119bskiego W\u0119gla przynajmniej w takim wydaniu. Jeden z czo\u0142owych do niedawna polskich zespo\u0142\u00f3w przestaje istnie\u0107, a zawodnicy i trenerzy dostali woln\u0105 r\u0119k\u0119 w poszukiwaniu nowych dru\u017cyn.<\/p>\n<p> Dalszy ci\u0105g artyku\u0142u pod materia\u0142em wideo <\/p>\n<p>Problemy finansowe Jastrz\u0119bskiego W\u0119gla zacz\u0119\u0142y si\u0119 ju\u017c w 2023 r., cho\u0107 wtedy nie by\u0142y jeszcze szeroko komentowane. Klub przez lata przyci\u0105ga\u0142 najlepszych siatkarzy, zar\u00f3wno z Polski, jak i z zagranicy, oferuj\u0105c im wysokie kontrakty. Wed\u0142ug informacji podanych przez kana\u0142 WeszloTV, Tomasz Fornal i Norbert Huber, dwaj czo\u0142owi zawodnicy zespo\u0142u, zarabiali odpowiednio 2,8 mln z\u0142 oraz 1,5 mln z\u0142 rocznie. Obaj siatkarze zdecydowali si\u0119 na kontynuowanie kariery w zagranicznych klubach.<\/p>\n<p>     Co dalej z Jastrz\u0119bskim W\u0119glem?<\/p>\n<p>Jastrz\u0119bski W\u0119giel przez lata by\u0142 jednym z czo\u0142owych klub\u00f3w siatkarskich w Polsce. W ostatnich sezonach regularnie rywalizowa\u0142 o najwy\u017csze miejsca w PlusLidze oraz w europejskich pucharach. Jednak wraz z wycofaniem si\u0119 sponsora strategicznego, klub nie by\u0142 w stanie sprosta\u0107 wymaganiom finansowym.<\/p>\n<p>Zawodnicy, kt\u00f3rzy jeszcze niedawno stanowili o sile zespo\u0142u, opu\u015bcili Jastrz\u0119bie, a klub zako\u0144czy\u0142 rok z d\u0142ugami wobec siatkarzy. Jak podaje WeszloTV, problemy finansowe by\u0142y g\u0142\u00f3wnym powodem braku licencji na gr\u0119 w PlusLidze.<\/p>\n<p>Teraz przysz\u0142o\u015b\u0107 klubu stoi pod znakiem zapytania. W\u0142adze Jastrz\u0119bskiego W\u0119gla licz\u0105 na znalezienie nowego sponsora, kt\u00f3ry pozwoli na odbudow\u0119 zespo\u0142u i powr\u00f3t do siatkarskiej elity.<\/p>\n","protected":false},"excerpt":{"rendered":"To ju\u017c koniec Jastrz\u0119bskiego W\u0119gla przynajmniej w takim wydaniu. Jeden z czo\u0142owych do niedawna polskich zespo\u0142\u00f3w przestaje istnie\u0107,&hellip;\n","protected":false},"author":2,"featured_media":382097,"comment_status":"","ping_status":"","sticky":false,"template":"","format":"standard","meta":{"footnotes":"","_share_on_mastodon":"0"},"categories":[52122],"tags":[61195,13687,48,6970,46,6010,752,42,6242,38,40,39,41,47,131,996,130],"class_list":["post-382096","post","type-post","status-publish","format-standard","has-post-thumbnail","category-pko-bank-polski","tag-bottomfeed_styl","tag-jastrzebski_wegiel","tag-nat_styl","tag-norbert_huber","tag-omp","tag-pko-bank-polski","tag-pko-bp","tag-pl","tag-plusliga","tag-poland","tag-polish","tag-polska","tag-polski","tag-screening_general","tag-siatkowka","tag-tomasz_fornal","tag-wiadomosci_sportowe"],"share_on_mastodon":{"url":"https:\/\/pubeurope.com\/@pl\/116446671952319860","error":""},"_links":{"self":[{"href":"https:\/\/www.europesays.com\/pl\/wp-json\/wp\/v2\/posts\/382096","targetHints":{"allow":["GET"]}}],"collection":[{"href":"https:\/\/www.europesays.com\/pl\/wp-json\/wp\/v2\/posts"}],"about":[{"href":"https:\/\/www.europesays.com\/pl\/wp-json\/wp\/v2\/types\/post"}],"author":[{"embeddable":true,"href":"https:\/\/www.europesays.com\/pl\/wp-json\/wp\/v2\/users\/2"}],"replies":[{"embeddable":true,"href":"https:\/\/www.europesays.com\/pl\/wp-json\/wp\/v2\/comments?post=382096"}],"version-history":[{"count":0,"href":"https:\/\/www.europesays.com\/pl\/wp-json\/wp\/v2\/posts\/382096\/revisions"}],"wp:featuredmedia":[{"embeddable":true,"href":"https:\/\/www.europesays.com\/pl\/wp-json\/wp\/v2\/media\/382097"}],"wp:attachment":[{"href":"https:\/\/www.europesays.com\/pl\/wp-json\/wp\/v2\/media?parent=382096"}],"wp:term":[{"taxonomy":"category","embeddable":true,"href":"https:\/\/www.europesays.com\/pl\/wp-json\/wp\/v2\/categories?post=382096"},{"taxonomy":"post_tag","embeddable":true,"href":"https:\/\/www.europesays.com\/pl\/wp-json\/wp\/v2\/tags?post=382096"}],"curies":[{"name":"wp","href":"https:\/\/api.w.org\/{rel}","templated":true}]}}