{"id":382684,"date":"2026-04-22T11:15:20","date_gmt":"2026-04-22T11:15:20","guid":{"rendered":"https:\/\/www.europesays.com\/pl\/382684\/"},"modified":"2026-04-22T11:15:20","modified_gmt":"2026-04-22T11:15:20","slug":"silna-fala-zimna-z-polnocy-wtargnie-do-polski-w-prognozach-snieg-i-nocny-mroz","status":"publish","type":"post","link":"https:\/\/www.europesays.com\/pl\/382684\/","title":{"rendered":"Silna fala zimna z p\u00f3\u0142nocy wtargnie do Polski. W prognozach \u015bnieg i nocny mr\u00f3z"},"content":{"rendered":"<p><img decoding=\"async\" class=\"Image_image__0tuHp Image_autoHeight__f2n87 \" height=\"1268\" width=\"940\" src=\"https:\/\/www.europesays.com\/pl\/wp-content\/uploads\/2026\/04\/aiVk9kpTURBXy8wMDI4MzE1YzBhZjQxMDk2MTVkZmE4MDRmNWZmZTBhZS5qcGeRlQLNA6wAwsPeAAOhMAGhMQGhM8M.jpeg\" alt=\"Pogoda wkr\u00f3tce da nam si\u0119 mocno we znaki\" loading=\"lazy\" \/>Stworzone przy u\u017cyciu AI \/ Copilot<\/p>\n<p>Pogoda wkr\u00f3tce da nam si\u0119 mocno we znaki<\/p>\n<p class=\"Paragraph_desktopParagraph__U31Gm\">Zanim nadejdzie du\u017ce och\u0142odzenie, czeka nas jeszcze kilka ciep\u0142ych dni. Do soboty temperatura maksymalna wsz\u0119dzie ma przekracza\u0107 10 st. C. Zwykle najzimniej b\u0119dzie na p\u00f3\u0142nocy i w rejonach podg\u00f3rskich, ok. 11 st. C. W g\u0142\u0119bi kraju nie wykluczamy ju\u017c 13-17 st. C, a na zachodzie, po\u0142udniu i w centrum mo\u017cliwe jest nawet 18-19 st. C. Cieplejsze b\u0119d\u0105 r\u00f3wnie\u017c noce, a ryzyko nocnych przymrozk\u00f3w ograniczy si\u0119 do p\u00f3\u0142nocnego wschodu i obszar\u00f3w podg\u00f3rskich.<\/p>\n<p><img decoding=\"async\" class=\"Image_image__0tuHp Image_autoHeight__f2n87 \" height=\"524\" width=\"750\" src=\"https:\/\/www.europesays.com\/pl\/wp-content\/uploads\/2026\/04\/Cfek9kpTURBXy83NzAwZWZiMzZlMzE0OWRjOTM0ZjgwNmQ5Nzc0Nzg4Ni5wbmeRlQLNA6wAwsPeAAOhMAGhMQGhM8M.jpeg\" alt=\"Najbli\u017csze dni zapowiadaj\u0105 si\u0119 jeszcze do\u015b\u0107 ciep\u0142o\" loading=\"lazy\" \/>wxcharts<\/p>\n<p>Najbli\u017csze dni zapowiadaj\u0105 si\u0119 jeszcze do\u015b\u0107 ciep\u0142o<\/p>\n<p>Silna fala zimna z p\u00f3\u0142nocy wtargnie do Polski. Nocami \u015bci\u015bnie mr\u00f3z i pojawi si\u0119 jeszcze \u015bnieg <\/p>\n<p class=\"Paragraph_desktopParagraph__U31Gm\">Mimo wysokiej temperatury <a href=\"https:\/\/wiadomosci.onet.pl\/pogoda\" id=\"1fe427e4-bfd6-42cc-972b-7d611d9e0a6d\" rel=\"nofollow noopener\" target=\"_blank\">pogoda<\/a> zapowiada si\u0119 zmiennie. Pojawi\u0105 si\u0119 chwile s\u0142oneczne, ale niekiedy zbierze si\u0119 wi\u0119cej chmur. Przede wszystkim w sobot\u0119 popada z nich przelotny deszcz, a nawet zagrzmi. Tak jak ju\u017c pisali\u015bmy dzi\u015b w Onecie, <a href=\"https:\/\/wiadomosci.onet.pl\/pogoda\/beda-dwa-uderzenia-silnego-wiatru-w-tych-regionach-pogoda-stanie-sie-grozna\/bpb6dq9\" id=\"a7ee315b-a3db-4c2b-a074-c15119ac5082\" rel=\"nofollow noopener\" target=\"_blank\">zagro\u017cenie zacznie dla nas stanowi\u0107 te\u017c coraz silniejszy wiatr<\/a> i to w ca\u0142ej Polsce, ale g\u0142\u00f3wnie na wschodzie i p\u00f3\u0142nocy.<\/p>\n<p class=\"VideoPlayerText_videoPlayerText__iDwyz\">Dalszy ci\u0105g materia\u0142u pod wideo<\/p>\n<p class=\"Paragraph_desktopParagraph__U31Gm\">Od niedzieli do Polski wtargnie fala zimna z p\u00f3\u0142nocy. Jest szansa, \u017ce utrzyma si\u0119 nad nami oko\u0142o tydzie\u0144, czyli nawet do pocz\u0105tku maja. Termometry poka\u017c\u0105 du\u017co mniej ni\u017c zwykle o tej porze roku. W dzie\u0144 \u015brednio prognozujemy od 8 do 13 st. C, ale na p\u00f3\u0142nocnym wschodzie czy Pog\u00f3rzu Karpackim mog\u0105 pojawi\u0107 si\u0119 dni, gdy nawet po po\u0142udniu odnotujemy tylko ok. 5 st. C.<\/p>\n<p><img decoding=\"async\" class=\"Image_image__0tuHp Image_autoHeight__f2n87 \" height=\"503\" width=\"940\" src=\"https:\/\/www.europesays.com\/pl\/wp-content\/uploads\/2026\/04\/NF6k9kpTURBXy9jYmZlM2M2NGY3OTI1YTM2Zjk1MzU0ZjA4NDMzZjQ4Ni5wbmeRlQLNA6wAwsPeAAOhMAGhMQGhM8M.jpeg\" alt=\"Prognoza temperatury w Polsce w kolejnych dniach\" loading=\"lazy\" \/>IMGW-PIB METEO POLSKA<\/p>\n<p>Prognoza temperatury w Polsce w kolejnych dniach<\/p>\n<p class=\"Paragraph_desktopParagraph__U31Gm\">Nocami wr\u00f3c\u0105 silne <a href=\"https:\/\/wiadomosci.onet.pl\/przymrozki\" id=\"ad9648c6-15e3-4581-b49b-13553a6f5381\" rel=\"nofollow noopener\" target=\"_blank\">przymrozki<\/a>. Na przewa\u017caj\u0105cym obszarze kraju minimalnie b\u0119dzie -3\/0 st. C, na Podhalu -5\/-3 st. C, a przy gruncie jeszcze mniej. Takie temperatury to du\u017ce zagro\u017cenie dla rozwijaj\u0105cej si\u0119 przyrody.<\/p>\n<p><img decoding=\"async\" class=\"Image_image__0tuHp Image_autoHeight__f2n87 \" height=\"504\" width=\"682\" src=\"https:\/\/www.europesays.com\/pl\/wp-content\/uploads\/2026\/04\/vpqk9kpTURBXy85NDg1N2VjMDU5OWM1ZDkxNmNiZWJhMTljMWIzYTM5Yi5wbmeRlQLNA6wAwsPeAAOhMAGhMQGhM8M.jpeg\" alt=\"Temperatura w wi\u0119kszo\u015bci Europy stanie si\u0119 du\u017co ni\u017csza od normy\" loading=\"lazy\" \/>tropicaltidbits.com<\/p>\n<p>Temperatura w wi\u0119kszo\u015bci Europy stanie si\u0119 du\u017co ni\u017csza od normy<\/p>\n<p class=\"Paragraph_desktopParagraph__U31Gm\">Niskiej <a href=\"https:\/\/wiadomosci.onet.pl\/temperatura\" id=\"0ef2710b-f4fb-4d1d-bb8c-de77e4c38ec5\" rel=\"nofollow noopener\" target=\"_blank\">temperaturze<\/a> towarzyszy\u0107 ma zr\u00f3\u017cnicowana pogoda. Najgorzej b\u0119dzie na wschodzie i p\u00f3\u0142nocnym wschodzie, gdzie prognozujemy przelotne, cho\u0107 na og\u00f3\u0142 s\u0142abe opady deszczu, deszczu ze \u015bniegiem, krupy \u015bnie\u017cnej, a nawet \u015bniegu, lokalne burze oraz silny, porywisty wiatr. Im dalej na zach\u00f3d, tym pojawia\u0107 ma si\u0119 wi\u0119cej s\u0142o\u0144ca (co oznacza dalsze narastanie suszy) oraz s\u0142abszy wiatr. Wed\u0142ug u\u015brednionych prognoz bardziej wiosenna aura nadejdzie nie wcze\u015bniej ni\u017c pod koniec d\u0142ugiego weekendu majowego.<\/p>\n<p><img decoding=\"async\" class=\"Image_image__0tuHp Image_autoHeight__f2n87 \" height=\"524\" width=\"750\" src=\"https:\/\/www.europesays.com\/pl\/wp-content\/uploads\/2026\/04\/C1bk9kpTURBXy9jMjI5NmVjNGEwZDlhOTgxZmQyMzY4NTcyMjU1ZGM4NS5wbmeRlQLNA6wAwsPeAAOhMAGhMQGhM8M.jpeg\" alt=\"Do ko\u0144ca kwietnia na zachodzie mo\u017ce si\u0119 ju\u017c nie pojawi\u0107 \u017caden opad\" loading=\"lazy\" \/>wxcharts<\/p>\n<p>Do ko\u0144ca kwietnia na zachodzie mo\u017ce si\u0119 ju\u017c nie pojawi\u0107 \u017caden opad<\/p>\n","protected":false},"excerpt":{"rendered":"Stworzone przy u\u017cyciu AI \/ Copilot Pogoda wkr\u00f3tce da nam si\u0119 mocno we znaki Zanim nadejdzie du\u017ce och\u0142odzenie,&hellip;\n","protected":false},"author":2,"featured_media":382685,"comment_status":"","ping_status":"","sticky":false,"template":"","format":"standard","meta":{"footnotes":"","_share_on_mastodon":"0"},"categories":[12],"tags":[32,33,36,37,27,67,34,35,6987,28,31,53,25,3865,52,68,51,55,42,78,38,40,39,41,47,7312,29,30,65,50,26],"class_list":["post-382684","post","type-post","status-publish","format-standard","has-post-thumbnail","category-polska","tag-breaking-news","tag-breakingnews","tag-featured-news","tag-featurednews","tag-headlines","tag-intextvideo_splayer","tag-latest-news","tag-latestnews","tag-mroz","tag-naglowki","tag-najwazniejsze-artykuly","tag-new_header","tag-news","tag-ochlodzenie","tag-onet3","tag-onet3d","tag-onet3d_2i","tag-phx","tag-pl","tag-pogoda","tag-poland","tag-polish","tag-polska","tag-polski","tag-screening_general","tag-snieg","tag-top-stories","tag-topstories","tag-update_me","tag-v2021","tag-wiadomosci"],"share_on_mastodon":{"url":"https:\/\/pubeurope.com\/@pl\/116448076642888656","error":""},"_links":{"self":[{"href":"https:\/\/www.europesays.com\/pl\/wp-json\/wp\/v2\/posts\/382684","targetHints":{"allow":["GET"]}}],"collection":[{"href":"https:\/\/www.europesays.com\/pl\/wp-json\/wp\/v2\/posts"}],"about":[{"href":"https:\/\/www.europesays.com\/pl\/wp-json\/wp\/v2\/types\/post"}],"author":[{"embeddable":true,"href":"https:\/\/www.europesays.com\/pl\/wp-json\/wp\/v2\/users\/2"}],"replies":[{"embeddable":true,"href":"https:\/\/www.europesays.com\/pl\/wp-json\/wp\/v2\/comments?post=382684"}],"version-history":[{"count":0,"href":"https:\/\/www.europesays.com\/pl\/wp-json\/wp\/v2\/posts\/382684\/revisions"}],"wp:featuredmedia":[{"embeddable":true,"href":"https:\/\/www.europesays.com\/pl\/wp-json\/wp\/v2\/media\/382685"}],"wp:attachment":[{"href":"https:\/\/www.europesays.com\/pl\/wp-json\/wp\/v2\/media?parent=382684"}],"wp:term":[{"taxonomy":"category","embeddable":true,"href":"https:\/\/www.europesays.com\/pl\/wp-json\/wp\/v2\/categories?post=382684"},{"taxonomy":"post_tag","embeddable":true,"href":"https:\/\/www.europesays.com\/pl\/wp-json\/wp\/v2\/tags?post=382684"}],"curies":[{"name":"wp","href":"https:\/\/api.w.org\/{rel}","templated":true}]}}