{"id":383245,"date":"2026-04-22T16:34:16","date_gmt":"2026-04-22T16:34:16","guid":{"rendered":"https:\/\/www.europesays.com\/pl\/383245\/"},"modified":"2026-04-22T16:34:16","modified_gmt":"2026-04-22T16:34:16","slug":"lodz-trasa-tramwajowa-do-konstantynowa-znow-zamknieta","status":"publish","type":"post","link":"https:\/\/www.europesays.com\/pl\/383245\/","title":{"rendered":"\u0141\u00f3d\u017a. Trasa tramwajowa do Konstantynowa zn\u00f3w zamkni\u0119ta?"},"content":{"rendered":"<p>Wszystko na to wskazuje, \u017ce przynajmniej przez trzy dni lipca ca\u0142kowicie zawieszone zostan\u0105 kursy tramwaj\u00f3w pomi\u0119dzy \u0141odzi\u0105 a Konstantynowem. Powodem jest powi\u0119kszenie strefy \u0141\u00f3d\u017a Summer Festival 2026 na \u0142\u00f3dzkich B\u0142oniach.  <\/p>\n<p>Trasa tramwajowa \u0142\u0105cz\u0105ca \u0141\u00f3d\u017a z pobliskim Konstantynowem \u0141\u00f3dzkim <a href=\"https:\/\/www.rynek-kolejowy.pl\/wiadomosci\/tramwaj-wrocil-do-konstantynowa-lodzkiego-129605.html\" target=\"_blank\" rel=\"nofollow noopener\">zosta\u0142a ponownie otwarta na pocz\u0105tku lipca 2024 roku<\/a>. Wcze\u015bniej, bo od wrze\u015bnia 2022 roku trwa\u0142y prace przy jej przebudowie po tym, jak w marcu 2019 <a href=\"https:\/\/www.transport-publiczny.pl\/wiadomosci\/juz-oficjalnie-tramwaj-do-konstantynowa-i-lutomierska-od-3-marca-przestaje-jezdzic-60833.html\" target=\"_blank\" rel=\"nofollow noopener\">tramwaje wycofano ze wzgl\u0119du na stan techniczny infrastruktury<\/a>. <br \/>Konstantyn\u00f3w przynajmniej przez trzy dni bez tramwaju do \u0141odzi <br \/>Tramwaje linii 43 mia\u0142yby zosta\u0107 zawieszone w okresie od 24 do 26 lipca. To w\u00f3wczas odbywa\u0107 si\u0119 b\u0119dzie kolejna edycja <a href=\"https:\/\/www.rynek-kolejowy.pl\/wiadomosci\/lodz-summer-festival-2025-miasto-ocenia-transport-na-3-slusznie-127921.html\" target=\"_blank\" rel=\"nofollow noopener\">\u0141\u00f3d\u017a Summer Festival<\/a>, kt\u00f3ry jest elementem urodzin \u0141odzi. W tym roku b\u0119dzie to ju\u017c 603. rocznica. Magistrat niedawno poinformowa\u0142, \u017ce impreza si\u0119 rozrasta i potrzebne s\u0105 dodatkowe przestrzenie. W tym przypadku chodzi o zaj\u0119cie przestrzeni ul. Konstantynowskiej na odcinku Kra\u0144cowa \u2013 Juszczakiewicza. W przeciwie\u0144stwie do ubieg\u0142orocznej edycji, zamiast ci\u0105gu dla pieszych i <a href=\"https:\/\/www.rynek-kolejowy.pl\/wiadomosci\/lodz-summer-festival-2025-dodatkowe-autobusy-nawet-co-2-minuty-127962.html\" target=\"_blank\" rel=\"nofollow noopener\">autobus\u00f3w festiwalowych<\/a>, b\u0119dzie tutaj strefa gastronomiczna dla food truck\u00f3w.<img decoding=\"async\" src=\"https:\/\/www.europesays.com\/pl\/wp-content\/uploads\/2026\/04\/2026042215261620260422LodzSummerFestival26MapafotUML.jpg\"\/><\/p>\n<p>Materia\u0142y Urz\u0119du Miasta \u0141odzi | Mapa tegorocznego terenu \u0141\u00f3d\u017a Summer Festival<\/p>\n<p>\u2013 Oczywi\u015bcie komunikacja miejska na teren festiwalu darmowa, specjalna linia autobusowa. Tutaj jeszcze dogrywamy szczeg\u00f3\u0142y, jak ta linia b\u0119dzie si\u0119 przemieszcza\u0107. Scena b\u0119dzie prostopadle, co daje nam w bezpieczny spos\u00f3b mo\u017cliwo\u015b\u0107 wpuszczania wi\u0119kszej ilo\u015bci publiczno\u015bci na ulicy Konstantynowskiej \u2013 opowiada\u0142 niedawno na konferencji \u201e100 dni do \u0141SF\u201d Tomasz Piotrowski wiceprezydent \u0141odzi. Wspomnia\u0142, \u017ce cz\u0119\u015b\u0107 publiczno\u015bci to tak\u017ce mieszka\u0144cy Konstantynowa \u0141\u00f3dzkiego i\u00a0\u2013 jak zaznaczy\u0142 \u2013 zostan\u0105 oni zaopiekowani pod tym wzgl\u0119dem.<\/p>\n<p>Co warto wspomnie\u0107, tak\u017ce w ramach 603. Urodzin \u0141odzi, 26 lipca ma zosta\u0107 otwarta Zajezdnia Muzealna Brus. Problem zawieszenia linii spowoduje, \u017ce \u0141odzianie i tury\u015bci nie b\u0119d\u0105 mogli sprawnie dosta\u0107 si\u0119 do tego historycznego obiektu.  <\/p>\n<p>Radni o ewentualnym zawieszeniu kurs\u00f3w do Konstantynowa<\/p>\n<p>Temat wstrzymania kursowania tramwaj\u00f3w wywo\u0142a\u0142 w ostatnich dniach poruszenie. \u2013 Je\u017celi mamy do czynienia ze \u015brodkiem transportu, kt\u00f3ry porusza si\u0119 w tym przypadku wydzielonym torowiskiem, jest niezawodny w kwestii kork\u00f3w i umo\u017cliwia przewiezienie za jednym razem ca\u0142kiem du\u017cej liczby ludzi. Kompletnie niezrozumia\u0142ym jest zamykanie ca\u0142ej linii \u2013 uwa\u017ca zapytany przez nas Kosma Nykiel, radny Rady Miejskiej w \u0141odzi i urbanista, kt\u00f3ry zainteresowa\u0142 si\u0119 tematem. <\/p>\n<p>S\u0142yszymy o argumencie w postaci zajezdni na Brusie, gdzie jest mo\u017cliwo\u015b\u0107 zmiany kierunku oraz dodatkowej opcji sprawnego transportowania uczestnik\u00f3w. \u2013 Zamykanie torowiska tylko po to, \u017ceby zrobi\u0107 tam stref\u0119 dla food truck\u00f3w jest absurdem. Jest to tak nieodpowiedzialne zachowanie, \u017ce a\u017c jestem zdziwiony, \u017ce podejmuje to wiceprezydent odpowiedzialny za transport w mie\u015bcie. Bo jakby nie patrze\u0107, to wiceprezydent Piotrowski jest jednym ojc\u00f3w chrzestnych tej imprezy. Mam nadziej\u0119, \u017ce zostanie to jeszcze przeanalizowane ponownie \u2013 wskazuje radny Nykiel.<\/p>\n<p><img decoding=\"async\" src=\"https:\/\/www.europesays.com\/pl\/wp-content\/uploads\/2026\/04\/2026042215261620260422TramwajNaKonstantynowskiejfotDSiwak.JPG\"\/> Fot. Daniel Siwak | Tramwaje pomi\u0119dzy \u0141odzi\u0105 a Konstantynowem \u0141\u00f3dzkim wr\u00f3ci\u0142y w lipcu 2024 roku<\/p>\n<p>\u2013 Osobi\u015bcie mnie to dziwi. Ja nale\u017c\u0119 do tej grupy, kt\u00f3ra jest zwolennikami jak najwi\u0119kszej liczby tramwaj\u00f3w w mie\u015bcie. Jeszcze jako radni, nie spotkali\u015bmy si\u0119 z wyt\u0142umaczeniem, czym takie dzia\u0142ania s\u0105 podyktowane \u2013 powiedzia\u0142 w rozmowie z \u201eRynkiem Infrastruktury\u201d Marcin Hencz, przewodnicz\u0105cy Komisji Transportu i Ruchu Drogowego Rady Miejskiej w \u0141odzi. <\/p>\n<p>I doda\u0142: \u2013 Z moich w\u0142asnych do\u015bwiadcze\u0144 z ubieg\u0142ego roku, to torowisko tramwajowe dobrze, \u017ce funkcjonowa\u0142o. W czasie wyst\u0119pu najwi\u0119kszych gwiazd ten tramwaj ratowa\u0142 uczestnik\u00f3w i bez kork\u00f3w przewozi\u0142 w stron\u0119 Al. W\u0142\u00f3kniarzy. Do autobus\u00f3w nie zawsze mogli szybko wej\u015b\u0107. <\/p>\n<p>Temat wycofania tramwaj\u00f3w z ul. Konstantynowskiej zosta\u0142 zg\u0142oszony na obrady wspomnianej komisji. Kolejne jej posiedzenie odb\u0119dzie si\u0119 pod koniec kwietnia lub na pocz\u0105tku maja. Temat referowa\u0107 maj\u0105 przedstawiciele Zarz\u0105du Dr\u00f3g i Transportu w \u0141odzi.<\/p>\n<p><\/p>\n","protected":false},"excerpt":{"rendered":"Wszystko na to wskazuje, \u017ce przynajmniej przez trzy dni lipca ca\u0142kowicie zawieszone zostan\u0105 kursy tramwaj\u00f3w pomi\u0119dzy \u0141odzi\u0105 a&hellip;\n","protected":false},"author":2,"featured_media":383246,"comment_status":"","ping_status":"","sticky":false,"template":"","format":"standard","meta":{"footnotes":"","_share_on_mastodon":"0"},"categories":[51608],"tags":[7648,7650,2624,54135,54137,54134,7651,2995,3652,69170,7649,7653,52088,10798,2801,42,38,40,39,41,6228,7647,7646,7652,69169,59679,54132,60074],"class_list":["post-383245","post","type-post","status-publish","format-standard","has-post-thumbnail","category-lodz","tag-autostrada","tag-cieplownictwo","tag-energetyka","tag-inwestycje-miejskie","tag-komunikacja-miejska-w-lodzi","tag-komunikacja-w-lodzi","tag-linie-kolejowe","tag-lotnisko","tag-lodz","tag-lodz-summer-festival","tag-obwodnica","tag-operatorzy","tag-organizacja-ruchu","tag-pasazerowie","tag-pkp-plk","tag-pl","tag-poland","tag-polish","tag-polska","tag-polski","tag-porty","tag-porty-lotnicze","tag-stocznie","tag-telekomunikacja","tag-tramwaj-do-konstantynowa","tag-tramwaje-podmiejskie","tag-tramwaje-w-lodzi","tag-zarzad-drog-i-transportu-w-lodzi"],"share_on_mastodon":{"url":"https:\/\/pubeurope.com\/@pl\/116449330165717776","error":""},"_links":{"self":[{"href":"https:\/\/www.europesays.com\/pl\/wp-json\/wp\/v2\/posts\/383245","targetHints":{"allow":["GET"]}}],"collection":[{"href":"https:\/\/www.europesays.com\/pl\/wp-json\/wp\/v2\/posts"}],"about":[{"href":"https:\/\/www.europesays.com\/pl\/wp-json\/wp\/v2\/types\/post"}],"author":[{"embeddable":true,"href":"https:\/\/www.europesays.com\/pl\/wp-json\/wp\/v2\/users\/2"}],"replies":[{"embeddable":true,"href":"https:\/\/www.europesays.com\/pl\/wp-json\/wp\/v2\/comments?post=383245"}],"version-history":[{"count":0,"href":"https:\/\/www.europesays.com\/pl\/wp-json\/wp\/v2\/posts\/383245\/revisions"}],"wp:featuredmedia":[{"embeddable":true,"href":"https:\/\/www.europesays.com\/pl\/wp-json\/wp\/v2\/media\/383246"}],"wp:attachment":[{"href":"https:\/\/www.europesays.com\/pl\/wp-json\/wp\/v2\/media?parent=383245"}],"wp:term":[{"taxonomy":"category","embeddable":true,"href":"https:\/\/www.europesays.com\/pl\/wp-json\/wp\/v2\/categories?post=383245"},{"taxonomy":"post_tag","embeddable":true,"href":"https:\/\/www.europesays.com\/pl\/wp-json\/wp\/v2\/tags?post=383245"}],"curies":[{"name":"wp","href":"https:\/\/api.w.org\/{rel}","templated":true}]}}