{"id":383624,"date":"2026-04-22T20:30:07","date_gmt":"2026-04-22T20:30:07","guid":{"rendered":"https:\/\/www.europesays.com\/pl\/383624\/"},"modified":"2026-04-22T20:30:07","modified_gmt":"2026-04-22T20:30:07","slug":"oficjalnie-adam-malysz-nie-bedzie-juz-szefem-pzn-decyzja-zapadla","status":"publish","type":"post","link":"https:\/\/www.europesays.com\/pl\/383624\/","title":{"rendered":"Oficjalnie: Adam Ma\u0142ysz nie b\u0119dzie ju\u017c szefem PZN. Decyzja zapad\u0142a"},"content":{"rendered":"<p>Kamil Wolnicki: \u015arodowy zarz\u0105d PZN trwa\u0142 10 godzin. Co uradzili\u015bcie?<\/p>\n<p>Adam Ma\u0142ysz: Trwa\u0142 d\u0142ugo, bo byli wszyscy trenerzy wszystkich kadr. Tylko to trwa\u0142o 6 godzin. Zdawali sprawozdanie z wynik\u00f3w. Mamy prowizoryczne sk\u0142ady, ale do 28 kwietnia nie chc\u0119 m\u00f3wi\u0107, jak maj\u0105 wygl\u0105da\u0107. Dotychczasowi trenerzy maj\u0105 si\u0119 zaj\u0105\u0107 przygotowaniami, bo szkoda czasu. Je\u015bli chodzi o nowe osoby, decyzje podejmie nowy zarz\u0105d.<\/p>\n<p> Dalszy ci\u0105g artyku\u0142u pod materia\u0142em wideo Adam Ma\u0142ysz powiedzia\u0142 to wprost. Rezygnuje<\/p>\n<p>Czemu 28 kwietnia?<\/p>\n<p>Wtedy b\u0119d\u0105 og\u0142oszone sk\u0142ady sztab\u00f3w i zawodnik\u00f3w.<\/p>\n<p>A ty stajesz do wybor\u00f3w na prezesa PZN?<\/p>\n<p>Nie.<\/p>\n<p>Kiedy podj\u0105\u0142e\u015b decyzj\u0119?<\/p>\n<p>Troch\u0119 wcze\u015bniej. Mamy troch\u0119 rozbie\u017cne wizje. Nie chc\u0119 nic m\u00f3wi\u0107 na temat zarz\u0105du. Chc\u0119 doci\u0105gn\u0105\u0107 rzeczy, kt\u00f3re mam do zrobienia, a p\u00f3\u017aniej mam swoje plany. \u017bycz\u0119 nowej ekipie wszystkiego dobrego i powodzenia. Mam nadziej\u0119, \u017ce wiele rzeczy, kt\u00f3re zrobili\u015bmy, b\u0119dzie kontynuowanych. Nie m\u00f3wi\u0119, \u017ce wszystkie, bo zawsze s\u0105 plusy i minusy. Dla swojego zdrowia i spokoju wol\u0119 nie kandydowa\u0107. B\u0119d\u0119 mia\u0142 inne rzeczy do roboty.<\/p>\n<p>M\u00f3wisz, \u017ce przychodzi nowa ekipa. Chyba stara, skoro do wybor\u00f3w staje Apoloniusz Tajner.<\/p>\n<p>Ty to powiedzia\u0142e\u015b, ja nie wiem, jaka ekipa przyjdzie. Wybory b\u0119d\u0105 prawdopodobnie w po\u0142owie czerwca, do tego czasu chc\u0119 pozamyka\u0107 wszystkie rzeczy. Sporo przed nami, mamy do podpisania kontrakty z Orlenem i Visa. Trzeba to zrobi\u0107 dla dobra sportu. Kolejna ekipa b\u0119dzie mia\u0142a pod tym wzgl\u0119dem spokojnie, je\u015bli podpiszemy dokumenty, a rozmowy s\u0105 na ko\u0144cu negocjacji. Zawsze b\u0119d\u0119 przy skokach. I nie tylko. Przez cztery lata z\u017cy\u0142em si\u0119 z pracownikami zwi\u0105zku, ale i ekipami. Snowboardzi\u015bci, alpejczycy, biegacze&#8230; Ze wszystkimi teamami, kt\u00f3re nas reprezentowa\u0142y. Stara\u0142em si\u0119, \u017ceby mieli to, co najlepsze.<\/p>\n<p>     &#8222;A ja nie mam ju\u017c si\u0142y, szkoda zdrowia&#8221;<\/p>\n<p>Wyobra\u017casz sobie jeszcze prac\u0119 w zwi\u0105zku?<\/p>\n<p>Teraz musz\u0119 przede wszystkim odpocz\u0105\u0107. To nie jest \u0142atwa praca. Wiedzia\u0142em, \u017ce b\u0119dzie trudno, ale nie, \u017ce to cz\u0119sto walka z wiatrakami. I jeszcze co\u015b: dzisiaj to nie jest praca prezesa, kt\u00f3ry reprezentuje zwi\u0105zek, a har\u00f3wka. Siedzisz 3\u20134 dni w zwi\u0105zku i zajmujesz si\u0119 biurokracj\u0105. Kiedy\u015b rola prezesa by\u0142a inna, teraz roboty jest mn\u00f3stwo, bo zwi\u0105zki, cho\u0107 dalej nazywaj\u0105 si\u0119 stowarzyszeniami, to tak naprawd\u0119 firmy. Polski Zwi\u0105zek Narciarski to nie jest jedna dyscyplina, a kilka. Ka\u017cdemu trzeba zapewni\u0107 spok\u00f3j. Mam nadziej\u0119, \u017ce przez cztery mi si\u0119 to udawa\u0142o. Zwi\u0105zek pod wzgl\u0119dem finansowym dobrze wygl\u0105da. Du\u017co zrobili\u015bmy, wiele jeszcze mo\u017cna. A ja nie mam ju\u017c si\u0142y, szkoda zdrowia.<\/p>\n","protected":false},"excerpt":{"rendered":"Kamil Wolnicki: \u015arodowy zarz\u0105d PZN trwa\u0142 10 godzin. Co uradzili\u015bcie? Adam Ma\u0142ysz: Trwa\u0142 d\u0142ugo, bo byli wszyscy trenerzy&hellip;\n","protected":false},"author":2,"featured_media":383625,"comment_status":"","ping_status":"","sticky":false,"template":"","format":"standard","meta":{"footnotes":"","_share_on_mastodon":"0"},"categories":[24],"tags":[4603,61195,48,46,42,38,40,39,41,24782,47,1874,127,126,5777],"class_list":["post-383624","post","type-post","status-publish","format-standard","has-post-thumbnail","category-sport","tag-adam_malysz","tag-bottomfeed_styl","tag-nat_styl","tag-omp","tag-pl","tag-poland","tag-polish","tag-polska","tag-polski","tag-pzn","tag-screening_general","tag-skoki_narciarskie","tag-sport","tag-sports","tag-sporty_zimowe"],"share_on_mastodon":{"url":"https:\/\/pubeurope.com\/@pl\/116450258190860946","error":""},"_links":{"self":[{"href":"https:\/\/www.europesays.com\/pl\/wp-json\/wp\/v2\/posts\/383624","targetHints":{"allow":["GET"]}}],"collection":[{"href":"https:\/\/www.europesays.com\/pl\/wp-json\/wp\/v2\/posts"}],"about":[{"href":"https:\/\/www.europesays.com\/pl\/wp-json\/wp\/v2\/types\/post"}],"author":[{"embeddable":true,"href":"https:\/\/www.europesays.com\/pl\/wp-json\/wp\/v2\/users\/2"}],"replies":[{"embeddable":true,"href":"https:\/\/www.europesays.com\/pl\/wp-json\/wp\/v2\/comments?post=383624"}],"version-history":[{"count":0,"href":"https:\/\/www.europesays.com\/pl\/wp-json\/wp\/v2\/posts\/383624\/revisions"}],"wp:featuredmedia":[{"embeddable":true,"href":"https:\/\/www.europesays.com\/pl\/wp-json\/wp\/v2\/media\/383625"}],"wp:attachment":[{"href":"https:\/\/www.europesays.com\/pl\/wp-json\/wp\/v2\/media?parent=383624"}],"wp:term":[{"taxonomy":"category","embeddable":true,"href":"https:\/\/www.europesays.com\/pl\/wp-json\/wp\/v2\/categories?post=383624"},{"taxonomy":"post_tag","embeddable":true,"href":"https:\/\/www.europesays.com\/pl\/wp-json\/wp\/v2\/tags?post=383624"}],"curies":[{"name":"wp","href":"https:\/\/api.w.org\/{rel}","templated":true}]}}