{"id":383643,"date":"2026-04-22T20:43:27","date_gmt":"2026-04-22T20:43:27","guid":{"rendered":"https:\/\/www.europesays.com\/pl\/383643\/"},"modified":"2026-04-22T20:43:27","modified_gmt":"2026-04-22T20:43:27","slug":"handball-stal-mielec-orlen-wisla-plock-hej-mielec-pl","status":"publish","type":"post","link":"https:\/\/www.europesays.com\/pl\/383643\/","title":{"rendered":"Handball Stal Mielec \u2013 Orlen Wis\u0142a P\u0142ock &#8211; HEJ.MIELEC.PL"},"content":{"rendered":"<p class=\"comments-add-info\">U\u017cytkowniku, pami\u0119taj, \u017ce w Internecie nie jeste\u015b anonimowy. Ponosisz<br \/>\n              odpowiedzialno\u015b\u0107 za tre\u015bci zamieszczane na portalu hej.mielec.pl. Dodanie opinii jest<br \/>\n              r\u00f3wnoznaczne z akceptacj\u0105 <a href=\"https:\/\/hej.mielec.pl\/pl\/22_regulamin\" rel=\"nofollow noopener\" target=\"_blank\">Regulaminu portalu<\/a>. Je\u015bli zauwa\u017cy\u0142e\u015b,<br \/>\n              \u017ce kt\u00f3ra\u015b opinia \u0142amie prawo lub dobry obyczaj &#8211; powiadom nas <a href=\"http:\/\/hej.mielec.pl\/cdn-cgi\/l\/email-protection#98f1f6fef7d8f0fdf2b6f5f1fdf4fdfbb6e8f4\" rel=\"nofollow noopener\" target=\"_blank\">[email\u00a0protected]<\/a> lub u\u017cyj przycisku<br \/>\n              Zg\u0142o\u015b komentarz <\/p>\n","protected":false},"excerpt":{"rendered":"U\u017cytkowniku, pami\u0119taj, \u017ce w Internecie nie jeste\u015b anonimowy. Ponosisz odpowiedzialno\u015b\u0107 za tre\u015bci zamieszczane na portalu hej.mielec.pl. Dodanie opinii&hellip;\n","protected":false},"author":2,"featured_media":383644,"comment_status":"","ping_status":"","sticky":false,"template":"","format":"standard","meta":{"footnotes":"","_share_on_mastodon":"0"},"categories":[52097],"tags":[14432,774,42,38,40,39,41],"class_list":["post-383643","post","type-post","status-publish","format-standard","has-post-thumbnail","category-orlen","tag-mielec","tag-orlen","tag-pl","tag-poland","tag-polish","tag-polska","tag-polski"],"share_on_mastodon":{"url":"https:\/\/pubeurope.com\/@pl\/116450309071750857","error":""},"_links":{"self":[{"href":"https:\/\/www.europesays.com\/pl\/wp-json\/wp\/v2\/posts\/383643","targetHints":{"allow":["GET"]}}],"collection":[{"href":"https:\/\/www.europesays.com\/pl\/wp-json\/wp\/v2\/posts"}],"about":[{"href":"https:\/\/www.europesays.com\/pl\/wp-json\/wp\/v2\/types\/post"}],"author":[{"embeddable":true,"href":"https:\/\/www.europesays.com\/pl\/wp-json\/wp\/v2\/users\/2"}],"replies":[{"embeddable":true,"href":"https:\/\/www.europesays.com\/pl\/wp-json\/wp\/v2\/comments?post=383643"}],"version-history":[{"count":0,"href":"https:\/\/www.europesays.com\/pl\/wp-json\/wp\/v2\/posts\/383643\/revisions"}],"wp:featuredmedia":[{"embeddable":true,"href":"https:\/\/www.europesays.com\/pl\/wp-json\/wp\/v2\/media\/383644"}],"wp:attachment":[{"href":"https:\/\/www.europesays.com\/pl\/wp-json\/wp\/v2\/media?parent=383643"}],"wp:term":[{"taxonomy":"category","embeddable":true,"href":"https:\/\/www.europesays.com\/pl\/wp-json\/wp\/v2\/categories?post=383643"},{"taxonomy":"post_tag","embeddable":true,"href":"https:\/\/www.europesays.com\/pl\/wp-json\/wp\/v2\/tags?post=383643"}],"curies":[{"name":"wp","href":"https:\/\/api.w.org\/{rel}","templated":true}]}}