{"id":383656,"date":"2026-04-22T20:52:14","date_gmt":"2026-04-22T20:52:14","guid":{"rendered":"https:\/\/www.europesays.com\/pl\/383656\/"},"modified":"2026-04-22T20:52:14","modified_gmt":"2026-04-22T20:52:14","slug":"wroclaw-na-to-nie-pozwoli-sutryk-przeciwny-duzej-inwestycji","status":"publish","type":"post","link":"https:\/\/www.europesays.com\/pl\/383656\/","title":{"rendered":"\u201eWroc\u0142aw na to nie pozwoli&#8221;. Sutryk przeciwny du\u017cej inwestycji"},"content":{"rendered":"<p>Jakie zastrze\u017cenia ma miasto do inwestycji na rogu ulic Mglistej i Babiego Lata.<\/p>\n<p>Dlaczego prezydent Wroc\u0142awia mo\u017ce odradzi\u0107 radnym poparcie wniosku inwestora.<\/p>\n<p>Co planuje zrealizowa\u0107 sp\u00f3\u0142ka City Park w ramach inwestycji.<\/p>\n<p>    <a name=\"eztoc38915620_0_5\" id=\"eztoc38915620_0_5\"\/>Burza wok\u00f3\u0142 du\u017cej inwestycji. Jest stanowisko Sutryka<\/p>\n<p>W sprawie<br \/>\n<a href=\"https:\/\/wiadomosci.radiozet.pl\/tag\/kategoria\/inwestycje\" target=\"_self\" rel=\"dofollow noopener\">inwestycji<\/a>\u00a0na rogu ulic Mglistej i Babiego Lata prezydent<br \/>\n<a href=\"https:\/\/wiadomosci.radiozet.pl\/tag\/kategoria\/wroclaw\" target=\"_self\" rel=\"dofollow noopener\">Wroc\u0142awia<\/a> Jacek Sutryk wys\u0142a\u0142 pismo\u00a0do Rady Osiedla Krzyki-Partynice. Na wst\u0119pie podkre\u015bli\u0142, \u017ce\u00a0zar\u00f3wno sam zamiar budowy, jak i prowadzone w tym temacie konsultacje z mieszka\u0144cami maj\u0105 charakter inicjatywy wy\u0142\u0105cznie prywatnej. Dzia\u0142ania te nie s\u0105 aktualnie elementem procedur administracyjnych, a Urz\u0105d Miejski Wroc\u0142awia nie jest w opisany proces konsultacji w \u017caden spos\u00f3b zaanga\u017cowany.<\/p>\n<p>\u201ePodkre\u015blam, \u017ce prezentowana przez inwestora koncepcja na stronie internetowej babiegolata-mglista.pl jest sprzeczna z polityk\u0105 przestrzenn\u0105 miasta Wroc\u0142awia wyra\u017con\u0105 w ustaleniach obowi\u0105zuj\u0105cego miejscowego planu zagospodarowania przestrzennego. Nieruchomo\u015b\u0107 obj\u0119ta proponowanym przedsi\u0119wzi\u0119ciem przeznaczona jest przede wszystkim na edukacj\u0119, \u017c\u0142obki oraz terenowe i kryte urz\u0105dzenia sportowe. Jednocze\u015bnie przedmiotowy plan nie przewiduje funkcji mieszkaniowej&#8221; &#8211; czytamy w stanowisku prezydenta Sutryka.<\/p>\n<p><a name=\"eztoc38915620_0_6\" id=\"eztoc38915620_0_6\"\/>Miasto \u201eda radnym rekomendacje&#8221;, by odrzucili wniosek<\/p>\n<p>Przypomnijmy, \u017ce\u00a0City Park prowadzi dialog z mieszka\u0144cami, aby przedstawi\u0107 za\u0142o\u017cenia inwestycji oraz wsp\u00f3lnie om\u00f3wi\u0107 proponowan\u0105 koncepcj\u0119 budynku mieszkalno-us\u0142ugowego.\u00a0Zbieranie uwag trwa od 20 kwietnia do 5 maja.\u00a0Miasto, jak podkre\u015bla, nie mo\u017ce\u00a0inwestorowi zabroni\u0107 ani prowadzenia w tej sprawie swoich konsultacji spo\u0142ecznych, ani\u00a0z\u0142o\u017cenia wniosku o zgod\u0119 na skorzystanie ze specustawy lex developer, kt\u00f3ra wy\u0142\u0105cza dzia\u0142anie planu miejscowego.\u00a0<\/p>\n<p>Je\u015bli to zrobi, Rada Miejska b\u0119dzie mia\u0142a obowi\u0105zek podda\u0107 wniosek pod g\u0142osowanie. Mimo wszystko zar\u00f3wno prezydent Sutryk,\u00a0jak i miejskie s\u0142u\u017cby planistyczne \u201edadz\u0105 radnym bardzo mocn\u0105 rekomendacj\u0119, \u017ceby odrzucili ten wniosek&#8221; \u2013 podkre\u015bla biuro prasowe. Przypomnijmy, \u017ce sp\u00f3\u0142ka City Park chce inwestowa\u0107 w tzw. trybie lex deweloper u zbiegu ulic Mglistej i Babiego Lata. Sk\u0142adaj\u0105c pre-wniosek w tej procedurze, zobligowana jest do przeprowadzenia konsultacji spo\u0142ecznej.<\/p>\n<p>\u201eKoncepcja zak\u0142ada budow\u0119 budynku mieszkaniowo-us\u0142ugowego, kt\u00f3ry pomie\u015bci ok. 174 mieszka\u0144, a powierzchnia u\u017cytkowa lokali wyniesie ok. 10 710 metr\u00f3w kwadratowych. Budynek mia\u0142by mie\u0107 zmienn\u0105 wysoko\u015b\u0107 od 4 do 11 kondygnacji, zbli\u017caj\u0105c si\u0119 do wysoko\u015bci blok\u00f3w Os. Przyja\u017ani&#8221; &#8211; wyja\u015bnia Rada Osiedla Krzyki-Partynice.\u00a0Miejscowy plan zagospodarowania przestrzennego pozwala na lokalizacj\u0119 w tym miejscu obiektu nie wi\u0119kszego ni\u017c cztery kondygnacje, a jego podstawowe przeznaczenie to us\u0142ugi edukacyjne i sportowe.<\/p>\n<p>\u0179r\u00f3d\u0142o: Radio ZET<\/p>\n<p>By\u0142e\u015b \u015bwiadkiem czego\u015b niespodziewanego? Masz temat, kt\u00f3rym powinni\u015bmy si\u0119 zaj\u0105\u0107?<\/p>\n<p>Zg\u0142o\u015b spraw\u0119 przez <a href=\"https:\/\/wiadomosci.radiozet.pl\/czerwony-telefon\" target=\"_blank\" title=\"Czerwony telefon Radia Zet\" rel=\"nofollow noopener\">Czerwony telefon Radia ZET<\/a><\/p>\n","protected":false},"excerpt":{"rendered":"Jakie zastrze\u017cenia ma miasto do inwestycji na rogu ulic Mglistej i Babiego Lata. Dlaczego prezydent Wroc\u0142awia mo\u017ce odradzi\u0107&hellip;\n","protected":false},"author":2,"featured_media":383657,"comment_status":"","ping_status":"","sticky":false,"template":"","format":"standard","meta":{"footnotes":"","_share_on_mastodon":"0"},"categories":[51607],"tags":[17214,8524,3511,26261,42,38,40,39,41,1853],"class_list":["post-383656","post","type-post","status-publish","format-standard","has-post-thumbnail","category-wroclaw","tag-dolnoslaskie","tag-dolny-slask","tag-inwestycje","tag-jacek-sutryk","tag-pl","tag-poland","tag-polish","tag-polska","tag-polski","tag-wroclaw"],"share_on_mastodon":{"url":"https:\/\/pubeurope.com\/@pl\/116450344632995588","error":""},"_links":{"self":[{"href":"https:\/\/www.europesays.com\/pl\/wp-json\/wp\/v2\/posts\/383656","targetHints":{"allow":["GET"]}}],"collection":[{"href":"https:\/\/www.europesays.com\/pl\/wp-json\/wp\/v2\/posts"}],"about":[{"href":"https:\/\/www.europesays.com\/pl\/wp-json\/wp\/v2\/types\/post"}],"author":[{"embeddable":true,"href":"https:\/\/www.europesays.com\/pl\/wp-json\/wp\/v2\/users\/2"}],"replies":[{"embeddable":true,"href":"https:\/\/www.europesays.com\/pl\/wp-json\/wp\/v2\/comments?post=383656"}],"version-history":[{"count":0,"href":"https:\/\/www.europesays.com\/pl\/wp-json\/wp\/v2\/posts\/383656\/revisions"}],"wp:featuredmedia":[{"embeddable":true,"href":"https:\/\/www.europesays.com\/pl\/wp-json\/wp\/v2\/media\/383657"}],"wp:attachment":[{"href":"https:\/\/www.europesays.com\/pl\/wp-json\/wp\/v2\/media?parent=383656"}],"wp:term":[{"taxonomy":"category","embeddable":true,"href":"https:\/\/www.europesays.com\/pl\/wp-json\/wp\/v2\/categories?post=383656"},{"taxonomy":"post_tag","embeddable":true,"href":"https:\/\/www.europesays.com\/pl\/wp-json\/wp\/v2\/tags?post=383656"}],"curies":[{"name":"wp","href":"https:\/\/api.w.org\/{rel}","templated":true}]}}