{"id":383749,"date":"2026-04-22T22:08:10","date_gmt":"2026-04-22T22:08:10","guid":{"rendered":"https:\/\/www.europesays.com\/pl\/383749\/"},"modified":"2026-04-22T22:08:10","modified_gmt":"2026-04-22T22:08:10","slug":"baner-zdradza-wiecej-niz-inwestor-aldi-na-horyzoncie-w-boleslawcu","status":"publish","type":"post","link":"https:\/\/www.europesays.com\/pl\/383749\/","title":{"rendered":"Baner zdradza wi\u0119cej ni\u017c inwestor. Aldi na horyzoncie w Boles\u0142awcu"},"content":{"rendered":"<p>Wn\u0119trze hali zostanie podzielone. Wszystko wskazuje na\u00a0to, \u017ce\u00a0powstanie tam typowy park handlowy z\u00a0oddzielnymi wej\u015bciami do\u00a0poszczeg\u00f3lnych lokali. Podobne rozwi\u0105zania funkcjonuj\u0105 ju\u017c m.in.\u00a0w\u00a0Starej Mleczarni oraz\u00a0Oto Parku.<\/p>\n<p>Nowe inwestycje w\u00a0mie\u015bcie wzbudzaj\u0105 du\u017ce zainteresowanie mieszka\u0144c\u00f3w Boles\u0142awca. W\u00a0przypadku <a href=\"https:\/\/istotne.pl\/wiadomosc\/62846\" rel=\"nofollow noopener\" target=\"_blank\">przebudowy przy alei Tysi\u0105clecia 49<\/a> najcz\u0119\u015bciej pojawiaj\u0105 si\u0119 pytania o\u00a0to, jakie sklepy znajd\u0105 si\u0119 w\u00a0nowym kompleksie oraz\u00a0czy zdewastowana obecnie stacja paliw przy dawnym markecie zostanie ponownie uruchomiona.<\/p>\n<p>Na\u00a0razie nie otrzymali\u015bmy oficjalnych informacji o\u00a0tym jakie sklepy pojawi\u0105 si\u0119 w\u00a0tym miejscu. Za\u00a0to na\u00a0budynku, od\u00a0strony ulicy Ga\u0142czy\u0144skiego, pojawi\u0142 si\u0119 baner o\u00a0tre\u015bci: \u201eTu powstaje nowy sklep Aldi\u201d. Wys\u0142ali\u015bmy do\u00a0sieci Aldi zapytanie w\u00a0tej sprawie.<\/p>\n<p>Wci\u0105\u017c te\u017c czekamy na\u00a0oficjalne informacje od\u00a0inwestora odpowiedzialnego za\u00a0realizacj\u0119 projektu.<\/p>\n<p><a data-toggle=\"lightbox\" data-gallery=\"img\" href=\"https:\/\/www.europesays.com\/pl\/wp-content\/uploads\/2026\/04\/182396.jpg\"><img decoding=\"async\" alt=\"Przebudowa budynku po Tesco nabiera tempa\" src=\"https:\/\/www.europesays.com\/pl\/wp-content\/uploads\/2026\/04\/182396.jpg\"\/><\/a>Przebudowa budynku po Tesco nabiera tempafot. istotne.pl                <\/p>\n","protected":false},"excerpt":{"rendered":"Wn\u0119trze hali zostanie podzielone. Wszystko wskazuje na\u00a0to, \u017ce\u00a0powstanie tam typowy park handlowy z\u00a0oddzielnymi wej\u015bciami do\u00a0poszczeg\u00f3lnych lokali. Podobne rozwi\u0105zania&hellip;\n","protected":false},"author":2,"featured_media":383750,"comment_status":"","ping_status":"","sticky":false,"template":"","format":"standard","meta":{"footnotes":"","_share_on_mastodon":"0"},"categories":[16],"tags":[69258,113,112,2610,42,38,40,39,41,6763],"class_list":["post-383749","post","type-post","status-publish","format-standard","has-post-thumbnail","category-biznes","tag-al-tysiaclecia","tag-biznes","tag-business","tag-inwestycja","tag-pl","tag-poland","tag-polish","tag-polska","tag-polski","tag-tesco"],"share_on_mastodon":{"url":"https:\/\/pubeurope.com\/@pl\/116450643505850375","error":""},"_links":{"self":[{"href":"https:\/\/www.europesays.com\/pl\/wp-json\/wp\/v2\/posts\/383749","targetHints":{"allow":["GET"]}}],"collection":[{"href":"https:\/\/www.europesays.com\/pl\/wp-json\/wp\/v2\/posts"}],"about":[{"href":"https:\/\/www.europesays.com\/pl\/wp-json\/wp\/v2\/types\/post"}],"author":[{"embeddable":true,"href":"https:\/\/www.europesays.com\/pl\/wp-json\/wp\/v2\/users\/2"}],"replies":[{"embeddable":true,"href":"https:\/\/www.europesays.com\/pl\/wp-json\/wp\/v2\/comments?post=383749"}],"version-history":[{"count":0,"href":"https:\/\/www.europesays.com\/pl\/wp-json\/wp\/v2\/posts\/383749\/revisions"}],"wp:featuredmedia":[{"embeddable":true,"href":"https:\/\/www.europesays.com\/pl\/wp-json\/wp\/v2\/media\/383750"}],"wp:attachment":[{"href":"https:\/\/www.europesays.com\/pl\/wp-json\/wp\/v2\/media?parent=383749"}],"wp:term":[{"taxonomy":"category","embeddable":true,"href":"https:\/\/www.europesays.com\/pl\/wp-json\/wp\/v2\/categories?post=383749"},{"taxonomy":"post_tag","embeddable":true,"href":"https:\/\/www.europesays.com\/pl\/wp-json\/wp\/v2\/tags?post=383749"}],"curies":[{"name":"wp","href":"https:\/\/api.w.org\/{rel}","templated":true}]}}