{"id":383956,"date":"2026-04-23T00:43:31","date_gmt":"2026-04-23T00:43:31","guid":{"rendered":"https:\/\/www.europesays.com\/pl\/383956\/"},"modified":"2026-04-23T00:43:31","modified_gmt":"2026-04-23T00:43:31","slug":"smierc-na-torach-wstrzymany-ruch-pociagow-szczecin-kolobrzeg","status":"publish","type":"post","link":"https:\/\/www.europesays.com\/pl\/383956\/","title":{"rendered":"\u015amier\u0107 na torach, wstrzymany ruch poci\u0105g\u00f3w Szczecin \u2013 Ko\u0142obrzeg"},"content":{"rendered":"<p>                        <a href=\"https:\/\/24kurier.pl\/media\/ykyerupd\/35ce2b18-8e64-4033-ba8b-6010a1842e0a.jpg\" data-fancybox=\"gallery3\" data-caption=\"Fot. Miros\u0142aw Winconek \" rel=\"nofollow noopener\" target=\"_blank\">&#13;<br \/>\n                            &#13;<br \/>\n                            <img decoding=\"async\" src=\"https:\/\/www.europesays.com\/pl\/wp-content\/uploads\/2026\/04\/35ce2b18-8e64-4033-ba8b-6010a1842e0a.jpg\" class=\"img-fluid figure-img\" alt=\"\u015amier\u0107 na torach, wstrzymany ruch poci\u0105g\u00f3w Szczecin \u2013 Ko\u0142obrzeg\"\/>&#13;<br \/>\n                        <\/a><\/p>\n<p>&#13;<br \/>\n                            Fot. Miros\u0142aw Winconek &#13;<br \/>\n                            &#13;<br \/>\n                                \u00a0&#13;<br \/>\n                            &#13;\n                        <\/p>\n<p class=\"lead ng-binding\">Jedna nastolatka zgin\u0119\u0142a, druga jest w stanie ci\u0119\u017ckim po potr\u0105ceniu na linii kolejowej 402, mi\u0119dzy Goleniowem a Mostami. Na kilka godzin wstrzymany zosta\u0142 ruch poci\u0105g\u00f3w ze Szczecina w kierunku Ko\u0142obrzegu i Koszalina. Polregio organizuje autobusow\u0105 komunikacj\u0119 zast\u0119pcz\u0105.<\/p>\n<p>&#13;<\/p>\n<p>REKLAMA<\/p>\n<p>&#13;<br \/>\n    &#13;<br \/>\n    &#13;<\/p>\n<p>Do wypadku dosz\u0142o w \u015brod\u0119, przed godz. 14 na torze kolejowym w terenie le\u015bnym w pobli\u017cu Goleniowa.<\/p>\n<p>&#8211; Zesp\u00f3\u0142 ratownictwa medycznego zosta\u0142 zadysponowany do poszkodowanych nastolatek w wieku ok. 15-16 lat. Jedna z nich ponios\u0142a \u015bmier\u0107 na miejscu. Zgon nast\u0105pi\u0142 przed przybyciem ZRM, druga w stanie og\u00f3lnym ci\u0119\u017ckim z urazem g\u0142owy i brzucha, po dokonaniu niezb\u0119dnych czynno\u015bci ratunkowych zosta\u0142a przekazana na pok\u0142ad LPR &#8211; poinformowa\u0142a PAP rzecznika prasowa Wojew\u00f3dzkiej Stacji Pogotowia Ratunkowego w Szczecinie Natalia Dorochowicz.<\/p>\n<p>Druga nastolatka \u015bmig\u0142owcem LPR zosta\u0142a przetransportowana do Szpitala Zdroje w Szczecinie. Jej stan jest ci\u0119\u017cki.<\/p>\n<p>Na razie nie s\u0105 znane dok\u0142adne okoliczno\u015bci zdarzenia. Bartosz Pietrzykowski z PKP PLK przekaza\u0142, \u017ce do potr\u0105cenia dosz\u0142o na jednotorowym odcinku linii kolejowej nr 402 prowadz\u0105cej w kierunku Ko\u0142obrzegu i Koszalina.<\/p>\n<p>&#8211; Dwie osoby nieuprawnione, znajduj\u0105ce si\u0119 na torach, zosta\u0142y potr\u0105cone przez poci\u0105g relacji Szczecin-Koszalin. Wstrzymany zosta\u0142 ruch poci\u0105g\u00f3w. Zostanie wznowiony po zako\u0144czeniu pracy policji i prokuratora \u2013 zaznaczy\u0142 Piterzykowski.<\/p>\n<p>Na miejsce wypadku przyby\u0142 dyrektor szczeci\u0144skiego oddzia\u0142u Polregio Andrzej Cha\u0144ko. W rozmowie z PAP wyja\u015bni\u0142, \u017ce organizowana jest ewakuacja ok. 100 podr\u00f3\u017cnych.<\/p>\n<p>&#8211; Dru\u017cyna konduktorska prawdopodobnie przeprowadzi ich 700-800 metr\u00f3w przez las, do najbli\u017cszego miejsca, gdzie mog\u0105 podjecha\u0107 autobusy \u2013 powiedzia\u0142 Cha\u0144ko.<\/p>\n<p>Lini\u0105 402 kursuj\u0105 tylko poci\u0105gi Polregio. Jak zaznaczy\u0142 Pietrzykowski, do godz. 17 na tej trasie zaplanowanych by\u0142o siedem po\u0142\u0105cze\u0144. \u2013 Zalecili\u015bmy przewo\u017anikowi uruchomienie komunikacji zast\u0119pczej \u2013 podsumowa\u0142. Zastrzeg\u0142, \u017ce wstrzymanie ruchu poci\u0105g\u00f3w, kt\u00f3re ze Szczecina jad\u0105 w kierunku Ko\u0142obrzegu i Koszalina, mo\u017ce potrwa\u0107 d\u0142u\u017cej.<\/p>\n<p>Na miejsce skierowano te\u017c trzy pojazdy stra\u017cy po\u017carnej, w sumie dziewi\u0119ciu stra\u017cak\u00f3w. &#8211; Nasze dzia\u0142ania polega\u0142y na zabezpieczeniu miejsca zdarzenia oraz udzielaniu wsparcia zespo\u0142owi ratownictwa medycznego w zaopatrywaniu os\u00f3b poszkodowanych &#8211; przekaza\u0142 rzecznik prasowy Komendy Wojew\u00f3dzkiej PSP w Szczecinie asp. Dariusz Schacht.<\/p>\n<p><a href=\"https:\/\/24kurier.pl\/notaprawnaPAP\" title=\"Nota prawna PAP\" rel=\"nofollow noopener\" target=\"_blank\"><img loading=\"lazy\" decoding=\"async\" src=\"https:\/\/www.europesays.com\/pl\/wp-content\/uploads\/2026\/04\/1776905011_305_logopap100px.png\" alt=\"Logo PAP\" width=\"50\" height=\"30\"\/><\/a> <a rel=\"noopener nofollow\" href=\"https:\/\/24kurier.pl\/notaprawnaPAP2\" target=\"_blank\" title=\"Nota prawna PAP\">Copyright<\/a><\/p>\n<p class=\"lead ng-binding\">***<\/p>\n<p class=\"lead ng-binding\">Wcze\u015bniejsza informacja:\u00a0<\/p>\n<p class=\"lead ng-binding\">Po potr\u0105ceniu dw\u00f3ch os\u00f3b na linii kolejowej 402, mi\u0119dzy Goleniowem a Mostami, na kilka godzin wstrzymany zosta\u0142 ruch poci\u0105g\u00f3w ze Szczecina w kierunku Ko\u0142obrzegu i Koszalina. Polregio organizuje autobusow\u0105 komunikacj\u0119 zast\u0119pcz\u0105.<\/p>\n<p>Do wypadku dosz\u0142o w \u015brod\u0119 przed godz. 14, na terenie le\u015bnym w pobli\u017cu Goleniowa. Jednotorowa na tym odcinku linia kolejowa nr 402 prowadzi w kierunku Ko\u0142obrzegu i Koszalina.<\/p>\n<p>&#8211; Dwie osoby nieuprawnione, znajduj\u0105ce si\u0119 na torach, zosta\u0142y potr\u0105cone przez poci\u0105g relacji Szczecin \u2013 G\u0142\u00f3wny Koszalin. Wstrzymany zosta\u0142 ruch poci\u0105g\u00f3w. Zostanie wznowiony po zako\u0144czeniu pracy policji i prokuratora \u2013 poinformowa\u0142 PAP rzecznik prasowy PKP PLK Bartosz Pietrzykowski.<\/p>\n<p>Na miejscu wypadku s\u0105 policjanci i zespo\u0142y ratownictwa medycznego. \u2013 Akcja trwa. Nie mam na razie \u017cadnych potwierdzonych informacji \u2013 przekaza\u0142a rzecznika Wojew\u00f3dzkiej Stacji Pogotowia Ratunkowego w Szczecinie Natalia Dorochowicz.<\/p>\n<p>Na miejsce wypadku przyby\u0142 dyrektor szczeci\u0144skiego oddzia\u0142u Polregio Andrzej Cha\u0144ko. W rozmowie z PAP wyja\u015bni\u0142, \u017ce organizowana jest ewakuacja ok. 100 podr\u00f3\u017cnych.<\/p>\n<p>&#8211; Dru\u017cyna konduktorska prawdopodobnie przeprowadzi ich 700-800 metr\u00f3w przez las, do najbli\u017cszego miejsca, gdzie mog\u0105 podjecha\u0107 autobusy \u2013 powiedzia\u0142 Cha\u0144ko.<\/p>\n<p>Lini\u0105 402 kursuj\u0105 tylko poci\u0105gi Polregio. Jak zaznaczy\u0142 Pietrzykowski, do godz. 17 na tej trasie zaplanowanych by\u0142o siedem po\u0142\u0105cze\u0144. \u2013 Zalecili\u015bmy przewo\u017anikowi uruchomienie komunikacji zast\u0119pczej \u2013 podsumowa\u0142. Zastrzeg\u0142, \u017ce wstrzymanie ruchu poci\u0105g\u00f3w od Goleniowa w kierunku Ko\u0142obrzegu mo\u017ce potrwa\u0107 d\u0142u\u017cej.<\/p>\n<p><a href=\"https:\/\/24kurier.pl\/notaprawnaPAP\" title=\"Nota prawna PAP\" rel=\"nofollow noopener\" target=\"_blank\"><img loading=\"lazy\" decoding=\"async\" src=\"https:\/\/www.europesays.com\/pl\/wp-content\/uploads\/2026\/04\/1776905011_305_logopap100px.png\" alt=\"Logo PAP\" width=\"50\" height=\"30\"\/><\/a> <a rel=\"noopener nofollow\" href=\"https:\/\/24kurier.pl\/notaprawnaPAP2\" target=\"_blank\" title=\"Nota prawna PAP\">Copyright<\/a><\/p>\n<p>REKLAMA<\/p>\n","protected":false},"excerpt":{"rendered":"&#13; &#13; &#13; &#13; Fot. Miros\u0142aw Winconek &#13; &#13; \u00a0&#13; &#13; Jedna nastolatka zgin\u0119\u0142a, druga jest w stanie&hellip;\n","protected":false},"author":2,"featured_media":383957,"comment_status":"","ping_status":"","sticky":false,"template":"","format":"standard","meta":{"footnotes":"","_share_on_mastodon":"0"},"categories":[51611],"tags":[42,56320,38,40,39,41,69281,2307,22575,2588],"class_list":["post-383956","post","type-post","status-publish","format-standard","has-post-thumbnail","category-szczecin","tag-pl","tag-pocig","tag-poland","tag-polish","tag-polska","tag-polski","tag-potrcenie","tag-szczecin","tag-tory","tag-wypadek"],"share_on_mastodon":{"url":"https:\/\/pubeurope.com\/@pl\/116451253685217138","error":""},"_links":{"self":[{"href":"https:\/\/www.europesays.com\/pl\/wp-json\/wp\/v2\/posts\/383956","targetHints":{"allow":["GET"]}}],"collection":[{"href":"https:\/\/www.europesays.com\/pl\/wp-json\/wp\/v2\/posts"}],"about":[{"href":"https:\/\/www.europesays.com\/pl\/wp-json\/wp\/v2\/types\/post"}],"author":[{"embeddable":true,"href":"https:\/\/www.europesays.com\/pl\/wp-json\/wp\/v2\/users\/2"}],"replies":[{"embeddable":true,"href":"https:\/\/www.europesays.com\/pl\/wp-json\/wp\/v2\/comments?post=383956"}],"version-history":[{"count":0,"href":"https:\/\/www.europesays.com\/pl\/wp-json\/wp\/v2\/posts\/383956\/revisions"}],"wp:featuredmedia":[{"embeddable":true,"href":"https:\/\/www.europesays.com\/pl\/wp-json\/wp\/v2\/media\/383957"}],"wp:attachment":[{"href":"https:\/\/www.europesays.com\/pl\/wp-json\/wp\/v2\/media?parent=383956"}],"wp:term":[{"taxonomy":"category","embeddable":true,"href":"https:\/\/www.europesays.com\/pl\/wp-json\/wp\/v2\/categories?post=383956"},{"taxonomy":"post_tag","embeddable":true,"href":"https:\/\/www.europesays.com\/pl\/wp-json\/wp\/v2\/tags?post=383956"}],"curies":[{"name":"wp","href":"https:\/\/api.w.org\/{rel}","templated":true}]}}