{"id":384185,"date":"2026-04-23T03:44:09","date_gmt":"2026-04-23T03:44:09","guid":{"rendered":"https:\/\/www.europesays.com\/pl\/384185\/"},"modified":"2026-04-23T03:44:09","modified_gmt":"2026-04-23T03:44:09","slug":"adam-malysz-nie-bedzie-ubiegal-sie-o-reelekcje-na-stanowisku-prezesa-pzn-sport-tvp-pl","status":"publish","type":"post","link":"https:\/\/www.europesays.com\/pl\/384185\/","title":{"rendered":"Adam Ma\u0142ysz nie b\u0119dzie ubiega\u0142 si\u0119 o reelekcj\u0119 na stanowisku prezesa PZN &#8211; sport.tvp.pl"},"content":{"rendered":"<ol>\n<li><a href=\"https:\/\/news.google.com\/rss\/articles\/CBMipAFBVV95cUxPTE5XTmJKQ2xDbWptNnc0aVdQQU8zdnhCRWVPMzd4TTU0QlRNR2pqS0VFeXktWkE0ZENRY1RrSUxyanI1dmk2aWlqMWU3amcxUkhuak5IZjZwU0FudmVJeHI4SXB6SzU1Rk8tWHpwZHpIVFFhVVk1cnhHbTRWOGdpMTY3Um9jSy1aN2lXXzRPVURBaTRJQ0pjNXRyWjdPd3l4cU9LUNIBqgFBVV95cUxQVmh3R3NqdFo0cmtOenBIMHJidnpXY29tbGVqQTlHRmNBTUoyVDJyc1UyUzJGOWlUNHBIUFVhNGFJeUVYSmkxbEExOTk1aVE0Ums2MkdvcUc4YkozTDRBSGtMNUsweGNmcmxHenFMdUh5R3RvNndYVGJ5ZmRMV2xBblgzVVdjVFU3a1pDYUZBbkFIZEo2c1gwQk12NjdJNTV1SWRwc1VacHJRdw?oc=5\" target=\"_blank\" rel=\"nofollow noopener\">Adam Ma\u0142ysz nie b\u0119dzie ubiega\u0142 si\u0119 o reelekcj\u0119 na stanowisku prezesa PZN<\/a>&nbsp;&nbsp;sport.tvp.pl<\/li>\n<li><a href=\"https:\/\/news.google.com\/rss\/articles\/CBMi0wFBVV95cUxOZWZUUmxRTUttNlItWmN2bjlpSUFWVlduOHdGaUJ0cF9tbWpWUEhLM00tUFB3WmlPRUQ0R1pjbjNqekdTWFdkc2FkNXI1VktBcFRJdGs0RjVWN21Dc0dRejVqRTdkZUtOMTFydXJnQUg3UXhQZVVZUWpoSVFwY0N1OG9PRUlWWVdpaDlVOFVSWERvQjhDdVhfZTZZSHhMTWdCRVNYRjR6TjFpWU5qVlJHV2ZZNElZMVRlbUZYQnI2RVJBT0cxUE8ta3pPWmhaUzk1SnZJ?oc=5\" target=\"_blank\" rel=\"nofollow noopener\">Adam Ma\u0142ysz rezygnuje! Nie b\u0119dzie ju\u017c szefem PZN. Wyjawi\u0142 pow\u00f3d<\/a>&nbsp;&nbsp;Przegl\u0105d Sportowy<\/li>\n<li><a href=\"https:\/\/news.google.com\/rss\/articles\/CBMivgFBVV95cUxNTWhIVVo2UHVJQlhkSkhNa1JraUZLNnJ0ZWs5SlB1Q19EMUt6WENLWTJ0X2hkeVdMZExPVTZDQzFhT25TRndaMjFtbEtQMy15Y1JuMFNzZENhOVlOMFZoOXJJVVNONE9QVXBVcGdXY1dmNzJUQkxPTEl0WWRtaEg4RFprbTE3V1FKR0tOcVo5QTUxNDVxREFrN0xUcEVNS0hDb1p5RWRENE84YkVYYzJnXzVuYVZzY2NTdlk3Rnh3?oc=5\" target=\"_blank\" rel=\"nofollow noopener\">Adam Ma\u0142ysz odchodzi. Nie podejmie drugiej pr\u00f3by. Decyzja nieodwo\u0142alna<\/a>&nbsp;&nbsp;Sport Interia<\/li>\n<li><a href=\"https:\/\/news.google.com\/rss\/articles\/CBMitAFBVV95cUxNN3BSaE9SaWFRQTJzNXhSOURfVk0zWGxvME1VUkUzNW0xbE5lSmYyUm5DelpOU2wzY2tycW01SjRUY1VCUjlZZUFrOHdyUVRJNEpYM1JMVTRPUHFwcjd6OC1EMjVFVldVa3EzQlMwdlFqV2lfNnFnd215UzdEdmZfb0YyNjEzVVhObjJNemhwajlGX2pRR3hXOUROSmR4QjNsWUZ5NjFlcWRIVGozcFdCNFNOODU?oc=5\" target=\"_blank\" rel=\"nofollow noopener\">Ma\u0142ysz podj\u0105\u0142 ostateczn\u0105 decyzj\u0119 ws. startu w wyborach na prezesa PZN<\/a>&nbsp;&nbsp;Sport.pl<\/li>\n<li><a href=\"https:\/\/news.google.com\/rss\/articles\/CBMingFBVV95cUxQS09ETFYyVDVMejJMeUltMFkzZDE1WHBPX2gtbUc1R3RQQnFkTm82MVhxRmhSZ0pDT25KVmNsLW93VVRreGYteTk4SF9USDl5VHVMcHNVQlNQYlpmZEUwamVObHg1VXdDUFkySTZqV0kwdE5xaGJMTW1OOE1mbjNVX2V5dmJYUC1HZWE0cVpHMC1tOXFZbEJNVmFCYXRJdw?oc=5\" target=\"_blank\" rel=\"nofollow noopener\">Mecz Barcelony przerwany. Dramatyczna walka o \u017cycie na trybunach<\/a>&nbsp;&nbsp;Fakt<\/li>\n<\/ol>\n","protected":false},"excerpt":{"rendered":"Adam Ma\u0142ysz nie b\u0119dzie ubiega\u0142 si\u0119 o reelekcj\u0119 na stanowisku prezesa PZN&nbsp;&nbsp;sport.tvp.pl Adam Ma\u0142ysz rezygnuje! Nie b\u0119dzie ju\u017c&hellip;\n","protected":false},"author":2,"featured_media":384186,"comment_status":"","ping_status":"","sticky":false,"template":"","format":"standard","meta":{"footnotes":"","_share_on_mastodon":"0"},"categories":[24],"tags":[1557,42,38,40,39,41,41170,24782,1538,127,334,126],"class_list":["post-384185","post","type-post","status-publish","format-standard","has-post-thumbnail","category-sport","tag-adam-malysz","tag-pl","tag-poland","tag-polish","tag-polska","tag-polski","tag-polski-zwiazek-narciarski","tag-pzn","tag-skoki-narciarskie","tag-sport","tag-sport-tvp-pl","tag-sports"],"share_on_mastodon":{"url":"https:\/\/pubeurope.com\/@pl\/116451964592759137","error":""},"_links":{"self":[{"href":"https:\/\/www.europesays.com\/pl\/wp-json\/wp\/v2\/posts\/384185","targetHints":{"allow":["GET"]}}],"collection":[{"href":"https:\/\/www.europesays.com\/pl\/wp-json\/wp\/v2\/posts"}],"about":[{"href":"https:\/\/www.europesays.com\/pl\/wp-json\/wp\/v2\/types\/post"}],"author":[{"embeddable":true,"href":"https:\/\/www.europesays.com\/pl\/wp-json\/wp\/v2\/users\/2"}],"replies":[{"embeddable":true,"href":"https:\/\/www.europesays.com\/pl\/wp-json\/wp\/v2\/comments?post=384185"}],"version-history":[{"count":0,"href":"https:\/\/www.europesays.com\/pl\/wp-json\/wp\/v2\/posts\/384185\/revisions"}],"wp:featuredmedia":[{"embeddable":true,"href":"https:\/\/www.europesays.com\/pl\/wp-json\/wp\/v2\/media\/384186"}],"wp:attachment":[{"href":"https:\/\/www.europesays.com\/pl\/wp-json\/wp\/v2\/media?parent=384185"}],"wp:term":[{"taxonomy":"category","embeddable":true,"href":"https:\/\/www.europesays.com\/pl\/wp-json\/wp\/v2\/categories?post=384185"},{"taxonomy":"post_tag","embeddable":true,"href":"https:\/\/www.europesays.com\/pl\/wp-json\/wp\/v2\/tags?post=384185"}],"curies":[{"name":"wp","href":"https:\/\/api.w.org\/{rel}","templated":true}]}}