{"id":384404,"date":"2026-04-23T06:23:11","date_gmt":"2026-04-23T06:23:11","guid":{"rendered":"https:\/\/www.europesays.com\/pl\/384404\/"},"modified":"2026-04-23T06:23:11","modified_gmt":"2026-04-23T06:23:11","slug":"10-milionow-euro-za-marcela-regule-to-dopiero-poczatek-kulisy-z-zaglebia","status":"publish","type":"post","link":"https:\/\/www.europesays.com\/pl\/384404\/","title":{"rendered":"10 milion\u00f3w euro za Marcela Regu\u0142\u0119 to dopiero pocz\u0105tek. Kulisy z Zag\u0142\u0119bia"},"content":{"rendered":"<p>80 zawodnik\u00f3w z akademii Zag\u0142\u0119bia zadebiutowa\u0142o w ci\u0105gu 18 lat w Ekstraklasie. W tej chwili w kadrze pierwszego zespo\u0142u jest 16 zawodnik\u00f3w z miejscowej &#8222;wy\u017cszej uczelni futbolu&#8221;, za\u015b 16 gra w rezerwach. Liczby s\u0105 piorunuj\u0105ce. A nie mo\u017cna zapomina\u0107, \u017ce Zag\u0142\u0119bie wci\u0105\u017c walczy o prawo gry w europejskich pucharach.<\/p>\n<p>Dlaczego to w\u0142a\u015bnie z Zag\u0142\u0119bia ma by\u0107 \u0142atwiej przebi\u0107 si\u0119 do du\u017cej pi\u0142ki ni\u017c z Lecha czy Legii, kt\u00f3re &#8222;podzieli\u0142y&#8221; mi\u0119dzy siebie skautingowy rynek w Polsce? W kulisy wprowadzaj\u0105 nas prezes Lubinian Pawe\u0142 Je\u017c oraz dyrektor klubowej akademii Krzysztof Paluszek.<\/p>\n<p class=\"Paragraph_desktopParagraph__U31Gm\">\u2014 Mamy zapisane w dokumentach klubowych, \u017ce to jest nasza droga i tego si\u0119 trzymamy. Gdy rozmawiali\u015bmy z Leszkiem Ojrzy\u0144skim w sprawie pracy, pokazali\u015bmy mu, na czym nam zale\u017cy. On wtedy wymieni\u0142 ca\u0142\u0105 list\u0119 m\u0142odych zawodnik\u00f3w, kt\u00f3rych wprowadzi\u0142 do pi\u0142ki. Zrobi\u0142o to na nas du\u017ce wra\u017cenie, wiedzieli\u015bmy, \u017ce to w\u0142a\u015bciwy cz\u0142owiek na w\u0142a\u015bciwym miejscu \u2014 m\u00f3wi Pawe\u0142 Je\u017c, prezes Zag\u0142\u0119bia.<\/p>\n<p class=\"Paragraph_desktopParagraph__U31Gm\">W meczu z Legi\u0105 w Warszawie w sk\u0142adzie Zag\u0142\u0119bia na boisko wyszli: Filip Kocaba (od 11. roku \u017cycia w akademii), Marcel Regu\u0142a (od 11. roku \u017cycia), Jakub Kolan (od 12. roku \u017cycia), Jakub Sypek (od 14. roku \u017cycia, wr\u00f3ci\u0142 do klubu), Damian D\u0105browski (od 14. roku \u017cycia, wr\u00f3ci\u0142 do klubu), Mateusz Dziewiatowski (urodzony w Lubinie, od zawsze w akademii Zag\u0142\u0119bia). Zag\u0142\u0119bie przegra\u0142o 0:1 a decyduj\u0105c\u0105 bramk\u0119 zdoby\u0142\u2026 Rafa\u0142 Adamski, kt\u00f3ry do du\u017cej pi\u0142ki przebi\u0142 si\u0119 w\u0142a\u015bnie w Zag\u0142\u0119biu, cho\u0107 wychowankiem nie jest. W ka\u017cdym razie lista robi wra\u017cenie.<\/p>\n<p>Po pierwsze Polacy <\/p>\n<p class=\"Paragraph_desktopParagraph__U31Gm\">\u2014 Fakty, nie opinie. Polityka klubu wskazana przez w\u0142a\u015bciciela m\u00f3wi, \u017ce mamy stawia\u0107 w pierwszej kolejno\u015bci na polskich zawodnik\u00f3w, przede wszystkim tych z akademii \u2014 m\u00f3wi Krzysztof Paluszek, dyrektor akademii, gdy pytamy, jak przekona\u0142by rodzica, \u017ce m\u0142odego pi\u0142karza wys\u0142a\u0107 w\u0142a\u015bnie do Lubina a nie do Lecha, Legii, Jagiellonii czy Pogoni.<\/p>\n<p><img decoding=\"async\" class=\"Image_image__0tuHp Image_autoHeight__f2n87 \" height=\"542\" width=\"940\" src=\"https:\/\/www.europesays.com\/pl\/wp-content\/uploads\/2026\/04\/35gk9kpTURBXy8xYzM2NTA5N2M2NmY1ZmEyY2FkYjNiZDllODcyY2VkZC5wbmeSlQLNA6wAwsOVAgDNAkvCw94AA6EwAaExAaEzw.jpeg\" alt=\"Wychowankowie akademii Zag\u0142\u0119bia Lubin\" loading=\"lazy\" \/>&#8211;<\/p>\n<p>Wychowankowie akademii Zag\u0142\u0119bia Lubin<\/p>\n<p class=\"Paragraph_desktopParagraph__U31Gm\">\u2014 GKS Katowice i Zag\u0142\u0119bie to dzi\u015b najbardziej polskie zespo\u0142y w Ekstraklasie. Je\u015bli chodzi o m\u0142odych zawodnik\u00f3w, to Lech Pozna\u0144 i Zag\u0142\u0119bie maj\u0105 najm\u0142odsze sk\u0142ady. Wi\u0119c znacznie \u0142atwiej przebi\u0107 si\u0119 do du\u017cej pi\u0142ki z Zag\u0142\u0119bia ni\u017c z innych klub\u00f3w \u2014 dodaje dyrektor akademii.<\/p>\n<p class=\"Paragraph_desktopParagraph__U31Gm\">Zag\u0142\u0119bie przez lata uchodzi\u0142o za topow\u0105 akademi\u0119, mia\u0142o wychowank\u00f3w takich jak Piotr Zieli\u0144ski, Krzysztof Pi\u0105tek, Bartosz Bia\u0142ek czy Bartosz Slisz. Ale ostatnie lata to pewien &#8222;zjazd&#8221;. W klubie z Dolnego \u015al\u0105ska nie produkowano ju\u017c zawodnik\u00f3w klasy mi\u0119dzynarodowej. Wychowankiem, kt\u00f3ry odszed\u0142 najdro\u017cej w ostatnich pi\u0119ciu latach, by\u0142 Tomasz Pie\u0144ko, kt\u00f3rego kupi\u0142 Rak\u00f3w za 1,75 mln euro. Nic wi\u0119c dziwnego, \u017ce szefowie klubu z Lubina mogli patrze\u0107 z zazdro\u015bci\u0105 na wielkich polskiej pi\u0142ki, kt\u00f3rzy, jak Lech czy ostatnio Jagiellonia, sprzedawali po 10 mln euro.<\/p>\n<p class=\"Paragraph_desktopParagraph__U31Gm\">W Lubinie t\u0142umacz\u0105 to tym, \u017ce rynek skautingowy podzielili mi\u0119dzy siebie Legia i Lech. Lech swoj\u0105 szans\u0119 wykorzysta\u0142 i zarobi\u0142 kolosalne pieni\u0105dze. Legia swoje transfery pali\u0142a na stosie i zarobi\u0142a znacznie mniej. Ale teraz ma si\u0119 to odwr\u00f3ci\u0107. Marcel Regu\u0142a ma by\u0107 t\u0105 pierwsz\u0105 jask\u00f3\u0142k\u0105, kt\u00f3ra wbrew popularnemu powiedzeniu, zwiastuje wiosn\u0119. W Lubinie odbudowano dzia\u0142 skautingu m\u0142odzie\u017cowego.<\/p>\n<p class=\"Paragraph_desktopParagraph__U31Gm\">\u2014 Od kilku lat wszystko robimy po nowemu, w bardziej nowoczesny spos\u00f3b \u2014 m\u00f3wi Paluszek. \u2014 Mamy plan indywidualny dla zawodnik\u00f3w, wytyczamy im drog\u0119 przez ligi juniorskie, drug\u0105 dru\u017cyn\u0119, a\u017c do &#8222;jedynki&#8221;. Wyniki dru\u017cyny schodz\u0105 na dalszy plan. Jeste\u015bmy w czo\u0142\u00f3wce i to wystarczy. Liczy si\u0119 jednostka. Ja sam jestem zwolennikiem szko\u0142y holenderskiej i portugalskiej, staramy si\u0119 podpatrywa\u0107 co u nich najlepsze, na pewno chcemy gra\u0107 ofensywnie.<\/p>\n<p><img decoding=\"async\" class=\"Image_image__0tuHp Image_autoHeight__f2n87 \" height=\"537\" width=\"940\" src=\"https:\/\/www.europesays.com\/pl\/wp-content\/uploads\/2026\/04\/O_-k9kpTURBXy82YzliZTIxODc2ZWNlZDJkZWIyMjNkNzVhZTU1MDQxZC5wbmeSlQLNA6wAwsOVAgDNAkvCw94AA6EwAaExAaEzw.jpeg\" alt=\"Infrastruktura Zag\u0142\u0119bia Lubin\" loading=\"lazy\" \/>&#8211;<\/p>\n<p>Infrastruktura Zag\u0142\u0119bia Lubin<\/p>\n<p class=\"Paragraph_desktopParagraph__U31Gm\">W Lubinie przekonuj\u0105, \u017ce dzi\u015b dziecko w akademii Zag\u0142\u0119bia to dobra inwestycja. Nied\u0142ugo b\u0119dzie tu 10 boisk pe\u0142nowymiarowych, poza tym miasto jest fajnym miejscem do \u017cycia. Co prawda dla os\u00f3b z du\u017cych o\u015brodk\u00f3w miejskich mo\u017ce wyda\u0107 si\u0119 klubem na odludziu, ale w Lubinie maj\u0105 inne zdanie. Du\u017ce kluby maj\u0105 akademie daleko od miast. Akademia Zag\u0142\u0119bia jest w mie\u015bcie, gdzie s\u0105 \u015bcie\u017cki rowerowe, zielone tereny, wszelkie rozrywki dla m\u0142odzie\u017cy, darmowa komunikacja miejska. Jest co robi\u0107, ale jest spokojnie i mo\u017cna koncentrowa\u0107 si\u0119 na rozwoju. A je\u015bli komu\u015b ma\u0142o, wkr\u00f3tce ma stan\u0105\u0107 tu pot\u0119\u017cny Aquapark.<\/p>\n<p>Geografia sprzyja <\/p>\n<p class=\"Paragraph_desktopParagraph__U31Gm\">\u2014 Akurat po\u0142o\u017cenie geograficzne jest naszym ogromnym atutem. Lubin jest niedaleko granicy zachodniej i po\u0142udniowej. Wa\u017cniejsze ni\u017c gra w CLJ s\u0105 mecze mi\u0119dzynarodowe, z Czechami, Niemcami i to z mocnymi ekipami. Mecze jak z Unionem Berlin, Slavi\u0105 Praga i wieloma innymi ekipami powoduj\u0105, \u017ce nie kisimy si\u0119 w sosie w\u0142asnym, zdobywamy do\u015bwiadczenie. Do tego ch\u0142opcy je\u017cd\u017c\u0105 do Europy na turnieje mi\u0119dzynarodowe, do Francji, Holandii, Niemiec, gdzie graj\u0105 z topowymi europejskimi ekipami \u2014 m\u00f3wi Paluszek.<\/p>\n<p class=\"Paragraph_desktopParagraph__U31Gm\">Ofensywa Lubina jest imponuj\u0105ca zar\u00f3wno na dole piramidy, jak i na g\u00f3rze. Na dole Zag\u0142\u0119bie wsp\u00f3\u0142pracuje ze wszystkimi przedszkolami w okolicy. Je\u015bli jakie\u015b dziecko umie dobrze kopn\u0105\u0107 pi\u0142k\u0119, kto\u015b w akademii zapisuje to do swojego notatnika. Dzi\u015b w akademii Zag\u0142\u0119bia jest 270 zawodnik\u00f3w, z czego po\u0142owa to ch\u0142opcy z tego licz\u0105cego 67 tys. mieszka\u0144c\u00f3w miasta i jego najbli\u017cszej okolicy. A co na g\u00f3rze?<\/p>\n<p class=\"Paragraph_desktopParagraph__U31Gm\">\u2014 Wprowadzili\u015bmy instytucj\u0119 tzw &#8222;transition coacha&#8221;, czyli trenera, kt\u00f3ry pomaga przej\u015b\u0107 z pi\u0142ki m\u0142odzie\u017cowej do seniorskiej. To s\u0105 trenerzy, kt\u00f3rzy pilnuj\u0105 tych wyr\u00f3\u017cniaj\u0105cych si\u0119 zawodnik\u00f3w, wytyczaj\u0105 im \u015bcie\u017ck\u0119, analizuj\u0105, pilnuj\u0105 rozwoju indywidualnego \u2014 m\u00f3wi Paluszek.<\/p>\n<p class=\"Paragraph_desktopParagraph__U31Gm\">Co dalej?<\/p>\n<p class=\"Paragraph_desktopParagraph__U31Gm\">\u2014 Dalej chcieliby\u015bmy, \u017ceby z ka\u017cdego rocznika co najmniej trzech zawodnik\u00f3w trafia\u0142o do pierwszego zespo\u0142u. To by\u0142by nasz du\u017cy sukces \u2014 m\u00f3wi prezes Pawe\u0142 Je\u017c.<\/p>\n","protected":false},"excerpt":{"rendered":"80 zawodnik\u00f3w z akademii Zag\u0142\u0119bia zadebiutowa\u0142o w ci\u0105gu 18 lat w Ekstraklasie. W tej chwili w kadrze pierwszego&hellip;\n","protected":false},"author":2,"featured_media":384405,"comment_status":"","ping_status":"","sticky":false,"template":"","format":"standard","meta":{"footnotes":"","_share_on_mastodon":"0"},"categories":[52122],"tags":[56,64505,274,67,2806,2563,23506,53,52,68,51,55,6010,752,42,38,40,39,41,69413,47,127,50,3376],"class_list":["post-384404","post","type-post","status-publish","format-standard","has-post-thumbnail","category-pko-bank-polski","tag-article_premium","tag-benefit_tst0","tag-ekstraklasa","tag-intextvideo_splayer","tag-lech_poznan","tag-legia_warszawa","tag-marcel_regula","tag-new_header","tag-onet3","tag-onet3d","tag-onet3d_2i","tag-phx","tag-pko-bank-polski","tag-pko-bp","tag-pl","tag-poland","tag-polish","tag-polska","tag-polski","tag-radoslaw_sendra_ps","tag-screening_general","tag-sport","tag-v2021","tag-zaglebie_lubin"],"share_on_mastodon":{"url":"https:\/\/pubeurope.com\/@pl\/116452590460984485","error":""},"_links":{"self":[{"href":"https:\/\/www.europesays.com\/pl\/wp-json\/wp\/v2\/posts\/384404","targetHints":{"allow":["GET"]}}],"collection":[{"href":"https:\/\/www.europesays.com\/pl\/wp-json\/wp\/v2\/posts"}],"about":[{"href":"https:\/\/www.europesays.com\/pl\/wp-json\/wp\/v2\/types\/post"}],"author":[{"embeddable":true,"href":"https:\/\/www.europesays.com\/pl\/wp-json\/wp\/v2\/users\/2"}],"replies":[{"embeddable":true,"href":"https:\/\/www.europesays.com\/pl\/wp-json\/wp\/v2\/comments?post=384404"}],"version-history":[{"count":0,"href":"https:\/\/www.europesays.com\/pl\/wp-json\/wp\/v2\/posts\/384404\/revisions"}],"wp:featuredmedia":[{"embeddable":true,"href":"https:\/\/www.europesays.com\/pl\/wp-json\/wp\/v2\/media\/384405"}],"wp:attachment":[{"href":"https:\/\/www.europesays.com\/pl\/wp-json\/wp\/v2\/media?parent=384404"}],"wp:term":[{"taxonomy":"category","embeddable":true,"href":"https:\/\/www.europesays.com\/pl\/wp-json\/wp\/v2\/categories?post=384404"},{"taxonomy":"post_tag","embeddable":true,"href":"https:\/\/www.europesays.com\/pl\/wp-json\/wp\/v2\/tags?post=384404"}],"curies":[{"name":"wp","href":"https:\/\/api.w.org\/{rel}","templated":true}]}}