{"id":384572,"date":"2026-04-23T08:11:08","date_gmt":"2026-04-23T08:11:08","guid":{"rendered":"https:\/\/www.europesays.com\/pl\/384572\/"},"modified":"2026-04-23T08:11:08","modified_gmt":"2026-04-23T08:11:08","slug":"nowa-prognoza-wyborcza-onetu-co-z-pis-i-ko-takich-liczb-nie-bylo-od-lat","status":"publish","type":"post","link":"https:\/\/www.europesays.com\/pl\/384572\/","title":{"rendered":"Nowa prognoza wyborcza Onetu. Co z PiS i KO? Takich liczb nie by\u0142o od lat"},"content":{"rendered":"<p>Do wybor\u00f3w parlamentarnych pozosta\u0142 jeszcze ponad rok, ale ju\u017c teraz w najnowszej prognozie wyborczej Onetu przeprowadzili\u015bmy najnowsz\u0105 symulacj\u0119 poparcia dla partii. Sprawdzili\u015bmy te\u017c, jakie s\u0105 szanse koalicji rz\u0105dz\u0105cej na utrzymanie w\u0142adzy oraz jak wygl\u0105da\u0142by dzisiaj podzia\u0142 mandat\u00f3w w Sejmie.<\/p>\n<p>Patrzymy te\u017c daleko na zach\u00f3d, bo okazuje si\u0119, \u017ce Donald Trump mo\u017ce by\u0107 kul\u0105 u nogi polskiej prawicy.<\/p>\n<p class=\"Paragraph_desktopParagraph__U31Gm\">Wed\u0142ug najnowszej prognozy parlamentarnej Onetu Koalicja Obywatelska wygra\u0142aby dzi\u015b wybory do Sejmu z poparciem 34,8 proc. wyborc\u00f3w. Dla ugrupowania premiera Donalda Tuska oznacza to wzrost o 1,7 pkt proc. <a href=\"https:\/\/www.onet.pl\/informacje\/onetwiadomosci\/nowa-prognoza-wyborcza-onetu-mozliwy-gigantyczny-sejmowy-pat-analiza\/l1styxv,79cfc278\" id=\"bdda5a87-8ae8-431c-9173-821f801f6e9c\" rel=\"nofollow noopener\" target=\"_blank\">w por\u00f3wnaniu z prognoz\u0105 z zesz\u0142ego miesi\u0105ca<\/a> i najwy\u017cszy wynik od lat.<\/p>\n<p class=\"Paragraph_desktopParagraph__U31Gm\">Do tego KO coraz bardziej oddala si\u0119 od reszty stawki. Prawo i Sprawiedliwo\u015b\u0107 mog\u0142oby dzi\u015b liczy\u0107 na poparcie 26,5 proc. wyborc\u00f3w, czyli ledwie o 0,2 pkt proc. wi\u0119cej ni\u017c miesi\u0105c temu. Odczyt ten pokazuje, \u017ce oczekiwany przez parti\u0119 &#8222;efekt Czarnka&#8221; nie nadszed\u0142 i do tej pory nie uda\u0142o si\u0119 skutecznie odwr\u00f3ci\u0107 trwaj\u0105cych od wybor\u00f3w prezydenckich negatywnych trend\u00f3w.<\/p>\n<p class=\"Paragraph_desktopParagraph__U31Gm\">Formacja Jaros\u0142awa Kaczy\u0144skiego ostatnio na tak niskim poziomie by\u0142a prawdopodobnie w okolicach 2012 r. P\u00f3\u017aniej przez ponad dekad\u0119 na sta\u0142e utrzymywa\u0142a si\u0119 w okolicy 30 proc. poparcia, a w latach 2017-2020 mia\u0142a powy\u017cej 40 proc.<\/p>\n<p class=\"Paragraph_desktopParagraph__U31Gm\">Skala odp\u0142ywu wyborc\u00f3w jest bardzo du\u017ca. Prognozowany wynik PiS jest mniejszy o 8,9 pkt proc. od tego uzyskanego w wyborach w 2023 r. To oznacza utrat\u0119 ponad jednej czwartej elektoratu, kt\u00f3ry 2,5 roku temu nie wystarczy\u0142 do utrzymania w\u0142adzy. Do tego obecny dystans do partii Tuska to ju\u017c ponad 9 pkt proc.<\/p>\n<p class=\"Paragraph_desktopParagraph__U31Gm\">Co wa\u017cne, zysk KO to nie tylko przep\u0142ywy od koalicjant\u00f3w. W kwietniowej prognozie pozytywny bilans jest po stronie rz\u0105dowej. Prawicowa opozycja traci w sumie 0,5 pkt proc.<\/p>\n<p>Rywalizacja na prawicy <\/p>\n<p class=\"Paragraph_desktopParagraph__U31Gm\">Po raz kolejny podium naszej prognozy zamyka Konfederacja, kt\u00f3ra w kwietniu mog\u0142aby liczy\u0107 na 12,5 proc. g\u0142os\u00f3w. Jest to spadek o p\u00f3\u0142 pkt proc. w por\u00f3wnaniu z notowaniami z poprzedniego miesi\u0105ca. Formacja S\u0142awomira Mentzena i Krzysztofa Bosaka od miesi\u0119cy nie mo\u017ce wyj\u015b\u0107 z sonda\u017cowego do\u0142ka. G\u0142\u00f3wnym winowajc\u0105 jest ugrupowanie Grzegorza Brauna. Konfederacja Korony Polskiej z wynikiem 8,5 proc. stabilizuje si\u0119 na czwartej pozycji.<\/p>\n<p class=\"Paragraph_desktopParagraph__U31Gm\">Ostatni\u0105 parti\u0105 przekraczaj\u0105c\u0105 pr\u00f3g wyborczy jest Nowa Lewica, kt\u00f3rej prognozowane poparcie wynosi dzi\u015b 6,1 proc. Formacja W\u0142odzimierza Czarzastego traci jednak 0,3 pkt proc. w por\u00f3wnaniu z poprzednim wydaniem prognozy.<\/p>\n<p class=\"Paragraph_desktopParagraph__U31Gm\">Poni\u017cej progu wyborczego znalaz\u0142yby si\u0119 dzi\u015b: Partia Razem (3,6 proc.), PSL (2,8 proc.) i Polska 2050 (1,7 proc.).<\/p>\n<p class=\"Paragraph_desktopParagraph__U31Gm\">Oznacza to, \u017ce pod progiem zmarnowa\u0142oby si\u0119 4,5 proc. g\u0142os\u00f3w oddanych na cz\u0142onk\u00f3w aktualnej koalicji rz\u0105dz\u0105cej i 3,6 proc. g\u0142os\u00f3w oddanych na lewicow\u0105 opozycj\u0119. Taki uk\u0142ad daje partiom prawicowej opozycji znacznie silniejsz\u0105 pozycj\u0119 wyj\u015bciow\u0105.<\/p>\n<p>Podzia\u0142 mandat\u00f3w <\/p>\n<p class=\"Paragraph_desktopParagraph__U31Gm\">Przek\u0142adaj\u0105c poparcie dla partii na mandaty w Sejmie, wida\u0107, \u017ce utworzenie wi\u0119kszo\u015bci by\u0142oby dzi\u015b bardzo trudne, je\u015bli nie wr\u0119cz niemo\u017cliwe. Wzrost poparcia daje Koalicji Obywatelskiej 8 kolejnych mandat\u00f3w, w sumie ju\u017c 196 pos\u0142\u00f3w. Jedyny koalicjant nad progiem \u2014 Lewica \u2014 mo\u017ce liczy\u0107 na 13 mandat\u00f3w.<\/p>\n<p class=\"Paragraph_desktopParagraph__U31Gm\">PiS mo\u017ce liczy\u0107 na 155 reprezentant\u00f3w w Sejmie, Konfederacja na 59, KKP na 37. To oznacza, \u017ce prawa strona traci sumarycznie cztery mandaty.<\/p>\n<p class=\"Paragraph_desktopParagraph__U31Gm\">Aktualna koalicja rz\u0105dowa mog\u0142aby wi\u0119c liczy\u0107 na zaledwie 209 mandat\u00f3w, a do wi\u0119kszo\u015bci brakowa\u0142oby jej 22 pos\u0142\u00f3w. Pozosta\u0142e 251 mandat\u00f3w przypad\u0142oby partiom prawicowym. Jednak aby taka koalicja prawicowa mog\u0142a uzyska\u0107 wi\u0119kszo\u015b\u0107, konieczny by\u0142by w niej udzia\u0142 Konfederacji Brauna (37 mandat\u00f3w). Przemys\u0142aw Czarnek, kt\u00f3ry mia\u0142by by\u0107 premierem w takim rz\u0105dzie, miesi\u0105c temu wyklucza\u0142 tak\u0105 ewentualno\u015b\u0107.<\/p>\n<p class=\"Paragraph_desktopParagraph__U31Gm\">Teoretycznie mo\u017cliwa jest tak\u017ce koalicja wi\u0119kszo\u015bciowa KO i Konfederacji, jednak to na ten moment tylko polityczna fantastyka.<\/p>\n<p>Poprawa perspektyw <\/p>\n<p class=\"Paragraph_desktopParagraph__U31Gm\">Tak du\u017ca skala &#8222;zmarnowanych&#8221; g\u0142os\u00f3w pod progiem wyborczym w obecnej konfiguracji politycznej, powoduje, \u017ce szanse na utrzymanie w\u0142adzy przez partie obecnej koalicji rz\u0105dz\u0105cej s\u0105 nadal bardzo niskie.<\/p>\n<p class=\"Paragraph_desktopParagraph__U31Gm\">Gdyby wybory odby\u0142y si\u0119 dzi\u015b, szanse na utrzymanie wi\u0119kszo\u015bci wynosi\u0142yby zaledwie 21 proc. To jednak o sze\u015b\u0107 pkt proc. wi\u0119cej ni\u017c w zesz\u0142ym miesi\u0105cu, g\u0142\u00f3wnie dzi\u0119ki wzmocnieniu pozycji KO i pozytywnemu wsp\u00f3lnemu bilansowi dla rz\u0105du.<\/p>\n<p>Trump ci\u0105\u017cy prawicy <\/p>\n<p class=\"Paragraph_desktopParagraph__U31Gm\">Coraz wi\u0119kszym obci\u0105\u017ceniem dla prawicy, szczeg\u00f3lnie dla Prawa i Sprawiedliwo\u015bci, staje si\u0119 Donald Trump. Jeszcze p\u00f3\u0142tora roku temu politycy tej formacji z eufori\u0105 oklaskiwali w Sejmie jego zwyci\u0119stwo w wyborach prezydenckich w 2024 r., widz\u0105c w nim lidera konserwatywnej mi\u0119dzynarod\u00f3wki. Kilkana\u015bcie miesi\u0119cy p\u00f3\u017aniej szybko okaza\u0142o si\u0119 jednak, \u017ce dla prawicy na \u015bwiecie nie zosta\u0142 zbawicielem, a grabarzem.<\/p>\n<p class=\"Paragraph_desktopParagraph__U31Gm\">Wyb\u00f3r Donalda Trumpa by\u0142 jednym z g\u0142\u00f3wnych powod\u00f3w politycznego powrotu Liberalnej Partii Kanady, kt\u00f3ra jeszcze kilka miesi\u0119cy wcze\u015bniej by\u0142a niemal pewna dotkliwej pora\u017cki z Parti\u0105 Konserwatywn\u0105. Nied\u0142ugo p\u00f3\u017aniej podobne polityczne odrodzenie prze\u017cy\u0142a Partia Pracy w Australii, kt\u00f3ra niespodziewanie utrzyma\u0142a si\u0119 u w\u0142adzy.<\/p>\n<p class=\"Paragraph_desktopParagraph__U31Gm\">R\u00f3wnie\u017c w Europie mogli\u015bmy zauwa\u017cy\u0107 &#8222;efekt Trumpa&#8221;. Po gro\u017abach zaj\u0119cia Grenlandii lewica w Danii z\u0142apa\u0142a drugi oddech. Na W\u0119grzech natomiast, pomimo silnego wsparcia Donalda Trumpa i wizyty wiceprezydenta Vance\u2019a tu\u017c przed wyborami w Budapeszcie, <a href=\"https:\/\/www.onet.pl\/informacje\/onetwiadomosci\/brutalna-kleska-viktora-orbana-takiej-skali-nie-przewidywaly-sondaze\/19g1yc6,79cfc278\" id=\"249dee8c-8d86-422c-beec-564e6e5cabf9\" rel=\"nofollow noopener\" target=\"_blank\">Viktor Orban po 16 latach poni\u00f3s\u0142 dotkliw\u0105 pora\u017ck\u0119.<\/a><\/p>\n<p>Polacy nie doceniaj\u0105 sukces\u00f3w Trumpa <\/p>\n<p class=\"Paragraph_desktopParagraph__U31Gm\">Dzi\u015b to politycy PiS w Polsce mog\u0105 obawia\u0107 si\u0119, \u017ce bliskie stosunki z Trumpem negatywnie wp\u0142yn\u0105 na ich poparcie. Prezydent USA jest obecnie w Polsce wyra\u017anie niepopularny, szczeg\u00f3lnie ze wzgl\u0119du na swoje dzia\u0142ania na Bliskim Wschodzie. Wed\u0142ug sonda\u017cu United Surveys dla Wirtualnej Polski zaledwie osiem proc. badanych uwa\u017ca, \u017ce dzia\u0142ania Donalda Trumpa wobec Iranu zako\u0144czy\u0142y si\u0119 sukcesem, a 26 proc. \u017ce przynios\u0142y mieszane efekty. Zdecydowana wi\u0119kszo\u015b\u0107, bo a\u017c 58 proc. Polak\u00f3w, ocenia, \u017ce by\u0142y one pora\u017ck\u0105.<\/p>\n<p class=\"Paragraph_desktopParagraph__U31Gm\">Jeszcze mniej, bo zaledwie 8 proc. Polak\u00f3w wed\u0142ug sonda\u017cu CBOS uwa\u017ca, \u017ce decyzja USA i Izraela o ataku na Iran by\u0142a s\u0142uszna. Zdecydowana wi\u0119kszo\u015b\u0107, bo a\u017c 77 proc. respondent\u00f3w, jest przeciwnego zdania.<\/p>\n<p class=\"Paragraph_desktopParagraph__U31Gm\">Szczeg\u00f3lnie niefortunna w kontek\u015bcie wydarze\u0144 na Bliskim Wschodzie by\u0142a wypowied\u017a Mariusza B\u0142aszczaka, kt\u00f3ry stwierdzi\u0142, \u017ce gdyby Polska mia\u0142a dwa lotniskowce, jeden powinna wys\u0142a\u0107 na Bliski Wsch\u00f3d. Wed\u0142ug sonda\u017cu CBOS 89 proc. badanych dobrze ocenia decyzj\u0119 rz\u0105du o niewysy\u0142aniu wojsk do Iranu, a zaledwie 6 proc. jest przeciwnego zdania.<\/p>\n<p class=\"Paragraph_desktopParagraph__U31Gm\">Strategia bycia najwierniejszym sojusznikiem, spe\u0142niaj\u0105cym wszystkie zachcianki ameryka\u0144skiego prezydenta, mo\u017ce by\u0107 zgubna dla PiS, odbieraj\u0105c najwi\u0119kszej opozycyjnej partii cenn\u0105 polityczn\u0105 amunicj\u0119. Donald Trump wp\u0119dzi\u0142 w tym obszarze wiele rz\u0105d\u00f3w na \u015bwiecie w trudn\u0105 sytuacj\u0119. W ostatnich latach wyborcy nie wybaczali podwy\u017cek cen, nawet je\u015bli rz\u0105dy nie by\u0142y za nie bezpo\u015brednio odpowiedzialne.<\/p>\n<p class=\"Paragraph_desktopParagraph__U31Gm\">Na razie rz\u0105d ugasi\u0142 ten po\u017car, wprowadzaj\u0105c obni\u017cki podatk\u00f3w paliwowych oraz ustalaj\u0105c maksymalne ceny na stacjach. Do tej pory ruch ten oceniany jest zdecydowanie pozytywnie. Wed\u0142ug badania <a href=\"https:\/\/wiadomosci.onet.pl\/kraj\/donald-trump-swoimi-dzialaniami-szkodzi-polsce-mamy-nowy-sondaz\/6eg465h\" id=\"b4027642-07f5-4a03-b5b7-9e3491d3c9ea\" rel=\"nofollow noopener\" target=\"_blank\">SW Research dla Onetu<\/a> a\u017c 68,9 proc. respondent\u00f3w pozytywnie ocenia t\u0119 decyzj\u0119 rz\u0105du.<\/p>\n","protected":false},"excerpt":{"rendered":"Do wybor\u00f3w parlamentarnych pozosta\u0142 jeszcze ponad rok, ale ju\u017c teraz w najnowszej prognozie wyborczej Onetu przeprowadzili\u015bmy najnowsz\u0105 symulacj\u0119&hellip;\n","protected":false},"author":2,"featured_media":384573,"comment_status":"","ping_status":"","sticky":false,"template":"","format":"standard","meta":{"footnotes":"","_share_on_mastodon":"0"},"categories":[62713],"tags":[56,244,1345,200,66,47614,1119,7225,867,53,52,68,51,55,868,47,423,50,26],"class_list":["post-384572","post","type-post","status-publish","format-standard","has-post-thumbnail","category-donald-tusk","tag-article_premium","tag-ctr_tst","tag-donald-tusk","tag-donald_tusk_polityk","tag-give_me_perspective","tag-jaroslaw_kaczynski_polityk","tag-koalicja_obywatelska_ko","tag-konfederacja_korony_polskiej_partia_polityczna","tag-konfederacja_partia_polityczna","tag-new_header","tag-onet3","tag-onet3d","tag-onet3d_2i","tag-phx","tag-prawo_i_sprawiedliwosc_pis","tag-screening_general","tag-sejm","tag-v2021","tag-wiadomosci"],"share_on_mastodon":{"url":"https:\/\/pubeurope.com\/@pl\/116453014457478717","error":""},"_links":{"self":[{"href":"https:\/\/www.europesays.com\/pl\/wp-json\/wp\/v2\/posts\/384572","targetHints":{"allow":["GET"]}}],"collection":[{"href":"https:\/\/www.europesays.com\/pl\/wp-json\/wp\/v2\/posts"}],"about":[{"href":"https:\/\/www.europesays.com\/pl\/wp-json\/wp\/v2\/types\/post"}],"author":[{"embeddable":true,"href":"https:\/\/www.europesays.com\/pl\/wp-json\/wp\/v2\/users\/2"}],"replies":[{"embeddable":true,"href":"https:\/\/www.europesays.com\/pl\/wp-json\/wp\/v2\/comments?post=384572"}],"version-history":[{"count":0,"href":"https:\/\/www.europesays.com\/pl\/wp-json\/wp\/v2\/posts\/384572\/revisions"}],"wp:featuredmedia":[{"embeddable":true,"href":"https:\/\/www.europesays.com\/pl\/wp-json\/wp\/v2\/media\/384573"}],"wp:attachment":[{"href":"https:\/\/www.europesays.com\/pl\/wp-json\/wp\/v2\/media?parent=384572"}],"wp:term":[{"taxonomy":"category","embeddable":true,"href":"https:\/\/www.europesays.com\/pl\/wp-json\/wp\/v2\/categories?post=384572"},{"taxonomy":"post_tag","embeddable":true,"href":"https:\/\/www.europesays.com\/pl\/wp-json\/wp\/v2\/tags?post=384572"}],"curies":[{"name":"wp","href":"https:\/\/api.w.org\/{rel}","templated":true}]}}