{"id":384837,"date":"2026-04-23T10:35:13","date_gmt":"2026-04-23T10:35:13","guid":{"rendered":"https:\/\/www.europesays.com\/pl\/384837\/"},"modified":"2026-04-23T10:35:13","modified_gmt":"2026-04-23T10:35:13","slug":"rusza-duza-inwestycja-warta-kilkadziesiat-milionow-zlotych-uwage-bedzie-zwracac-dach","status":"publish","type":"post","link":"https:\/\/www.europesays.com\/pl\/384837\/","title":{"rendered":"Rusza du\u017ca inwestycja warta kilkadziesi\u0105t milion\u00f3w z\u0142otych. Uwag\u0119 b\u0119dzie zwraca\u0107 dach"},"content":{"rendered":"<p><img decoding=\"async\" data-not-lazy=\"\" alt=\"Rusza du\u017ca inwestycja warta kilkadziesi\u0105t milion\u00f3w z\u0142otych. Uwag\u0119 b\u0119dzie zwraca\u0107 dach - Zdj\u0119cie g\u0142\u00f3wne\" style=\"object-fit:cover;object-position:center;position:absolute;left:0;top:0;width:100%;height:100%;\" src=\"https:\/\/www.europesays.com\/pl\/wp-content\/uploads\/2026\/04\/13055c84-2010-4f9b-a738-eb1f4245cf4e.webp\"\/><\/p>\n<p>Autor: Miasto Lublin | Opis: Podczas wr\u0119czenia decyzji firma Aliplast Sp. z o.o. otrzyma\u0142a dokument potwierdzaj\u0105cy przyznanie wsparcia w ramach programu Polska Strefa Inwestycji oraz pami\u0105tkow\u0105 statuetk\u0119 od Agencja Rozwoju Przemys\u0142u S.A.<\/p>\n<p>Projekt o warto\u015bci ponad 65 mln z\u0142 obejmuje modernizacj\u0119 i rozbudow\u0119 zak\u0142adu oraz wdro\u017cenie nowoczesnych, energooszcz\u0119dnych technologii z zastosowaniem \u201ezielonego dachu&#8221;. <\/p>\n<p>Firma skorzysta z ulg podatkowych na nowe projekty przemys\u0142owe i us\u0142ug dla biznesu w ramach programu Polska Strefa Inwestycji.<\/p>\n<p> Kolejna inwestycja w strefie ekonomicznej <\/p>\n<p>\u2013\u00a0Rozbudowa zak\u0142adu firmy Aliplast to kolejny przyk\u0142ad rozwoju lubelskiej strefy gospodarczej i potwierdzenie, \u017ce nasze miasto jest atrakcyjnym miejscem do inwestowania. Cieszy nas nie tylko skala projektu i nowe miejsca pracy, ale tak\u017ce wdra\u017canie nowoczesnych, energooszcz\u0119dnych technologii, kt\u00f3re wpisuj\u0105 si\u0119 w kierunek zr\u00f3wnowa\u017conego rozwoju Lublina\u00a0\u2013 m\u00f3wi\u00a0Krzysztof \u017buk,\u00a0prezydent Lublina. <\/p>\n<p>Nowa projekt firmy Aliplast obejmuje budow\u0119\u00a0hali produkcyjno-magazynowej o \u0142\u0105cznej powierzchni 6,5 tys. m\u00b2, z czego 1,6 tys. m\u00b2 b\u0119dzie cz\u0119\u015bci\u0105 podziemn\u0105. Ca\u0142y dach obiektu o powierzchni blisko 5 tys. m\u00b2 zostanie wykonany w formie \u201ezielonego dachu&#8221;, kt\u00f3ry poprawi efektywno\u015b\u0107 energetyczn\u0105 budynku i wyd\u0142u\u017cy \u017cywotno\u015b\u0107 pokrycia dachowego.<\/p>\n<p><img decoding=\"async\" loading=\"lazy\" src=\"https:\/\/storage.googleapis.com\/wydawnictwowspolnota-pbem\/attachments\/6a42a544-8bbb-4876-a971-c75fa5560a7a\" alt=\"\"\/><\/p>\n<p>Po co ro\u015blinno\u015b\u0107 na dachu?<\/p>\n<p>\u2013\u00a0Zielony dach na hali produkcyjnej to inwestycja zwi\u0119kszaj\u0105ca efektywno\u015b\u0107 energetyczn\u0105, chroni\u0105ca pokrycie dachowe i obni\u017caj\u0105ca koszty klimatyzacji. Tego typu rozwi\u0105zanie w naturalny spos\u00f3b \u0142\u0105czy ekologi\u0119, estetyk\u0119 i funkcjonalno\u015b\u0107. <\/p>\n<p>Inwestycja przynosi korzy\u015bci \u015brodowisku, pracownikom i samym budynkom, a tak\u017ce pozytywnie wp\u0142ywa na wizerunek marki. Dodatkowo projekt ten idealnie wpisuje si\u0119 w nasz\u0105 strategi\u0119 klimatyczn\u0105 na lata 2026-2030 \u2013 m\u00f3wi Jan Kidaj, prezes Zarz\u0105du Aliplast Sp. z o.o. <\/p>\n<p>Aliplast w Lublinie nie od dzi\u015b \u00a0<\/p>\n<p>Firma Aliplast by\u0142a jedn\u0105 z pierwszych, kt\u00f3re ulokowa\u0142y swoj\u0105 dzia\u0142alno\u015b\u0107 w strefie ekonomicznej w Lublinie. Na znaczenie lubelskiej podstrefy dla rozwoju przedsi\u0119biorstw zwraca uwag\u0119 r\u00f3wnie\u017c przedstawiciel Agencji Rozwoju Przemys\u0142u. <\/p>\n<p>\u2013 Dzi\u015b wsparciem w ramach Specjalnej Strefy Ekonomicznej obj\u0119ty jest nie tylko Lublin, ale r\u00f3wnie\u017c ca\u0142e wojew\u00f3dztwo lubelskie, a z mechanizmu mog\u0105 korzysta\u0107 zar\u00f3wno du\u017ce przedsi\u0119biorstwa, jak i mniejsze firmy rozpoczynaj\u0105ce dzia\u0142alno\u015b\u0107. W regionie mo\u017cliwe jest uzyskanie jednego z najwy\u017cszych poziom\u00f3w wsparcia w Unii Europejskiej, si\u0119gaj\u0105cego nawet 70% zwolnienia podatkowego, co stanowi istotn\u0105 przewag\u0119 konkurencyjn\u0105 i sprzyja ekspansji na rynki krajowe i zagraniczne \u2013 m\u00f3wi Wiktor Cicho\u0144, dyrektor Oddzia\u0142u Agencji Rozwoju Przemys\u0142u S.A. w Mielcu. <\/p>\n<p>Jeden z najwi\u0119kszych producent\u00f3w system\u00f3w i profili aluminiowych <\/p>\n<p>Aliplast Sp. z o.o. to jeden z najwi\u0119kszych producent\u00f3w system\u00f3w i profili aluminiowych w Polsce, dzia\u0142aj\u0105cy w ramach Corialis Group. Firma konsekwentnie rozwija swoj\u0105 dzia\u0142alno\u015b\u0107 w Lublinie. <\/p>\n<p>Projekt rozbudowy zak\u0142adu produkcyjnego w Podstrefie Lublin SSE EURO-PARK Mielec wpisuje si\u0119 w strategi\u0119 rozwoju firmy, kt\u00f3ra inwestuje w rozwi\u0105zania ograniczaj\u0105ce wp\u0142yw produkcji na \u015brodowisko. Aliplast posiada m.in. jedn\u0105 z najwi\u0119kszych w Polsce instalacji fotowoltaicznych na dachach zak\u0142adu o mocy 5 MW, co znacz\u0105co redukuje zu\u017cycie energii ze \u017ar\u00f3de\u0142 konwencjonalnych. <\/p>\n<p>Specjalna Strefa Ekonomiczna EURO-PARK Mielec wspiera rozw\u00f3j przedsi\u0119biorstw poprzez system ulg podatkowych i zach\u0119t inwestycyjnych, przyczyniaj\u0105c si\u0119 do dynamicznego rozwoju gospodarczego region\u00f3w Polski Wschodniej. <\/p>\n<p>Inwestycja Aliplast zostanie przeprowadzona w ramach programu Polska Strefa Inwestycji, kt\u00f3ry umo\u017cliwia przedsi\u0119biorcom korzystanie z ulg podatkowych na nowe projekty przemys\u0142owe i us\u0142ugowe. Podstaw\u0105 do skorzystania ze zwolnienia z podatku dochodowego jest decyzja o wsparciu, wydawana na wniosek przedsi\u0119biorcy przez zarz\u0105dzaj\u0105cego stref\u0105 w imieniu ministra w\u0142a\u015bciwego ds. gospodarki. <\/p>\n<p>Na obszarze SSE EURO-PARK Mielec obowi\u0105zuje jeden z najwy\u017cszych w Unii Europejskiej poziom\u00f3w wsparcia (do 50% dla du\u017cych firm oraz do 60% dla \u015brednich i do 70% dla ma\u0142ych i mikro przedsi\u0119biorstw) oraz maksymalny okres wa\u017cno\u015bci decyzji wynosz\u0105cy 15 lat.\u00a0<\/p>\n<p><img decoding=\"async\" loading=\"lazy\" src=\"https:\/\/storage.googleapis.com\/wydawnictwowspolnota-pbem\/attachments\/e3e379c9-8bf3-44e0-be4a-7e7198cc93c3\" alt=\"\" width=\"1200\" height=\"675\"\/><\/p>\n<p>Specjalna Strefa Ekonomiczna<\/p>\n<p>&#8211; Specjalna Strefa Ekonomiczna EURO-PARK Mielec pozostaje jednym z kluczowych instrument\u00f3w wsparcia inwestycji w po\u0142udniowo-wschodniej Polsce, buduj\u0105cym potencja\u0142 gospodarczy Lublina i w znacznym stopniu lokalne PKB. Obejmuje 128 ha w pe\u0142ni uzbrojonych teren\u00f3w inwestycyjnych, przyci\u0105gn\u0119\u0142a 75 inwestor\u00f3w i wygenerowa\u0142a ponad 7 tys. miejsc pracy, przy \u0142\u0105cznych nak\u0142adach inwestycyjnych przekraczaj\u0105cych 2,6 mld z\u0142 \u2013 informuje prezydent \u017buk. <\/p>\n<p>Podczas wr\u0119czenia decyzji firma Aliplast Sp. z o.o. otrzyma\u0142a dokument potwierdzaj\u0105cy przyznanie wsparcia w ramach programu Polska Strefa Inwestycji oraz pami\u0105tkow\u0105 statuetk\u0119 od Agencja Rozwoju Przemys\u0142u S.A.\u00a0<\/p>\n","protected":false},"excerpt":{"rendered":"Autor: Miasto Lublin | Opis: Podczas wr\u0119czenia decyzji firma Aliplast Sp. z o.o. otrzyma\u0142a dokument potwierdzaj\u0105cy przyznanie wsparcia&hellip;\n","protected":false},"author":2,"featured_media":384838,"comment_status":"","ping_status":"","sticky":false,"template":"","format":"standard","meta":{"footnotes":"","_share_on_mastodon":"0"},"categories":[51612],"tags":[69508,1081,42,38,40,39,41,69509],"class_list":["post-384837","post","type-post","status-publish","format-standard","has-post-thumbnail","category-lublin","tag-felin","tag-lublin","tag-pl","tag-poland","tag-polish","tag-polska","tag-polski","tag-specjalna-strefa-ekonomiczna-felin"],"share_on_mastodon":{"url":"https:\/\/pubeurope.com\/@pl\/116453580856544443","error":""},"_links":{"self":[{"href":"https:\/\/www.europesays.com\/pl\/wp-json\/wp\/v2\/posts\/384837","targetHints":{"allow":["GET"]}}],"collection":[{"href":"https:\/\/www.europesays.com\/pl\/wp-json\/wp\/v2\/posts"}],"about":[{"href":"https:\/\/www.europesays.com\/pl\/wp-json\/wp\/v2\/types\/post"}],"author":[{"embeddable":true,"href":"https:\/\/www.europesays.com\/pl\/wp-json\/wp\/v2\/users\/2"}],"replies":[{"embeddable":true,"href":"https:\/\/www.europesays.com\/pl\/wp-json\/wp\/v2\/comments?post=384837"}],"version-history":[{"count":0,"href":"https:\/\/www.europesays.com\/pl\/wp-json\/wp\/v2\/posts\/384837\/revisions"}],"wp:featuredmedia":[{"embeddable":true,"href":"https:\/\/www.europesays.com\/pl\/wp-json\/wp\/v2\/media\/384838"}],"wp:attachment":[{"href":"https:\/\/www.europesays.com\/pl\/wp-json\/wp\/v2\/media?parent=384837"}],"wp:term":[{"taxonomy":"category","embeddable":true,"href":"https:\/\/www.europesays.com\/pl\/wp-json\/wp\/v2\/categories?post=384837"},{"taxonomy":"post_tag","embeddable":true,"href":"https:\/\/www.europesays.com\/pl\/wp-json\/wp\/v2\/tags?post=384837"}],"curies":[{"name":"wp","href":"https:\/\/api.w.org\/{rel}","templated":true}]}}