{"id":384917,"date":"2026-04-23T11:19:11","date_gmt":"2026-04-23T11:19:11","guid":{"rendered":"https:\/\/www.europesays.com\/pl\/384917\/"},"modified":"2026-04-23T11:19:11","modified_gmt":"2026-04-23T11:19:11","slug":"sprawca-smiertelnego-wypadku-w-lomiankach-byl-bezkarny","status":"publish","type":"post","link":"https:\/\/www.europesays.com\/pl\/384917\/","title":{"rendered":"Sprawca \u015bmiertelnego wypadku w \u0141omiankach by\u0142 bezkarny"},"content":{"rendered":"<p class=\"Paragraph_desktopParagraph__U31Gm\">To by\u0142 jeden z tych wypadk\u00f3w, kt\u00f3re wstrz\u0105saj\u0105 ca\u0142ym krajem. W niedziel\u0119 12 kwietnia w \u0141omiankach pijany kierowca jecha\u0142 szybko i slalomem mi\u0119dzy innymi samochodami. Na estakadzie uderzy\u0142 w osobow\u0105 Toyot\u0119, kt\u00f3ra dachowa\u0142a przez bariery na s\u0105siedni\u0105 jezdni\u0119. W tym aucie zgin\u0119li na miejscu 15-letni Kacper i 19-letnia Nicola. Nast\u0119pnego dnia w szpitalu zmar\u0142 20-letni Eryk. M\u0142odzi ludzie wracali do Warszawy z pikniku.<\/p>\n<p class=\"Paragraph_desktopParagraph__U31Gm\">Drogowy morderca Patryk R. wraz z pasa\u017cerem uciekli z miejsca wypadku. Szybko ich jednak z\u0142apano. Patryk by\u0142 pijany, prokuratura poda\u0142a, \u017ce cztery godziny przed wypadkiem wypi\u0142 z koleg\u0105 litr w\u00f3dki i popili to sze\u015bcioma piwami. Wysz\u0142o te\u017c na jaw, \u017ce mia\u0142 s\u0105dowy zakaz prowadzenia pojazd\u00f3w do 2028 r. I \u017ce raz ju\u017c ten zakaz z\u0142ama\u0142.<\/p>\n<p class=\"Paragraph_desktopParagraph__U31Gm\">Jak to mo\u017cliwe, \u017ce dwa razy stawa\u0142 przed s\u0105dem za przest\u0119pstwa drogowe, pokaza\u0142, i\u017c nie mo\u017cna liczy\u0107 na jego zmian\u0119, a mimo to wci\u0105\u017c by\u0142 na wolno\u015bci i w ko\u0144cu zabi\u0142?<\/p>\n<p class=\"Paragraph_desktopParagraph__U31Gm\">Postanowi\u0142em zajrze\u0107 w akta jego poprzednich spraw. To pora\u017caj\u0105ca lektura. Wynika z niej, \u017ce polski wymiar sprawiedliwo\u015bci zachowywa\u0142 si\u0119 wobec Patryka R. jak dysfunkcyjny rodzic \u2014 po ka\u017cdym jego wyst\u0119pku pokazywa\u0142, \u017ce naprawd\u0119 nie b\u0119dzie powa\u017cnych konsekwencji. Zamiast go ukara\u0107, rozzuchwala\u0142. Patrykowi zniszczy\u0142o to \u017cycie. Niestety, zabra\u0142 te\u017c \u017cycie trzem m\u0142odym ludziom i na zawsze zniszczy\u0142 \u017cycie trzem innym rodzinom.<\/p>\n<p>Sze\u015b\u0107 ma\u0142pek nad jeziorkiem <\/p>\n<p class=\"Paragraph_desktopParagraph__U31Gm\">Patryk R., rocznik 1992, mieszka w jednym domu z rodzicami w ma\u0142ej wsi przylegaj\u0105cej do \u0141omianek. Spokojna uliczka, spory budynek z poddaszem, gara\u017c. Przed bram\u0119 zajecha\u0142o akurat ciemne auto. Pytam starszego pana, czy jest ojcem Patryka. Potwierdza. Gdy dowiaduje si\u0119, \u017ce jestem dziennikarzem, nie zd\u0105\u017c\u0119 nawet zada\u0107 pytania, a zamyka szyb\u0119 i rzuca ze z\u0142o\u015bci\u0105: \u017begnam! Nie n\u0119kam go. Zgaduj\u0119, \u017ce przede mn\u0105 byli tam dziennikarze tabloid\u00f3w. Ja w przeciwie\u0144stwie do nich, chcia\u0142em dowiedzie\u0107 si\u0119, jak i kiedy wykolei\u0142o si\u0119 \u017cycie Patryka. Od rodzic\u00f3w tego si\u0119 jednak nie dowiem. Pozostaje mi lektura jego kryminalnej przesz\u0142o\u015bci. Ta zaczyna si\u0119 cztery lata temu.<\/p>\n<p class=\"Paragraph_desktopParagraph__U31Gm\">9 wrze\u015bnia 2022 r. p\u00f3\u017anym wieczorem przed sklepem w \u0141omiankach Patryk spotyka dawno niewidzianego koleg\u0119 Adriana K. Nie widzieli si\u0119 od blisko trzech lat i postanowili, \u017ce si\u0119 napij\u0105. W sklepie kupuj\u0105 ma\u0142pki 200 ml. Wsiadaj\u0105 do swoich samochod\u00f3w \u2014 Patryk do Renault Laguna, Adrian do Volskwagena i jad\u0105 nad pobliskie jeziorko. Tam ka\u017cdy wypija 3-4 ma\u0142pki. To co najmniej p\u00f3\u0142litr\u00f3wka w\u00f3dki i jeszcze setka na ka\u017cdego.<\/p>\n<p class=\"Paragraph_desktopParagraph__U31Gm\">Musieli imprezowa\u0107 w aucie ca\u0142\u0105 noc, bo rano Adrian postanawia odwie\u017a\u0107 koleg\u0119 do domu. Nie posz\u0142o dobrze. Jazda sko\u0144czy\u0142a si\u0119 uderzeniem w ogrodzenie na ulicy Osiedlowej. Patryk wysiad\u0142 i poszed\u0142 po sw\u00f3j samoch\u00f3d. Wr\u00f3ci\u0142 nim i pr\u00f3bowa\u0142 wypchn\u0105\u0107 Volkswagena kolegi. Nie uda\u0142o si\u0119. Zabra\u0142 wi\u0119c Adriana do swojego Renault i odjechali. Wszystko zapisa\u0142o si\u0119 na monitoringu osiedla.<\/p>\n<p class=\"Paragraph_desktopParagraph__U31Gm\">W tym czasie dwie osoby zawiadamiaj\u0105 policj\u0119. Jedna widzia\u0142a zataczaj\u0105cego si\u0119 m\u0119\u017cczyzn\u0119 na parkingu przy aucie. Druga \u2014 widzia\u0142a, jak kierowca wjecha\u0142 w ogrodzenie i uciek\u0142 z pasa\u017cerem. Kiedy policjanci wys\u0142uchuj\u0105 \u015bwiadk\u00f3w na miejsce, nadje\u017cd\u017ca w ich stron\u0119 Renault. \u015awiadkowie z bliska rozpoznaj\u0105, \u017ce to w\u0142a\u015bnie ten cz\u0142owiek wjecha\u0142 w p\u0142ot. Funkcjonariusze zatrzymuj\u0105 auto.<\/p>\n<p class=\"Paragraph_desktopParagraph__U31Gm\">Obaj m\u0119\u017cczy\u017ani s\u0105 kompletnie pijani. Adrian wydmuchuje ponad dwa promile, Patryk R. \u2014 1,5 promila.<\/p>\n<p class=\"Paragraph_desktopParagraph__U31Gm\">B\u0119dzie sprawa karna. Patryk odpowie za kierowanie samochodem w stanie nietrze\u017awo\u015bci. Policja przeczesuje jego przesz\u0142o\u015b\u0107 za kierownic\u0105. Wida\u0107 w nim, \u017ce od 2018 r. wci\u0105\u017c ci\u0105gle pope\u0142nia\u0142 drogowe wykroczenia. Oto, co widnieje w systemie:<\/p>\n<p class=\"Paragraph_desktopParagraph__U31Gm\">stycze\u0144 2018 r. \u2014 Warszawa,<\/p>\n<p class=\"Paragraph_desktopParagraph__U31Gm\">przekroczenie pr\u0119dko\u015bci w przedziale 31-40 km na godz..<\/p>\n<p class=\"Paragraph_desktopParagraph__U31Gm\">6 punkt\u00f3w karnych, 400 z\u0142<\/p>\n<p class=\"Paragraph_desktopParagraph__U31Gm\">(aktywnych punkt\u00f3w karnych 0)<\/p>\n<p class=\"Paragraph_desktopParagraph__U31Gm\">kwiecie\u0144 2018 r. \u2014 Warszawa<\/p>\n<p class=\"Paragraph_desktopParagraph__U31Gm\">przekroczenie pr\u0119dko\u015bci powy\u017cej 50 km na godz.,<\/p>\n<p class=\"Paragraph_desktopParagraph__U31Gm\">10 punkt\u00f3w, 200 z\u0142<\/p>\n<p class=\"Paragraph_desktopParagraph__U31Gm\">(aktywnych punkt\u00f3w karnych 0)<\/p>\n<p class=\"Paragraph_desktopParagraph__U31Gm\">grudzie\u0144 2018 r. \u2014 \u0141omianki<\/p>\n<p class=\"Paragraph_desktopParagraph__U31Gm\">kolizja drogowa, inne naruszenie przepis\u00f3w i brak wymaganych przy sobie dokument\u00f3w<\/p>\n<p class=\"Paragraph_desktopParagraph__U31Gm\">6 punkt\u00f3w karnych<\/p>\n<p class=\"Paragraph_desktopParagraph__U31Gm\">(aktywnych punkt\u00f3w karnych 0)<\/p>\n<p class=\"Paragraph_desktopParagraph__U31Gm\">sierpie\u0144 2018 r. \u2014 \u0141omianki<\/p>\n<p class=\"Paragraph_desktopParagraph__U31Gm\">kolizja drogowa<\/p>\n<p class=\"Paragraph_desktopParagraph__U31Gm\">6 punkt\u00f3w karnych<\/p>\n<p class=\"Paragraph_desktopParagraph__U31Gm\">(aktywnych punkt\u00f3w karnych 0)<\/p>\n<p class=\"Paragraph_desktopParagraph__U31Gm\">kwiecie\u0144 2020 r. \u2014 Warszawa<\/p>\n<p class=\"Paragraph_desktopParagraph__U31Gm\">Przekroczenie pr\u0119dko\u015bci w przedziale 21-30 km na godz.<\/p>\n<p class=\"Paragraph_desktopParagraph__U31Gm\">100 z\u0142 i 4 punkt\u00f3w karnych<\/p>\n<p class=\"Paragraph_desktopParagraph__U31Gm\">(aktywnych punkt\u00f3w karnych 0)<\/p>\n<p class=\"Paragraph_desktopParagraph__U31Gm\">maj 2020 r. \u2014 Czosn\u00f3w<\/p>\n<p class=\"Paragraph_desktopParagraph__U31Gm\">Przekroczenie pr\u0119dko\u015bci w przedziale 21-30 km na godz.<\/p>\n<p class=\"Paragraph_desktopParagraph__U31Gm\">100 z\u0142 i 4 punkt\u00f3w karnych<\/p>\n<p class=\"Paragraph_desktopParagraph__U31Gm\">(aktywnych punkt\u00f3w karnych 0)<\/p>\n<p class=\"Paragraph_desktopParagraph__U31Gm\">sierpie\u0144 2021 r. \u2014 Warlubie<\/p>\n<p class=\"Paragraph_desktopParagraph__U31Gm\">Inne ni\u017c kolizja zagro\u017cenie drogowe<\/p>\n<p class=\"Paragraph_desktopParagraph__U31Gm\">500 z\u0142, 6 punkt\u00f3w<\/p>\n<p class=\"Paragraph_desktopParagraph__U31Gm\">(aktywnych punkt\u00f3w karnych 0)<\/p>\n<p class=\"Paragraph_desktopParagraph__U31Gm\">Sierpie\u0144 2021 \u2014 Warszawa<\/p>\n<p class=\"Paragraph_desktopParagraph__U31Gm\">Przekroczenie pr\u0119dko\u015bci powy\u017cej 50 km na godz.<\/p>\n<p class=\"Paragraph_desktopParagraph__U31Gm\">400 z\u0142, 10 punkt\u00f3w<\/p>\n<p class=\"Paragraph_desktopParagraph__U31Gm\">(aktywnych punkt\u00f3w karnych 0)<\/p>\n<p class=\"Paragraph_desktopParagraph__U31Gm\">Dodatkowo \u2014 kierowanie motocyklem bez uprawnie\u0144 \u2014 300 z\u0142<\/p>\n<p class=\"Paragraph_desktopParagraph__U31Gm\">pa\u017adziernik 2021 r. \u2014 Warszawa<\/p>\n<p class=\"Paragraph_desktopParagraph__U31Gm\">niestosowanie si\u0119 do znak\u00f3w i sygna\u0142\u00f3w<\/p>\n<p class=\"Paragraph_desktopParagraph__U31Gm\">100 z\u0142 i 1 punkt karny<\/p>\n<p class=\"Paragraph_desktopParagraph__U31Gm\">(aktywny 1 punkt karny)<\/p>\n<p class=\"Paragraph_desktopParagraph__U31Gm\">listopad 2021 r. \u2014 Izabelin<\/p>\n<p class=\"Paragraph_desktopParagraph__U31Gm\">Kierowanie samochodem osobowym bez uprawnie\u0144<\/p>\n<p class=\"Paragraph_desktopParagraph__U31Gm\">Tego samego dnia z\u0142apany 2,5 h p\u00f3\u017aniej w tym samym samochodzie dostaje mandat za nie stosowanie si\u0119 do nakazu jazdy wyznaczonego oznakowaniem<\/p>\n<p class=\"Paragraph_desktopParagraph__U31Gm\">250 z\u0142, 5 punkt\u00f3w<\/p>\n<p class=\"Paragraph_desktopParagraph__U31Gm\">(5 aktywnych)<\/p>\n<p class=\"Paragraph_desktopParagraph__U31Gm\">To historia bardzo z\u0142ego kierowcy, kt\u00f3ry ju\u017c w trzy lata po uzyskaniu prawa jazdy (zdoby\u0142 w 2015 r.), masowo \u0142amie prawo na drodze. Moj\u0105 uwag\u0119 przykuwaj\u0105 te\u017c wpisy dotycz\u0105ce punkt\u00f3w karnych. Jakim cudem Patryk R. zbiera\u0142 punkty karne, a \u0142apany w tym samym roku, w systemie ich w og\u00f3le nie mia\u0142 widocznych jako aktywne? Dopiero ostatnie przy\u0142apania przez policj\u0119 pokazuj\u0105, \u017ce ma w og\u00f3le na koncie punkty za poprzednie wykroczenia.<\/p>\n<p>Prokurator proponuje kar\u0119, s\u0119dzia \u0142agodzi <\/p>\n<p class=\"Paragraph_desktopParagraph__U31Gm\">Podczas przes\u0142uchania na policji, Patryk przyznaje si\u0119 do kierowania samochodem w stanie nietrze\u017awo\u015bci. Dy\u017curuj\u0105cy w Prokuraturze Rejonowej Warszawa \u017boliborz prokurator Maciej Nowicki proponuje: siedem miesi\u0119cy ograniczenia wolno\u015bci z pracami spo\u0142ecznymi przez 20 godzin miesi\u0119cznie, 5 tys. z\u0142 nawi\u0105zki na Fundusz Sprawiedliwo\u015bci oraz cztery lata zakazu prowadzenia pojazd\u00f3w. Patryk zgadza si\u0119 na tak\u0105 kar\u0119.<\/p>\n<p class=\"Paragraph_desktopParagraph__U31Gm\">29 wrze\u015bnia 2022 r. prokuratura przesy\u0142a akt oskar\u017cenia do S\u0105du Rejonowego dla Warszawy-\u017boliborza. Do sprawy wylosowana zostaje s\u0119dzia Magdalena Taraszkiewicz-So\u0142tys (dwa lata p\u00f3\u017aniej zostaje prezesem s\u0105du).<\/p>\n<p class=\"Paragraph_desktopParagraph__U31Gm\">27 pa\u017adziernika uznaje, \u017ce skoro dowody s\u0105 jasne, a sprawca si\u0119 przyzna\u0142 i zgodzi\u0142 na kar\u0119, mo\u017cna wyda\u0107 wyrok nakazowy, bez przeprowadzenia rozprawy. I wydaje. \u0141agodniejszy ni\u017c chcia\u0142 prokurator. Bo owszem, orzeka czteroletni zakaz prowadzenia pojazd\u00f3w i 5 tys. z\u0142 nawi\u0105zki, ale prac spo\u0142ecznych ju\u017c nie daje. Dorzuca tylko grzywn\u0119 4 tys. z\u0142.<\/p>\n<p class=\"Paragraph_desktopParagraph__U31Gm\">Interweniuje prokuratura. To jedyny raz w tej historii, gdy organa \u015bcigania lub s\u0105dowe, widz\u0105 potrzeb\u0119 surowego ukarania Patryka R.<\/p>\n<p class=\"Paragraph_desktopParagraph__U31Gm\">Prokurator Maja Kasperkiewicz-Radtke pisze sprzeciw wobec wyroku nakazowego. Uwa\u017ca kar\u0119 wyznaczon\u0105 przez s\u0105d za ra\u017c\u0105co niewsp\u00f3\u0142miern\u0105 przy tym stopniu spo\u0142ecznej szkodliwo\u015bci czynu. Uwa\u017ca, \u017ce winno to skutkowa\u0107 rokiem ograniczenia wolno\u015bci z pracami na cele spo\u0142eczne w wymiarze 30 h miesi\u0119cznie. I zakaz prowadzenia pojazd\u00f3w na 5 lat.<\/p>\n<p class=\"Paragraph_desktopParagraph__U31Gm\">G\u0142\u0119boko uzasadnia, \u017ce Patryk wszystko zrobi\u0142 \u015bwiadomie i jeszcze po kolizji kolegi je\u017adzi\u0142 z nim pijany autem. Jecha\u0142 przecie\u017c rano, gdzie dzieci chodz\u0105 do szko\u0142y i stwarza\u0142 zagro\u017cenie.<\/p>\n<p class=\"Paragraph_desktopParagraph__U31Gm\">Kara grzywny i zakaz na 4 lata &#8222;nie s\u0105 na tyle wystarczaj\u0105ce, aby zrozumia\u0142 naganno\u015b\u0107 swojego zachowania. Nie stanowi\u0105 dla oskar\u017conego kary realnej i dostatecznie dolegliwej, aby wytworzy\u0107 u niego prze\u015bwiadczenie o nieop\u0142acalno\u015bci pope\u0142niania przest\u0119pstw w przysz\u0142o\u015bci. Wr\u0119cz przeciwnie, taki wymiar kary \u015bwiadczy o zbyt \u0142agodnym, a nawet pob\u0142a\u017cliwym traktowaniu sprawcy, kt\u00f3rego wina, jak r\u00f3wnie\u017c spo\u0142eczna szkodliwo\u015bci cechuj\u0105 si\u0119 stopniem znacznym&#8221; \u2014 pisze prokurator Kasperkiewicz-Radtke w uzasadnieniu sprzeciwu. Dodaje, \u017ce taka kara, jak\u0105 da\u0142 s\u0105d &#8222;powodowa\u0107 b\u0119dzie spo\u0142eczne poczucie niesprawiedliwo\u015bci&#8221;.<\/p>\n<p>Op\u0142ata s\u0105dowa? Patryk olewa <\/p>\n<p class=\"Paragraph_desktopParagraph__U31Gm\">Do sprawy Patryka zostaje wylosowany kolejny s\u0119dzia. To \u0141ukasz Dr\u0105\u017cek. Wyznacza, \u017ce 12 stycznia 2023 r. rozpatrzy prokuratorski sprzeciw. I rozpatruje. Sam. W pustej sali. Patryk nie przychodzi. Nie przychodzi te\u017c nikt z prokuratury.<\/p>\n<p class=\"Paragraph_desktopParagraph__U31Gm\">Rozprawa zajmuje s\u0119dziemu 15 minut z przerw\u0105 na narad\u0119. S\u0119dzia \u0141ukasz Dr\u0105\u017cek jest surowszy ni\u017c poprzedniczka. Zakazuje Patrykowi jazdy pojazdami mechanicznymi na pi\u0119\u0107 lat, daje nawi\u0105zk\u0119 5 tys. z\u0142, ale orzeka te\u017c osiem miesi\u0119cy ograniczenia wolno\u015bci polegaj\u0105cych na wykonywaniu prac spo\u0142ecznych przez 20 godzin miesi\u0119cznie. Do tego Patryk ma zap\u0142aci\u0107 250 z\u0142 koszt\u00f3w s\u0105dowych i 180 z\u0142 op\u0142aty.<\/p>\n<p class=\"Paragraph_desktopParagraph__U31Gm\">Wyrok uprawomocnia si\u0119 20 stycznia 2023 r.<\/p>\n<p class=\"Paragraph_desktopParagraph__U31Gm\">Patryk nie p\u0142aci koszt\u00f3w s\u0105dowych. W maju s\u0105d zleca komornikowi wyegzekwowanie 250 z\u0142. Komornik zajmuje mu konto, ale tam nic nie ma. I nic nie wp\u0142ywa. W listopadzie komornik si\u0119 poddaje \u2014 sam sk\u0142ada wniosek, \u017ceby Patrykowi umorzy\u0107 te op\u0142aty, bo i tak nie ma szans na ich \u015bci\u0105gni\u0119cie. W grudniu 2023 r. s\u0119dzia Wojciech Eliszewski (to ju\u017c trzeci, kt\u00f3ry zajmuje si\u0119 spraw\u0105 jednego kierowcy) wniosek uznaje, koszty umarza.<\/p>\n<p class=\"Paragraph_desktopParagraph__U31Gm\">Jednak w dalszym ci\u0105gu tej historii Patryk sam w pewnym momencie pisze do s\u0105du we wniosku, \u017ce pracuje. Nast\u0119pnie inny s\u0119dzia pisze to w uzasadnieniu swojego rozstrzygni\u0119cia \u2014 \u017ce Patryk pracuje. Nikogo nigdy jednak ju\u017c nie zainteresuje, \u017ce skoro pracuje, to pewnie i zarabia? I jak pracuje, \u017ce na konto nic nie wp\u0142ywa? Kto go zatrudnia? Dlaczego prawdopodobnie p\u0142aci mu do r\u0119ki? Czy to praca &#8222;na czarno&#8221;? Nikt w s\u0105dzie nawet o tym nie pomy\u015bla\u0142.<\/p>\n<p class=\"Paragraph_desktopParagraph__U31Gm\">Patryk nie musi zatem nawet zap\u0142aci\u0107 250 z\u0142, koszty ponosz\u0105 za niego podatnicy. Ba, podatnicy musz\u0105 te\u017c zap\u0142aci\u0107 25,03 z\u0142 koszt\u00f3w, kt\u00f3re poni\u00f3s\u0142 komornik wysy\u0142aj\u0105cy Patrykowi wezwania.<\/p>\n<p>Prace spo\u0142eczne. Patryk olewa <\/p>\n<p class=\"Paragraph_desktopParagraph__U31Gm\">Swoj\u0105 kar\u0119 za picie za k\u00f3\u0142kiem Patryk powinien odpracowa\u0107 na rzecz spo\u0142ecze\u0144stwa w Warszawskim Centrum Integracji. Kurator t\u0142umaczy mu, co i jak ma robi\u0107. Patryk nigdy nie stawia si\u0119 w tej pracy. Nie przyszed\u0142 ani razu.<\/p>\n<p class=\"Paragraph_desktopParagraph__U31Gm\">Pod koniec czerwca kurator s\u0105dowy przysy\u0142a do s\u0105du wniosek, by zamieni\u0107 prace spo\u0142eczne na kar\u0119 zast\u0119pcz\u0105 pozbawienia wolno\u015bci. &#8222;Skazany nie wykonuje orzeczonej kary (\u2026) Nie stawi\u0142 si\u0119 do zak\u0142adu pracy, gdzie zosta\u0142 skierowany (\u2026) nie usprawiedliwi\u0142 przyczyny niepodj\u0119cia kary ograniczenia wolno\u015bci&#8221; \u2014 pisze we wniosku.<\/p>\n<p class=\"Paragraph_desktopParagraph__U31Gm\">Do rozpatrzenia wniosku w tej sprawie wyznaczono s\u0119dzi\u0119 Agnieszk\u0119 Chojnack\u0105-Chech\u0142acz (to ju\u017c czwarta s\u0119dzia pochylaj\u0105ca si\u0119 nad spraw\u0105 jednego kierowcy). Ta wyznacza rozpraw\u0119 na 19 wrze\u015bnia 2023 r. Patryk si\u0119 nie stawia, nigdy nie odbiera zreszt\u0105 wezwa\u0144, cho\u0107 mieszka tam, gdzie s\u0105 wysy\u0142ane.<\/p>\n<p class=\"Paragraph_desktopParagraph__U31Gm\">S\u0119dzia Chojnack\u0105-Chech\u0142acz skazuje go na 119 dni pozbawienia wolno\u015bci. &#8222;Skazany zlekcewa\u017cy\u0142 wyrok i kuratora&#8221; \u2014 pisze w uzasadnieniu decyzji.<\/p>\n<p class=\"Paragraph_desktopParagraph__U31Gm\">Na pocz\u0105tku grudnia s\u0105d wysy\u0142a policjantom z \u0141omianek nakaz osadzenia Patryka. Poleca &#8222;niezw\u0142ocznie&#8221; doprowadzi\u0107 go do Aresztu \u015aledczego na Bia\u0142o\u0142\u0119ce.<\/p>\n<p class=\"Paragraph_desktopParagraph__U31Gm\">Sformu\u0142owanie &#8222;niezw\u0142ocznie&#8221; nie jest chyba najlepiej oddaj\u0105cym to, co robi w tej sprawie policja. Bo na pewno nie dowozi m\u0119\u017cczyzny do aresztu do 26 stycznia 2024 r. Na ten dzie\u0144 datowane jest bowiem pismo Patryka do s\u0105du.<\/p>\n<p class=\"Paragraph_desktopParagraph__U31Gm\">Pierwszy raz jednak postanawia skontaktowa\u0107 si\u0119 z s\u0105dem. Pisze odr\u0119cznie, \u017ce sam opiekuje si\u0119 dzieckiem i ma trudn\u0105 sytuacj\u0119 materialn\u0105. &#8222;Mia\u0142em trudno\u015bci z wykonaniem prac spo\u0142ecznych ze wzgl\u0119du na prac\u0119 zawodow\u0105&#8221; \u2014 t\u0142umaczy si\u0119. Argumentuje, \u017ce zamkni\u0119cie go w zak\u0142adzie b\u0119dzie wi\u0105za\u0142o si\u0119 z nieobecno\u015bci\u0105 jego przy dziecku. &#8222;W zwi\u0105zku z powy\u017cszym zobowi\u0105zuje si\u0119 sumiennie do podj\u0119cia i wykonania kary ograniczenia wolno\u015bci&#8221; \u2014 obiecuje.<\/p>\n<p>Druga szansa na prace spo\u0142eczne. Patryk olewa <\/p>\n<p class=\"Paragraph_desktopParagraph__U31Gm\">Tego samego dnia, gdy wp\u0142ywa wniosek Patryka, rozpoznaje go s\u0119dzia Wojciech Eliszewski. Pomimo tak radykalnie z\u0142ej postawy pods\u0105dnego, postanawia da\u0107 mu szans\u0119. Poleca wstrzyma\u0107 zamkni\u0119cie go w areszcie. &#8222;Skazany wykaza\u0142 nadto, \u017ce opiekuje si\u0119 samotnie dzieckiem, mia\u0142 trudno\u015bci z wykonaniem kary, gdy\u017c pracuje zawodowo&#8221; \u2014 pisze w uzasadnieniu.<\/p>\n<p class=\"Paragraph_desktopParagraph__U31Gm\">Zgodnie z tym postanowieniem Patryk ma odby\u0107 kar\u0119 ograniczenia wolno\u015bci, czyli prac spo\u0142ecznych przez siedem miesi\u0119cy i 28 dni. S\u0119dzia ostrzega, \u017ce je\u015bli Patryk zn\u00f3w zrobi s\u0105d w balona, to areszt ju\u017c go nie minie. Bardzo si\u0119 myli\u2026<\/p>\n<p class=\"Paragraph_desktopParagraph__U31Gm\">Ju\u017c p\u00f3\u0142 roku p\u00f3\u017aniej wiadomo, \u017ce Patryk ani my\u015bla\u0142 pracowa\u0107 spo\u0142ecznie. Na kolejnym posiedzeniu w jego sprawie s\u0119dzia Magdalena Taraszkiewicz-So\u0142tys postanawia, \u017ce jednak ma trafi\u0107 do aresztu na 119 dni. &#8222;Skazany wykaza\u0142 si\u0119 lekcewa\u017c\u0105cym stosunkiem do wyroku oraz kuratora i nie wykorzysta\u0142 szansy, jak\u0105 otrzyma\u0142 od s\u0105du&#8221; \u2014 pisze w decyzji.<\/p>\n<p>Areszt? Patryk nie siedzi ani dnia <\/p>\n<p class=\"Paragraph_desktopParagraph__U31Gm\">Z tym aresztem to po\u015bpiechu nie ma. Dopiero pod koniec 2024 r. s\u0105d sprawdza w wydziale dla nieletnich, czy &#8222;zachodzi konieczno\u015b\u0107 opieki nad ma\u0142oletnim&#8221;, bo tata ma i\u015b\u0107 do aresztu na 119 dni. Dopiero w 15 stycznia 2025 r. S\u0105d Rejonowy dla Warszawy-\u017boliborza wydaje postanowienie polecenia osadzenia Patryka. &#8222;niezw\u0142ocznie&#8221; w Areszcie \u015aledczym w Warszawie-Bia\u0142o\u0142\u0119ce na 119 dni.<\/p>\n<p class=\"Paragraph_desktopParagraph__U31Gm\">Z oblicze\u0144 aresztu, kt\u00f3re s\u0105 w s\u0105dowych aktach wynika, \u017ce Patryk mia\u0142 posiedzie\u0107 za kratkami od 17 lutego do 16 czerwca 2025 r. Nie przesiedzia\u0142 ani dnia. Bo cho\u0107 s\u0105d kaza\u0142 go zamkn\u0105\u0107, to 27 lutego Komisja Penitencjarna w Areszcie \u015aledczym Warszawa-Bia\u0142o\u0142\u0119ka zezwala Patrykowi na odbycie kary w systemie dozoru elektronicznego. I niestety S\u0105d Okr\u0119gowy w Warszawie tak\u0119 decyzj\u0119 potwierdza. Patryk dostaje obr\u0105czk\u0119 na nog\u0119 i mo\u017ce spokojnie siedzie\u0107 pod \u0141omiankami. Zdejmuj\u0105 mu j\u0105 17 czerwca 2025 r. o godzinie 8.35.<\/p>\n<p class=\"Paragraph_desktopParagraph__U31Gm\">Pi\u0119\u0107 miesi\u0119cy p\u00f3\u017aniej policjanci z Czosnowa wysy\u0142aj\u0105 do s\u0105du pismo z adnotacj\u0105 &#8222;BARDZO PILNE&#8221;. Potrzebuj\u0105 odpisu jego wyroku. Bo Patryk zn\u00f3w pope\u0142ni\u0142 przest\u0119pstwo na drodze.<\/p>\n<p>Zakaz prowadzenia pojazd\u00f3w? Patryk olewa <\/p>\n<p class=\"Paragraph_desktopParagraph__U31Gm\">Czwartek 20 listopada 2025 r. Policjanci z Warszawy patroluj\u0105 drog\u0119 krajow\u0105 nr 7 w nieoznakowanym radiowozie Cupra. Na wysoko\u015bci miejscowo\u015bci Cz\u0105stk\u00f3w Polski zauwa\u017caj\u0105 motocyklist\u0119 na Hondzie CBR 600 z lekko podgi\u0119t\u0105 tablic\u0105 rejestracyjn\u0105 (stara sztuczka, by je\u017adzi\u0107 bezkarnie szybko przy fotoradarach). Motocyklista gna 140 km na godz. tam, gdzie wolno najwy\u017cej 70 km na godz..<\/p>\n<p class=\"Paragraph_desktopParagraph__U31Gm\">Policjanci w\u0142\u0105czaj\u0105 \u015bwiat\u0142a i syren\u0119, ale motocyklista nie zamierza si\u0119 zatrzyma\u0107. Rozpoczyna szalon\u0105 ucieczk\u0119. Kolejny pomiar w miejscowo\u015bci \u0141omna pokazuje ju\u017c 160 km na godz., za chwil\u0119 p\u0119dzi ju\u017c 196 km na godz. i nie zwa\u017ca na czerwone \u015bwiat\u0142o na skrzy\u017cowaniu.<\/p>\n<p><img decoding=\"async\" class=\"Image_image__0tuHp Image_autoHeight__f2n87 \" height=\"522\" width=\"800\" src=\"https:\/\/www.europesays.com\/pl\/wp-content\/uploads\/2026\/04\/gCLk9kpTURBXy81ZDdhNGIyYmZmNzQ4OGY5MWM0Mjg4ZjI2NGZmYTU5Yi5qcGeSlQLNA6wAwsOVAgDNAkvCw94AA6EwAaExAaEzw.jpeg\" alt=\"Kadr z policyjnego wideorejestratora. Patryk R. ucieka\u0142 przed po\u015bcigiem p\u0119dz\u0105c drog\u0105 krajow\u0105 blisko 200 km\/h\" loading=\"lazy\" \/>brd24.pl<\/p>\n<p>Kadr z policyjnego wideorejestratora. Patryk R. ucieka\u0142 przed po\u015bcigiem p\u0119dz\u0105c drog\u0105 krajow\u0105 blisko 200 km\/h<\/p>\n<p class=\"Paragraph_desktopParagraph__U31Gm\">Policyjny po\u015bcig utyka na estakadzie w \u0141omiankach, bo jest tam drogowy zator, przez kt\u00f3ry motocyklista si\u0119 przeciska i znika funkcjonariuszom z pola widzenia, zanim przedr\u0105 si\u0119 mi\u0119dzy ust\u0119puj\u0105cymi im kierowcami. Funkcjonariusze odnotowuj\u0105, \u017ce motocyklista mia\u0142 czarn\u0105 kurtk\u0119, niebieskie d\u017cinsy i adidasy. Po rejestracji rozpracowuj\u0105, \u017ce motocykl ma w\u0142a\u015bciciela w Warszawie. Gdy odwiedza go patrol, ten zdziwiony m\u00f3wi, \u017ce Hond\u0119 sprzeda\u0142 cztery lata temu.<\/p>\n<p class=\"Paragraph_desktopParagraph__U31Gm\">Kiedy ju\u017c wiadomo, \u017ce chodzi o Patryka R., policjanci z Czosnowa jad\u0105 do niego do domu. Zastaj\u0105 go na miejscu i zatrzymuj\u0105. Przes\u0142uchuj\u0105 obecn\u0105 tam matk\u0119 Patryka. &#8222;Wyjecha\u0142 do pracy na 6.30, wr\u00f3ci\u0142 o 15. Zjad\u0142 obiad i poszed\u0142 do siebie na g\u00f3r\u0119&#8221; \u2014 zeznaje Monika R. Pytaj\u0105, czy cz\u0119sto je\u017adzi\u0142 motocyklem. Mama nie wie. Mieszkaj\u0105 w tym samym domu, ale nie wie. No i zn\u00f3w pojawia si\u0119 w\u0105tek pracy, do kt\u00f3rej Patryk je\u017adzi (sic!). Czyli powinien mie\u0107 na te poprzednie koszty s\u0105dowe? Nikt do tego nie b\u0119dzie wraca\u0142.<\/p>\n<p class=\"Paragraph_desktopParagraph__U31Gm\">Policjanci nie tylko zatrzymuj\u0105 Patryka i zabieraj\u0105 na komisariat. Zabezpieczaj\u0105 te\u017c motocykl Honda, kt\u00f3rego warto\u015b\u0107 oszacowana zostaje na 10 tys. z\u0142. Mienie ruchome. Mo\u017cna by op\u0142aci\u0107 z tego zaleg\u0142e koszty s\u0105dowe. Ale nikt ju\u017c do tego nie wraca.<\/p>\n<p><img decoding=\"async\" class=\"Image_image__0tuHp Image_autoHeight__f2n87 \" height=\"483\" width=\"800\" src=\"https:\/\/www.europesays.com\/pl\/wp-content\/uploads\/2026\/04\/vtvk9kpTURBXy9lYmVlNzRkYzUwMzlhZTdjM2NiYjMwYTQ0YjUxNWQwZC5qcGeSlQLNA6wAwsOVAgDNAkvCw94AA6EwAaExAaEzw.jpeg\" alt=\"Honda CBR 600, kt\u00f3r\u0105 Patryk R. ucieka\u0142 przed policjantami i kt\u00f3r\u0105 funkcjonariusze zabezpieczyli jako mienie ruchome\" loading=\"lazy\" \/>brd24.pl<\/p>\n<p>Honda CBR 600, kt\u00f3r\u0105 Patryk R. ucieka\u0142 przed policjantami i kt\u00f3r\u0105 funkcjonariusze zabezpieczyli jako mienie ruchome<\/p>\n<p class=\"Paragraph_desktopParagraph__U31Gm\">21 listopada 2025 r. Patryk jest przes\u0142uchiwany przez policjant\u00f3w. Ponownie, od razu przyznaje si\u0119 do winy. Udaje skruch\u0119. &#8222;Przepraszam za swoje zachowanie, musia\u0142em odebra\u0107 klucze od kolegi i nie mia\u0142em z kim pojecha\u0107. Gdy us\u0142ysza\u0142em d\u017awi\u0119k syren, to si\u0119 przestraszy\u0142em i nie wiem, dlaczego ucieka\u0142em przed policjantami&#8221; \u2014 opowiada.<\/p>\n<p class=\"Paragraph_desktopParagraph__U31Gm\">Policjanci podczas tego przes\u0142uchania dzwoni\u0105 do prokurator Ma\u0142gorzaty Komsty z Prokuratury Rejonowej w Nowym Dworze Mazowieckim. Za ucieczk\u0119 przed policj\u0105, skrajne przekraczanie pr\u0119dko\u015bci proponuje: trzy miesi\u0105ce pozbawienia wolno\u015bci, 5 tys. z\u0142 na Fundusz Sprawiedliwo\u015bci oraz rok zakazu prowadzenia pojazd\u00f3w. Za z\u0142amanie zakazu prowadzenia pojazd\u00f3w: sze\u015b\u0107 miesi\u0119cy pozbawienia wolno\u015bci oraz kolejne 5 tys. z\u0142 na Fundusz Sprawiedliwo\u015bci.<\/p>\n<p class=\"Paragraph_desktopParagraph__U31Gm\">\u0141\u0105cznie prokurator Komsta chce wi\u0119c ukara\u0107 Patryka o\u015bmioma miesi\u0105cami pozbawienia wolno\u015bci, ale\u2026 w zawieszeniu na dwa lata. Czytam to w aktach dwa razy, bo nie dowierzam. Ale to niestety prawda. Ju\u017c na etapie propozycji prokuratury kara jest wyj\u0105tkowo kuriozalna i \u2014 jak si\u0119 niebawem oka\u017ce \u2014 \u015bmiertelnie gro\u017ana dla obywateli. Prokurator chce te\u017c zakazu prowadzenia pojazd\u00f3w. Na dwa lata.<\/p>\n<p class=\"Paragraph_desktopParagraph__U31Gm\">Patryk zn\u00f3w ochoczo zgadza si\u0119 na kar\u0119 zaproponowan\u0105 przez prokuratur\u0119.<\/p>\n<p>Rozprawa w minut\u0119. Patryk z zawiasami <\/p>\n<p class=\"Paragraph_desktopParagraph__U31Gm\">Pod koniec listopada prokuratura ma ju\u017c gotowy akt oskar\u017cenia i wysy\u0142a go do S\u0105du Rejonowego w Nowym Dworze Mazowieckim.<\/p>\n<p class=\"Paragraph_desktopParagraph__U31Gm\">Do sprawy zostaje wylosowana s\u0119dzia Justyna \u017bbikowska, obecna prezes tego s\u0105du rejonowego (to ju\u017c pi\u0105ta s\u0119dzia zajmuj\u0105ca si\u0119 jednym kierowc\u0105, cho\u0107 przy okazji kolejnego przest\u0119pstwa). Wyznacza rozpraw\u0119 na 5 lutego 2026 r. I na rozprawie zasiada sama. Patryk zn\u00f3w nie przychodzi. Zn\u00f3w nie ma te\u017c nikogo z prokuratury.<\/p>\n<p class=\"Paragraph_desktopParagraph__U31Gm\">W protokole rozprawy odnotowano, \u017ce rozpocz\u0119\u0142a si\u0119 o 13.40. Zamkni\u0119ta zostaje przed up\u0142ywem jednej minuty \u2014 tak\u017ce o 13.40.<\/p>\n<p class=\"Paragraph_desktopParagraph__U31Gm\">S\u0119dzia wyg\u0142osi\u0142a wyrok i poda\u0142a ustnie najwa\u017cniejsze powody kary, kt\u00f3r\u0105 wyznaczy\u0142a. Poniewa\u017c m\u00f3wi\u0142a sama do siebie, nigdy nie dowiemy si\u0119, jakie mia\u0142a argumenty.<\/p>\n<p class=\"Paragraph_desktopParagraph__U31Gm\">Skaza\u0142a Patryka na zakaz prowadzenia pojazd\u00f3w na pi\u0119\u0107 lat, o prawo jazdy b\u0119dzie m\u00f3g\u0142 si\u0119 stara\u0107 dopiero w 2031 r. Do tego nawi\u0105zka 8 tys. z\u0142 na Fundusz Sprawiedliwo\u015bci i koszty s\u0105dowe. S\u0105d widocznie ma wiar\u0119, \u017ce tym razem \u015bci\u0105gnie je z konta, na kt\u00f3rym nic nie ma?<\/p>\n<p class=\"Paragraph_desktopParagraph__U31Gm\">S\u0119dzia \u017bbikowska skazuje te\u017c Patryka na rok pozbawienie wolno\u015bci, ale w zawieszeniu na trzy lata pr\u00f3by.<\/p>\n<p class=\"Paragraph_desktopParagraph__U31Gm\">Dopiero od 29 stycznia 2026 r. prawo utrudni\u0142o s\u0119dziom orzekanie wobec takich os\u00f3b kar w zawieszeniu i nakaza\u0142o przy z\u0142amaniu zakazu prowadzenia pojazd\u00f3w orzeka\u0107 do\u017cywotni zakaz. Patryk pope\u0142ni\u0142 swoje przest\u0119pstwa, zanim zmieniono prawo. S\u0119dziowie od dawna jednak mogli orzeka\u0107 surowiej. Nikt nie zabrania\u0142 im orzeka\u0107 kar bezwzgl\u0119dnego wi\u0119zienia czy do\u017cywotniego zakazu prowadzenia pojazd\u00f3w.<\/p>\n<p><img decoding=\"async\" class=\"Image_image__0tuHp Image_autoHeight__f2n87 \" height=\"587\" width=\"756\" src=\"https:\/\/www.europesays.com\/pl\/wp-content\/uploads\/2026\/04\/egck9kpTURBXy8zNjVhN2I3OTJhN2VkOTQzMjZiY2E4YzQ2MWMxMmRiYy5qcGeSlQLNA6wAwsOVAgDNAkvCw94AA6EwAaExAaEzw.jpeg\" alt=\"S\u0105d Rejonowy w Nowym Dworze Mazowieckim uzna\u0142, \u017ce Patryk R. za to, \u017ce \u0142ama\u0142 s\u0105dowy zakaz prowadzenia pojazd\u00f3w i ucieka\u0142 przed policj\u0105, mo\u017ce mie\u0107 kar\u0119 w zawieszeniu Fot. \u0141ukasz Zboralski\/brd24.pl\" loading=\"lazy\" \/>brd24.pl<\/p>\n<p>S\u0105d Rejonowy w Nowym Dworze Mazowieckim uzna\u0142, \u017ce Patryk R. za to, \u017ce \u0142ama\u0142 s\u0105dowy zakaz prowadzenia pojazd\u00f3w i ucieka\u0142 przed policj\u0105, mo\u017ce mie\u0107 kar\u0119 w zawieszeniu Fot. \u0141ukasz Zboralski\/brd24.pl<\/p>\n<p class=\"Paragraph_desktopParagraph__U31Gm\">Prokuratura Rejonowa w Nowym Dworze Mazowieckim nie kiwa palcem, nie odwo\u0142uje si\u0119 od wyroku. Ten uprawomocnia si\u0119 13 lutego 2026 r.<\/p>\n<p class=\"Paragraph_desktopParagraph__U31Gm\">Patryk pozostaje na wolno\u015bci. Dwa miesi\u0105ce po tym wyroku p\u0119dzi pijany osobowym Audi i powoduje karambol w \u0141omiankach, w kt\u00f3rym zabija trzy m\u0142ode osoby, a dziesi\u0119\u0107 os\u00f3b rani.<\/p>\n<p class=\"Paragraph_desktopParagraph__U31Gm\">Z\u0142apany po ucieczce z miejsca zdarzenia, po raz pierwszy trafia za kraty. Na razie posiedzi trzy miesi\u0105ce do sprawy. Potem pewnie nie mniej ni\u017c dekad\u0119, a raczej na kilkana\u015bcie lat. Nikt ju\u017c nie b\u0119dzie w s\u0105dzie zastanawia\u0142 si\u0119, czy ma z kim zostawi\u0107 dziecko.<\/p>\n<p class=\"Paragraph_desktopParagraph__U31Gm\">B\u0119dziemy ju\u017c tylko gdyba\u0107:<\/p>\n<p class=\"Paragraph_desktopParagraph__U31Gm\">Czy gdyby zamkni\u0119to go wcze\u015bniej, mia\u0142by szans\u0119 naprawd\u0119 przemy\u015ble\u0107 swoje \u017cycie i obawia\u0107 si\u0119 ponownie wyje\u017cd\u017ca\u0107 na drog\u0119?<\/p>\n<p class=\"Paragraph_desktopParagraph__U31Gm\">Czy gdyby zamkni\u0119to go wcze\u015bniej, 15-letni Kacper, 19-letnia Nicola i 20-letni Eryk wci\u0105\u017c by \u017cyli?<\/p>\n<p class=\"Paragraph_desktopParagraph__U31Gm\">I najwa\u017cniejsze: ilu takich Patryk\u00f3w wci\u0105\u017c je\u017adzi po drogach, a ilu takich s\u0119dzi\u00f3w i prokurator\u00f3w wci\u0105\u017c im na to pozwala? I ilu jeszcze ludzi zabij\u0105?<\/p>\n","protected":false},"excerpt":{"rendered":"To by\u0142 jeden z tych wypadk\u00f3w, kt\u00f3re wstrz\u0105saj\u0105 ca\u0142ym krajem. W niedziel\u0119 12 kwietnia w \u0141omiankach pijany kierowca&hellip;\n","protected":false},"author":2,"featured_media":384918,"comment_status":"","ping_status":"","sticky":false,"template":"","format":"standard","meta":{"footnotes":"","_share_on_mastodon":"0"},"categories":[5],"tags":[64980,12359,32,33,36,37,27,561,34,35,28,31,53,25,52,68,51,55,42,38,40,39,41,47,29,30,50,26],"class_list":["post-384917","post","type-post","status-publish","format-standard","has-post-thumbnail","category-naglowki","tag-benefit_tst2","tag-brd24pl","tag-breaking-news","tag-breakingnews","tag-featured-news","tag-featurednews","tag-headlines","tag-kch","tag-latest-news","tag-latestnews","tag-naglowki","tag-najwazniejsze-artykuly","tag-new_header","tag-news","tag-onet3","tag-onet3d","tag-onet3d_2i","tag-phx","tag-pl","tag-poland","tag-polish","tag-polska","tag-polski","tag-screening_general","tag-top-stories","tag-topstories","tag-v2021","tag-wiadomosci"],"share_on_mastodon":{"url":"https:\/\/pubeurope.com\/@pl\/116453754378436044","error":""},"_links":{"self":[{"href":"https:\/\/www.europesays.com\/pl\/wp-json\/wp\/v2\/posts\/384917","targetHints":{"allow":["GET"]}}],"collection":[{"href":"https:\/\/www.europesays.com\/pl\/wp-json\/wp\/v2\/posts"}],"about":[{"href":"https:\/\/www.europesays.com\/pl\/wp-json\/wp\/v2\/types\/post"}],"author":[{"embeddable":true,"href":"https:\/\/www.europesays.com\/pl\/wp-json\/wp\/v2\/users\/2"}],"replies":[{"embeddable":true,"href":"https:\/\/www.europesays.com\/pl\/wp-json\/wp\/v2\/comments?post=384917"}],"version-history":[{"count":0,"href":"https:\/\/www.europesays.com\/pl\/wp-json\/wp\/v2\/posts\/384917\/revisions"}],"wp:featuredmedia":[{"embeddable":true,"href":"https:\/\/www.europesays.com\/pl\/wp-json\/wp\/v2\/media\/384918"}],"wp:attachment":[{"href":"https:\/\/www.europesays.com\/pl\/wp-json\/wp\/v2\/media?parent=384917"}],"wp:term":[{"taxonomy":"category","embeddable":true,"href":"https:\/\/www.europesays.com\/pl\/wp-json\/wp\/v2\/categories?post=384917"},{"taxonomy":"post_tag","embeddable":true,"href":"https:\/\/www.europesays.com\/pl\/wp-json\/wp\/v2\/tags?post=384917"}],"curies":[{"name":"wp","href":"https:\/\/api.w.org\/{rel}","templated":true}]}}