{"id":385183,"date":"2026-04-23T13:55:14","date_gmt":"2026-04-23T13:55:14","guid":{"rendered":"https:\/\/www.europesays.com\/pl\/385183\/"},"modified":"2026-04-23T13:55:14","modified_gmt":"2026-04-23T13:55:14","slug":"adam-malysz-nie-potrafie-isc-do-celu-po-trupach","status":"publish","type":"post","link":"https:\/\/www.europesays.com\/pl\/385183\/","title":{"rendered":"Adam Ma\u0142ysz: Nie potrafi\u0119 i\u015b\u0107 do celu po trupach"},"content":{"rendered":"\n<p class=\"contentpart contentpart--default contentpart--text\" data-position=\"0\">Adam Ma\u0142ysz swoj\u0105 decyzj\u0119 o niekandydowaniu na kolejn\u0105 kadencj\u0119 og\u0142osi\u0142 po \u015brodowym walnym zebraniu zarz\u0105du Polskiego Zwi\u0105zku Narciarskiego, w rozmowie z Polsatem Sport.\u00a0&#8211; Moja wizja tego, jak to ma wygl\u0105da\u0107, nie jest sp\u00f3jna z wizj\u0105 zarz\u0105du, wi\u0119c moja decyzja jest na nie. Nie b\u0119d\u0119 kandydowa\u0142 &#8211; stwierdzi\u0142.<\/p>\n<p class=\"contentpart contentpart--default contentpart--text\" data-position=\"1\">Ju\u017c wcze\u015bniej ch\u0119\u0107 powrotu na stanowisko prezesa zg\u0142osi\u0142 Apoloniusz Tajner, szef PZN w latach 2006-2022, kt\u00f3ry nie widzi problemu w piastowaniu tej funkcji mimo swojego mandatu poselskiego.<\/p>\n<p>  <img decoding=\"async\" src=\"https:\/\/v.wpimg.pl\/X3dwLnN2d1IFFTpdYUl6R0ZNbgcnEHQREVV2TGEGbUtRT2MdOlZ2RBQUKABgQjQcDRotCStBd1IAAWMeIlM7VgwYIAorQAdEFFk_GCkQJQ\" alt=\"\" width=\"45\" height=\"58\" loading=\"lazy\"\/>  <\/p>\n<p class=\"contentpart contentpart--default contentpart--text\" data-position=\"2\">ZOBACZ WIDEO: Polska sportsmenka zrobi\u0142a furor\u0119 w &#8222;Top Model&#8221;. Tak zareagowa\u0142o \u015brodowisko. &#8222;Wszyscy mnie skre\u015blili&#8221;<\/p>\n<p class=\"contentpart contentpart--default contentpart--text\" data-position=\"4\">Dawid G\u00f3ra, WP SportoweFakty: Pope\u0142ni\u0142e\u015b b\u0142\u0105d zostaj\u0105c prezesem?<\/p>\n<p class=\"contentpart contentpart--default contentpart--text\" data-position=\"5\"><a href=\"https:\/\/sportowefakty.wp.pl\/moto\/adam-malysz\" rel=\"nofollow noopener\" target=\"_blank\">Adam Ma\u0142ysz<\/a>, prezes Polskiego Zwi\u0105zku Narciarskiego: Chcia\u0142em zrobi\u0107 co\u015b dobrego dla sportu. Zdaj\u0119 sobie spraw\u0119 z tego, \u017ce wiele rzeczy nie wysz\u0142o. Nikt nie jest nieomylny, zdarza\u0142y si\u0119 b\u0142\u0119dy. Ale cho\u0107by reformy w sporcie juniorskim wysz\u0142y nam dobrze. Z powodu kilku spraw, kt\u00f3re nam si\u0119 uda\u0142y, kandydowania na stanowisko prezesa nie nazwa\u0142bym b\u0142\u0119dem.<\/p>\n<p class=\"contentpart contentpart--default contentpart--text\" data-position=\"6\">Garnitur, biurko, papiery, ludzie, kt\u00f3rzy nie zawsze \u017cycz\u0105 ci dobrze &#8211; to \u015brodowisko, w kt\u00f3rym chyba  nie czujesz si\u0119 dobrze.<\/p>\n<p>  <img decoding=\"async\" src=\"https:\/\/v.wpimg.pl\/X3dwLnN2d1IFFTpdYUl6R0ZNbgcnEHQREVV2TGEGbUtRT2MdOlZ2RBQUKABgQjQcDRotCStBd1IAAWMeIlM7VgwYIAorQAdEFFk_GCkQJQ\" alt=\"\" width=\"45\" height=\"58\" loading=\"lazy\"\/>  <\/p>\n<p class=\"contentpart contentpart--default contentpart--text\" data-position=\"7\">My\u015bla\u0142em, \u017ce nie b\u0119dzie tak \u017ale. Szczeg\u00f3lnie \u017ce b\u0119d\u0105c dyrektorem sportowym, wymy\u015bli\u0142em dla siebie troch\u0119 inny styl dzia\u0142ania. Chcia\u0142em by\u0107 w terenie i to wysz\u0142o dok\u0142adnie tak, jak zak\u0142ada\u0142em. Prezes tymczasem nie ma takiej mo\u017cliwo\u015bci. Du\u017co oficjalnych spotka\u0144, biurokracja sprawia, \u017ce nie masz czasu na zwyk\u0142y wyjazd na zawody. Rola prezesa to nie jest tylko reprezentowanie zwi\u0105zku, ale mn\u00f3stwo mr\u00f3wczej pracy. Zwi\u0105zki sta\u0142y si\u0119 firmami, kt\u00f3rymi trzeba zarz\u0105dza\u0107, odpowiada\u0107 za to w stu procentach. Jednocze\u015bnie nie mog\u0105c wywalczy\u0107 wszystkiego, na czym ci zale\u017cy.<\/p>\n<p class=\"contentpart contentpart--default contentpart--text\" data-position=\"8\">Mia\u0142e\u015b inn\u0105 wizj\u0119 ni\u017c zarz\u0105d PZN-u.<\/p>\n<p class=\"contentpart contentpart--default contentpart--text\" data-position=\"9\">W niekt\u00f3rych kwestiach.<\/p>\n<p class=\"contentpart contentpart--default contentpart--text\" data-position=\"10\">A dok\u0142adniej?<\/p>\n<p class=\"contentpart contentpart--default contentpart--text\" data-position=\"11\">Nie chc\u0119 ich po kolei wymienia\u0107, bo musia\u0142bym zacz\u0105\u0107 od si\u0119gni\u0119cia daleko wstecz. Podkre\u015blam, \u017ce ja nie mam pretensji do zarz\u0105du, bo ka\u017cdy ma swoj\u0105 wizj\u0119, wiele spraw mo\u017cna widzie\u0107 inaczej. Uwa\u017ca\u0142em jednak, \u017ce mog\u0119 zrobi\u0107 wi\u0119cej i przekona\u0107 innych do pewnych dzia\u0142a\u0144. Tymczasem sporo si\u0119 nie uda\u0142o.<\/p>\n<p>  <img decoding=\"async\" src=\"https:\/\/v.wpimg.pl\/X3dwLnN2d1IFFTpdYUl6R0ZNbgcnEHQREVV2TGEGbUtRT2MdOlZ2RBQUKABgQjQcDRotCStBd1IAAWMeIlM7VgwYIAorQAdEFFk_GCkQJQ\" alt=\"\" width=\"45\" height=\"58\" loading=\"lazy\"\/>  <\/p>\n<p class=\"contentpart contentpart--default contentpart--text\" data-position=\"12\">B\u0119d\u0105c prezesem prywatnej firmy, masz w\u0142adz\u0119. Decydujesz, odpowiadasz za to i potem si\u0119 t\u0142umaczysz za podj\u0119te decyzje, ale jednocze\u015bnie masz najwi\u0119cej do powiedzenia. W zwi\u0105zkach tak nie jest. Jestem przecie\u017c te\u017c w PKOl-u, wiem, jak to wygl\u0105da. A tam jest jeszcze wi\u0119cej cz\u0142onk\u00f3w zarz\u0105du.<\/p>\n<p class=\"contentpart contentpart--default contentpart--text\" data-position=\"13\">I prezes, kt\u00f3ry realizuje swoj\u0105 w\u0142asn\u0105, kontrowersyjn\u0105, wizj\u0119.<\/p>\n<p class=\"contentpart contentpart--default contentpart--text\" data-position=\"14\">Ale ma poparcie. Uzyska\u0142 wi\u0119kszo\u015b\u0107 i funkcjonuje.<\/p>\n<p class=\"contentpart contentpart--default contentpart--text\" data-position=\"15\">Warto te\u017c pami\u0119ta\u0107, \u017ce PZN to nie jest jedna dyscyplina, a przecie\u017c ka\u017cdy sport jest inny. Masz poczucie, \u017ce wszyscy kojarz\u0105 ci\u0119 ze skokami, co jest oczywiste, ale to w\u0142a\u015bnie skoki przynosz\u0105 popularno\u015b\u0107 ca\u0142ym sportom zimowym, przynosz\u0105 te\u017c pieni\u0105dze. Trudno z tym polemizowa\u0107, wi\u0119c nic dziwnego, \u017ce to skoki s\u0105 sportem wiod\u0105cym. Wiod\u0105cym nie oznacza jednak jedynym.<\/p>\n<p>  <img decoding=\"async\" src=\"https:\/\/v.wpimg.pl\/X3dwLnN2d1IFFTpdYUl6R0ZNbgcnEHQREVV2TGEGbUtRT2MdOlZ2RBQUKABgQjQcDRotCStBd1IAAWMeIlM7VgwYIAorQAdEFFk_GCkQJQ\" alt=\"\" width=\"45\" height=\"58\" loading=\"lazy\"\/>  <\/p>\n<p class=\"contentpart contentpart--default contentpart--text\" data-position=\"16\">Czego najbardziej \u017ca\u0142ujesz?<\/p>\n<p class=\"contentpart contentpart--default contentpart--text\" data-position=\"17\">Jakie\u015b 80 procent podj\u0119tych przeze mnie krok\u00f3w by\u0142o dobrych i stanowi\u0142o realizacj\u0119 planu, kt\u00f3ry przed sob\u0105 postawi\u0142em. Ale mieli\u015bmy cho\u0107by zamiar zrobi\u0107 tras\u0119 biegow\u0105 na Kolnej w Krakowie. Projekt by\u0142 bardzo zaawansowany &#8211; nie wysz\u0142o. Do tego tunel aerodynamiczny, kt\u00f3ry realizowali\u015bmy krok po kroku, ale ostatecznie bez powodzenia. Chcieli\u015bmy przy Szkole Mistrzostwa Sportowego stworzy\u0107 du\u017ce obiekty pod sporty zimowe, lecz przedsi\u0119wzi\u0119cie utkn\u0119\u0142o w martwym punkcie.<\/p>\n<p class=\"contentpart contentpart--default contentpart--text\" data-position=\"18\">Dlaczego to wszystko si\u0119 nie uda\u0142o?<\/p>\n<p class=\"contentpart contentpart--default contentpart--text\" data-position=\"19\">Z r\u00f3\u017cnych powod\u00f3w. Zabrak\u0142o zaanga\u017cowania cz\u0119\u015bci os\u00f3b, cz\u0119\u015b\u0107 plan\u00f3w przeros\u0142a nasze mo\u017cliwo\u015bci finansowe. Jako zwi\u0105zek nie jeste\u015bmy w stanie zrobi\u0107 wszystkiego samodzielnie. W zesz\u0142ym roku nie uda\u0142o si\u0119 cho\u0107by zrealizowa\u0107 pomys\u0142u produkowania nart dla Polak\u00f3w, ale uwa\u017cam, \u017ce to jeszcze nie jest do ko\u0144ca stracone. W wielu sprawach spotkali\u015bmy si\u0119 z oporem, kt\u00f3ry trudno by\u0142o prze\u0142ama\u0107. W prywatnej firmie tworzysz bud\u017cet i walczysz o finansowanie, tymczasem w zwi\u0105zku musisz walczy\u0107 o wszystko od samego pocz\u0105tku.<\/p>\n<p>  <img decoding=\"async\" src=\"https:\/\/v.wpimg.pl\/X3dwLnN2d1IFFTpdYUl6R0ZNbgcnEHQREVV2TGEGbUtRT2MdOlZ2RBQUKABgQjQcDRotCStBd1IAAWMeIlM7VgwYIAorQAdEFFk_GCkQJQ\" alt=\"\" width=\"45\" height=\"58\" loading=\"lazy\"\/>  <\/p>\n<p class=\"contentpart contentpart--default contentpart--text\" data-position=\"20\">Mo\u017ce zabrak\u0142o ci bezczelno\u015bci, wyrachowania?<\/p>\n<p class=\"contentpart contentpart--default contentpart--text\" data-position=\"21\">Na pewno nie potrafi\u0119 i\u015b\u0107 do celu po trupach. To nie m\u00f3j styl. Nad czym zreszt\u0105 czasem ubolewam, bo ludzie z takimi umiej\u0119tno\u015bciami maj\u0105 du\u017co \u0142atwiej.<\/p>\n<p class=\"contentpart contentpart--default contentpart--text\" data-position=\"22\">Z czego jeste\u015b najbardziej dumny?<\/p>\n<p class=\"contentpart contentpart--default contentpart--text\" data-position=\"23\">Z reform w sporcie juniorskim &#8211; mo\u017ce efekty nie s\u0105 tak spektakularne, jak wszyscy by wymagali, ale na to trzeba czasu. Uwa\u017cam, \u017ce mam nosa, je\u015bli chodzi o trener\u00f3w, ludzi zajmuj\u0105cych si\u0119 danym tematem, wi\u0119c jestem spokojny o przysz\u0142o\u015b\u0107 tego projektu. Podobnie by\u0142o z Thomasem Thurnbichlerem &#8211; to jest bardzo utalentowany ch\u0142opak, kt\u00f3ry \u015bwietnie da sobie rad\u0119 w sporcie od strony szkoleniowej. Niestety starszym skoczkom trudno by\u0142o si\u0119 zaaklimatyzowa\u0107 w sytuacji, w kt\u00f3rej trenerem jest ich r\u00f3wie\u015bnik. Moim zdaniem Thomasowi zabrak\u0142o czasu.<\/p>\n<p class=\"contentpart contentpart--default contentpart--text\" data-position=\"24\">Wybudowali\u015bmy ponadto istotne obiekty, zmodernizowali\u015bmy skoczni\u0119 w Wi\u015ble, uda\u0142o si\u0119 pozyska\u0107 finansowanie na ma\u0142e skocznie. No i jednym z kluczowych projekt\u00f3w, kt\u00f3ry od podstaw by\u0142 moim pomys\u0142em, jest Akademia Lotnika [projekt popularyzuj\u0105cy skoki narciarskie m.in. w szko\u0142ach &#8211; przyp. red.]. Do\u0142o\u017cy\u0142bym do tego inwestycje na Kubalonce, kt\u00f3ra zostanie doko\u0144czona.<\/p>\n<p class=\"contentpart contentpart--default contentpart--text\" data-position=\"25\">Jest naprawd\u0119 wiele rzeczy, z kt\u00f3rych mog\u0119 by\u0107 zadowolonym. Do tego trzeba do\u0142o\u017cy\u0107 rozpocz\u0119te przedsi\u0119wzi\u0119cia, kt\u00f3re powinny zosta\u0107 doko\u0144czone za kadencji kolejnego prezesa.<\/p>\n<p class=\"contentpart contentpart--default contentpart--text\" data-position=\"26\">Co z tematem Stefana Horngachera, kt\u00f3ry mia\u0142 przyj\u015b\u0107 pracowa\u0107 w Polsce?<\/p>\n<p class=\"contentpart contentpart--default contentpart--text\" data-position=\"27\">Zarz\u0105d postanowi\u0142, \u017ce powinien si\u0119 tym zaj\u0105\u0107 nowy prezes. Dop\u00f3ki jestem w zwi\u0105zku, b\u0119d\u0119 jednak namawia\u0142, aby temat zrealizowano jak najszybciej. To by\u0142aby du\u017ca pomoc &#8211; taki transfer po prostu powinien si\u0119 wydarzy\u0107.<\/p>\n<p class=\"contentpart contentpart--default contentpart--text\" data-position=\"28\">Apoloniusz Tajner, kt\u00f3ry mia\u0142by wr\u00f3ci\u0107 na stanowisko prezesa, to w\u0142a\u015bciwy kierunek?<\/p>\n<p class=\"contentpart contentpart--default contentpart--text\" data-position=\"29\">Ja przede wszystkim mam nadziej\u0119, \u017ce Apoloniusz kontynuowa\u0142by rozpocz\u0119te reformy. W zwi\u0105zku potrzeba nie tylko \u015bwie\u017co\u015bci, ale przede wszystkim ch\u0119ci zmian. One s\u0105 potrzebne, my je rozpocz\u0119li\u015bmy. Nie da si\u0119 prowadzi\u0107 zwi\u0105zku jak dawniej. Prezes PZN-u to nie tylko reprezentant kilku sport\u00f3w, ale przede wszystkim cz\u0142owiek, kt\u00f3ry musi wywalczy\u0107 co\u015b w ministerstwie, by\u0107 twardy, ale te\u017c cierpliwy i ci\u0105gle szuka\u0107 nowych rozwi\u0105za\u0144. Czasem nie masz wp\u0142ywu na wyniki sportowe, ale musisz robi\u0107 wszystko, aby zmierza\u0142y w dobrym kierunku.<\/p>\n<p class=\"contentpart contentpart--default contentpart--text\" data-position=\"30\">Wcze\u015bniej wspomnia\u0142e\u015b o konieczno\u015bci za\u0142atwiania bud\u017cetu, finansach itd. Czy PZN pomo\u017ce zawodnikom, gdyby ci nie otrzymali pieni\u0119dzy obiecanych im przez PKOl za sukcesy na igrzyskach? Pytam w kontek\u015bcie afery zwi\u0105zanej z Zondacrypto.<\/p>\n<p class=\"contentpart contentpart--default contentpart--text\" data-position=\"31\">Nie wyobra\u017cam sobie, w jaki spos\u00f3b PZN mia\u0142by pom\u00f3c. Ostrzega\u0142em przed takim dzia\u0142aniem PKOl-u, bo wiadomo, jak w dzisiejszych czasach wygl\u0105da rynek kryptowalut. Za tak\u0105 postaw\u0119 dosta\u0142em zreszt\u0105 po uszach.<\/p>\n<p class=\"contentpart contentpart--default contentpart--text\" data-position=\"32\">Dla ch\u0142opak\u00f3w i trener\u00f3w mamy przecie\u017c swoje nagrody, kt\u00f3re b\u0119d\u0105 wyp\u0142acone. A w kwestii token\u00f3w, naprawd\u0119 nie wiem, jak mogliby\u015bmy pom\u00f3c.<\/p>\n<p class=\"contentpart contentpart--default contentpart--text\" data-position=\"33\">Prezes Piesiewicz powinien si\u0119 poda\u0107 do dymisji?<\/p>\n<p class=\"contentpart contentpart--default contentpart--text\" data-position=\"34\">Nie wiem, czy powinien. Powiem tylko, \u017ce w tym kontek\u015bcie ju\u017c naprawd\u0119 nic mnie nie zdziwi.<\/p>\n<p class=\"contentpart contentpart--default contentpart--text\" data-position=\"35\">Rozmawia\u0142 Dawid G\u00f3ra, WP SportoweFakty<\/p>\n","protected":false},"excerpt":{"rendered":"Adam Ma\u0142ysz swoj\u0105 decyzj\u0119 o niekandydowaniu na kolejn\u0105 kadencj\u0119 og\u0142osi\u0142 po \u015brodowym walnym zebraniu zarz\u0105du Polskiego Zwi\u0105zku Narciarskiego,&hellip;\n","protected":false},"author":2,"featured_media":385184,"comment_status":"","ping_status":"","sticky":false,"template":"","format":"standard","meta":{"footnotes":"","_share_on_mastodon":"0"},"categories":[24],"tags":[1557,42,38,40,39,41,24782,1538,127,126,447],"class_list":["post-385183","post","type-post","status-publish","format-standard","has-post-thumbnail","category-sport","tag-adam-malysz","tag-pl","tag-poland","tag-polish","tag-polska","tag-polski","tag-pzn","tag-skoki-narciarskie","tag-sport","tag-sports","tag-sporty-zimowe"],"share_on_mastodon":{"url":"https:\/\/pubeurope.com\/@pl\/116454367431546846","error":""},"_links":{"self":[{"href":"https:\/\/www.europesays.com\/pl\/wp-json\/wp\/v2\/posts\/385183","targetHints":{"allow":["GET"]}}],"collection":[{"href":"https:\/\/www.europesays.com\/pl\/wp-json\/wp\/v2\/posts"}],"about":[{"href":"https:\/\/www.europesays.com\/pl\/wp-json\/wp\/v2\/types\/post"}],"author":[{"embeddable":true,"href":"https:\/\/www.europesays.com\/pl\/wp-json\/wp\/v2\/users\/2"}],"replies":[{"embeddable":true,"href":"https:\/\/www.europesays.com\/pl\/wp-json\/wp\/v2\/comments?post=385183"}],"version-history":[{"count":0,"href":"https:\/\/www.europesays.com\/pl\/wp-json\/wp\/v2\/posts\/385183\/revisions"}],"wp:featuredmedia":[{"embeddable":true,"href":"https:\/\/www.europesays.com\/pl\/wp-json\/wp\/v2\/media\/385184"}],"wp:attachment":[{"href":"https:\/\/www.europesays.com\/pl\/wp-json\/wp\/v2\/media?parent=385183"}],"wp:term":[{"taxonomy":"category","embeddable":true,"href":"https:\/\/www.europesays.com\/pl\/wp-json\/wp\/v2\/categories?post=385183"},{"taxonomy":"post_tag","embeddable":true,"href":"https:\/\/www.europesays.com\/pl\/wp-json\/wp\/v2\/tags?post=385183"}],"curies":[{"name":"wp","href":"https:\/\/api.w.org\/{rel}","templated":true}]}}