{"id":385289,"date":"2026-04-23T14:56:38","date_gmt":"2026-04-23T14:56:38","guid":{"rendered":"https:\/\/www.europesays.com\/pl\/385289\/"},"modified":"2026-04-23T14:56:38","modified_gmt":"2026-04-23T14:56:38","slug":"donald-tusk-o-rodzicach-matke-kochal-bez-pamieci-z-ojcem-laczyla-go-trudna-relacja-2","status":"publish","type":"post","link":"https:\/\/www.europesays.com\/pl\/385289\/","title":{"rendered":"Donald Tusk o rodzicach. Matk\u0119 kocha\u0142 bez pami\u0119ci, z ojcem \u0142\u0105czy\u0142a go trudna relacja"},"content":{"rendered":"<p class=\"Paragraph_desktopParagraph__U31Gm\">W skr\u00f3cie:<\/p>\n<p>Ewa Tusk, matka Donalda, wspomina\u0142a w wywiadzie, \u017ce jej mama i babcia chcia\u0142y po zako\u0144czeniu wojny wyjecha\u0107 do Niemiec, w ko\u0144cu by\u0142y NiemkamiUrodzony 22 kwietnia 1957 r. polityk przyzna\u0142, \u017ce mama od dziecka kojarzy\u0142a mu si\u0119 ze s\u0142o\u0144cem&#8221;Ojciec by\u0142 dla mnie surowy. Dlatego poczu\u0142em nawet jak\u0105\u015b ulg\u0119 po jego \u015bmierci, o czym my\u015bl\u0119 dzi\u015b z pewnym za\u017cenowaniem&#8221; \u2014 m\u00f3wi\u0142 Donald TuskMa\u0142gorzata i Donald Tuskowie s\u0105 ma\u0142\u017ce\u0144stwem od 46 lat. &#8222;Mieli\u015bmy po 21 lat, byli\u015bmy studentami bez grosza przy duszy, bez mieszkania, ale za to z marzeniami&#8221; \u2013 wspomina\u0142 polityk<\/p>\n<p class=\"Paragraph_desktopParagraph__U31Gm\"><a href=\"https:\/\/plejada.pl\/donald-tusk\" id=\"b45ef1d3-c3f0-46cd-9be4-51537fd55ab4\" rel=\"nofollow noopener\" target=\"_blank\">Donald Tusk<\/a> wspomnia\u0142 o swoich dziadkach podczas wyst\u0105pienia w Sejmie, tu\u017c po tym, jak zosta\u0142 wybrany nowym premierem Polski. O jego rodzinie wiele m\u00f3wi si\u0119 w przestrzeni publicznej. Lider Koalicji Obywatelskiej pochodzi z kaszubskiej rodziny i o sobie tak\u017ce m\u00f3wi dumnie: Kaszub. W domu jego dziadk\u00f3w ze strony ojca m\u00f3wiono i po polsku, i po niemiecku. Matka Donalda Tuska, Ewa, kt\u00f3ra urodzi\u0142a si\u0119 w 1934 r., jako dziecko m\u00f3wi\u0142a wy\u0142\u0105czne po niemiecku. Jej matka, kt\u00f3ra zmar\u0142a w 1997 r., by\u0142a Niemk\u0105, nazywa\u0142a si\u0119 Anna Gertrude Liebke i by\u0142a c\u00f3rk\u0105 Ottilii Johanny Krause oraz Alberta Franza Liebke.<\/p>\n<p>Kim byli rodzice Donalda Tuska? Ojca si\u0119 ba\u0142, matk\u0119 kocha\u0142 ponad \u017cycie <\/p>\n<p class=\"Paragraph_desktopParagraph__U31Gm\">Ewa Tusk wspomina\u0142a w wywiadzie histori\u0119 swojej rodziny. Przyzna\u0142a, \u017ce jej matka i babka chcia\u0142y po zako\u0144czeniu wojny wyjecha\u0107 do Niemiec.<\/p>\n<p class=\"Paragraph_desktopParagraph__U31Gm\">&#8222;Obie jednak zosta\u0142y w Gda\u0144sku, bo tata [Franciszek Dawidowski] stanowczo powiedzia\u0142, \u017ce nigdzie nie pojedzie. (\u2026) Ja chcia\u0142am wyjecha\u0107, bo dzieci w szkole swastyki na tornistrze mi rysowa\u0142y. S\u0142abo m\u00f3wi\u0142am po polsku, wi\u0119c przedrze\u017ania\u0142y mnie&#8221; \u2014 wyzna\u0142a w &#8222;Gazecie Wyborczej&#8221; w 2008 r.<\/p>\n<p class=\"Paragraph_desktopParagraph__U31Gm\">W tym samym wywiadzie matka Donalda Tuska wyzna\u0142a, \u017ce uratowa\u0142a j\u0105 wtedy jej nauczycielka pochodz\u0105ca z Wilna, kt\u00f3ra by\u0142a &#8222;dobra, kochana&#8221;. Doda\u0142a:<\/p>\n<p class=\"Paragraph_desktopParagraph__U31Gm\">W 1950 r., gdy sko\u0144czy\u0142am szko\u0142y, po polsku m\u00f3wi\u0142am, jakbym z Warszawy przyjecha\u0142a<\/p>\n<p class=\"Paragraph_desktopParagraph__U31Gm\">Babcia Donalda, Anna Dawidowska z domu Liebke, pracowa\u0142a jako korektorka w niemieckiej gazecie w Sopocie. J\u0119zyka polskiego zacz\u0119\u0142a si\u0119 uczy\u0107 dopiero po wojnie, gdy mia\u0142a ju\u017c 38 lat. Ewa Tusk wspomina\u0142a:<\/p>\n<p class=\"Paragraph_desktopParagraph__U31Gm\">M\u00f3wi\u0142a ze z\u0142ym akcentem, myli\u0142a ko\u0144c\u00f3wki<\/p>\n<p>Donald Tusk o matce: u\u015bmiechni\u0119ta, bardzo dobra, no i blondynka <\/p>\n<p class=\"Paragraph_desktopParagraph__U31Gm\">Matka Donalda Tuska przez ca\u0142e \u017cycie pracowa\u0142a jako sekretarka w gda\u0144skiej Akademii Medycznej i do ko\u0144ca p\u0142ynnie m\u00f3wi\u0142a po niemiecku. Zapytana na rok przed \u015bmierci\u0105, czy jej dzieci \u2013 Donald i jego siostra Sonia \u2013 nauczy\u0142y si\u0119 od niej niemieckiego, odpar\u0142a:<\/p>\n<p class=\"Paragraph_desktopParagraph__U31Gm\">&#8222;Wci\u0105\u017c \u015bwietnie m\u00f3wi\u0119 po niemiecku, ale nie chcia\u0142y. Mog\u0142y te\u017c nauczy\u0107 si\u0119 j\u0119zyka od mojej mamy. (\u2026) Dopiero pod koniec og\u00f3lniaka [Sonia] przysz\u0142a powiedzie\u0107, \u017ce chce si\u0119 poduczy\u0107, bo mo\u017ce by posz\u0142a na germanistyk\u0119&#8221; \u2014 doda\u0142a.<\/p>\n<p class=\"Paragraph_desktopParagraph__U31Gm\">Sonia Tusk dzisiaj jest t\u0142umaczk\u0105 z j\u0119zyka niemieckiego. Donald Tusk tak\u017ce m\u00f3wi po niemiecku, ale \u2013 jak nadmieni\u0142a jego matka \u2013 nauczy\u0142 si\u0119 tego j\u0119zyka p\u00f3\u017aniej, gdy ju\u017c studiowa\u0142 histori\u0119. Po \u015bmierci ojca w 1972 r. opiekowa\u0142a si\u0119 nimi samotnie Ewa Tusk. Przysz\u0142y polityk ko\u0144czy\u0142 wtedy szko\u0142\u0119 podstawow\u0105. Jego mama zawsze podkre\u015bla\u0142a, \u017ce jest bardzo dumna ze swoich dzieci. Mia\u0142a dystans do polityki.<\/p>\n<p class=\"Paragraph_desktopParagraph__U31Gm\">&#8222;Donald w ka\u017cdy weekend przyje\u017cd\u017ca do Sopotu i po drodze wst\u0119puje do mnie. Zostawia za drzwiami ca\u0142e swoje premierowanie&#8221; \u2014 m\u00f3wi\u0142a w rozmowie z &#8222;Gazet\u0105 Wyborcz\u0105&#8221;.<\/p>\n<p class=\"Paragraph_desktopParagraph__U31Gm\">Matka Donalda Tuska by\u0142a niezwykle skromn\u0105 osob\u0105. Sama o sobie m\u00f3wi\u0142a, \u017ce &#8222;\u017cy\u0142a \u017cyciem zwyk\u0142ego emeryta&#8221;. Pytana, jak to jest by\u0107 matk\u0105 premiera, podkre\u015bla\u0142a:<\/p>\n<p class=\"Paragraph_desktopParagraph__U31Gm\">Zwyczajnie. Ot, wi\u0119cej powod\u00f3w do dumy<\/p>\n<p class=\"Paragraph_desktopParagraph__U31Gm\">Ewa Tusk odesz\u0142a w 2009 r. po d\u0142ugiej chorobie, co by\u0142o dla polityka wielkim ciosem. Donald Tusk w wywiadzie dla &#8222;Gazety Wyborczej&#8221; w 2020 r. tak opisa\u0142 zmar\u0142\u0105 mam\u0119:<\/p>\n<p class=\"Paragraph_desktopParagraph__U31Gm\">Mama od dziecka kojarzy\u0142a mi si\u0119 ze s\u0142o\u0144cem<\/p>\n<p class=\"Paragraph_desktopParagraph__U31Gm\">&#8222;Moje pierwsze wspomnienie to mama w okularach przeciws\u0142onecznych. U\u015bmiechni\u0119ta, bardzo dobra, no i blondynka. Kocha\u0142em j\u0105 bez pami\u0119ci&#8221; \u2014 doda\u0142.<\/p>\n<p>Donald Tusk wspomina tat\u0119. &#8222;Ojciec mnie bi\u0142&#8230;&#8221; <\/p>\n<p class=\"Paragraph_desktopParagraph__U31Gm\">Wiemy ju\u017c, kim by\u0142a matka Donalda Tuska, dlatego teraz przybli\u017cymy sylwetk\u0119 jego ojca. Tata polityka by\u0142 stolarzem i r\u00f3wnie\u017c mia\u0142 na imi\u0119 Donald. Polityk rzadko opowiada o swoim \u017cyciu osobistym, jednak gdy w wydanej w ubieg\u0142ym roku ksi\u0105\u017cce &#8222;Szczerze&#8221; wyzna\u0142, \u017ce ojciec stosowa\u0142 wobec niego przemoc fizyczn\u0105. Zwierzy\u0142 si\u0119:<\/p>\n<p class=\"Paragraph_desktopParagraph__U31Gm\">Ojca si\u0119 ba\u0142em, la\u0142 mnie<\/p>\n<p class=\"Paragraph_desktopParagraph__U31Gm\">&#8222;Standardowe to nie by\u0142o. Nie powiem, \u017ce z dobrym efektem, bo przemoc nigdy nie daje dobrych efekt\u00f3w. Wszyscy moi koledzy dostawali, ale m\u00f3j ojciec mo\u017ce bi\u0142 troch\u0119 cz\u0119\u015bciej i mocniej. Jedyny dzie\u0144, kiedy stara\u0142 si\u0119 by\u0107 \u0142agodniejszy, to Wigilia, ale i tak mu nie wychodzi\u0142o&#8221; \u2014 wyjawi\u0142 polityk.<\/p>\n<p class=\"Paragraph_desktopParagraph__U31Gm\">Premier opowiedzia\u0142 o trudnych relacjach z ojcem tak\u017ce w ksi\u0105\u017cce &#8222;Donald Tusk. Droga do w\u0142adzy&#8221; Andrzeja Stankiewicza i Piotra \u015ami\u0142owicza. Pad\u0142o wiele smutnych s\u0142\u00f3w.<\/p>\n<p class=\"Paragraph_desktopParagraph__U31Gm\">Ojciec by\u0142 dla mnie surowy<\/p>\n<p class=\"Paragraph_desktopParagraph__U31Gm\">&#8222;Dlatego poczu\u0142em nawet jak\u0105\u015b ulg\u0119 po jego \u015bmierci, o czym my\u015bl\u0119 dzi\u015b z pewnym za\u017cenowaniem. Nigdy nie marzy\u0142em o powrocie do dzieci\u0144stwa. Pewnie dlatego, \u017ce jak co\u015b zmalowa\u0142em \u2014 a nie by\u0142em \u0142atwym dzieckiem \u2014 ojciec nie waha\u0142 si\u0119 si\u0119ga\u0107 po pas i la\u0142&#8221; \u2014 ujawni\u0142 Donald Tusk. Doda\u0142 tak\u017ce:<\/p>\n<p class=\"Paragraph_desktopParagraph__U31Gm\">By\u0142 cz\u0142owiekiem bardzo silnym i zdecydowanym, cholerykiem<\/p>\n<p class=\"Paragraph_desktopParagraph__U31Gm\">&#8222;By\u0142 bardzo wymagaj\u0105cy. I st\u0105d zapewne nadgorliwo\u015b\u0107 w karaniu. Mia\u0142 r\u00f3\u017cnej grubo\u015bci paski. Mog\u0142em wybra\u0107 pasek cienki lub gruby. Od tego czasu zrozumia\u0142em znaczenie s\u0142owa \u00bbwyb\u00f3r\u00ab&#8221; \u2014 powiedzia\u0142 w ksi\u0105\u017cce.<\/p>\n<p class=\"Paragraph_desktopParagraph__U31Gm\">Jednocze\u015bnie nadmieni\u0142, \u017ce on swoich dzieci \u2013 syna Micha\u0142a i c\u00f3rki <a href=\"https:\/\/plejada.pl\/temat\/kasia-tusk\/l362394\" id=\"68115f2d-757e-4400-a235-6de92843c390\" rel=\"nofollow noopener\" target=\"_blank\">Katarzyny<\/a> \u2014 nigdy nie uderzy\u0142. Przyzna\u0142 jednak, \u017ce cho\u0107 jego relacje z ojcem by\u0142y trudne, to kiedy\u015b otrzyma\u0142 od niego wyj\u0105tkowy prezent. By\u0142 to album o architekturze. Na tamte czasy kosztowa\u0142 maj\u0105tek! Polityk wspomina\u0142 na \u0142amach &#8222;Gazety Wyborczej&#8221;:<\/p>\n<p class=\"Paragraph_desktopParagraph__U31Gm\">Kosztowa\u0142 300 z\u0142, a on mia\u0142 renty 400 z\u0142, wi\u0119c wydatek kosmiczny<\/p>\n<p>Donald Tusk: dziadkowie byli patriotami <\/p>\n<p class=\"Paragraph_desktopParagraph__U31Gm\">Dziadek Donalda Tuska od strony ojca, J\u00f3zef, by\u0142 urz\u0119dnikiem kolejowym. W czasie wojny wi\u0119ziono go w obozie koncentracyjnym Stutthof. Nast\u0119pnie, jako Kaszub, zosta\u0142 wcielony do Wehrmachtu, uciek\u0142 jednak z niemieckiej armii i zosta\u0142 \u017co\u0142nierzem Armii Polskiej na Zachodzie. Po zako\u0144czeniu II wojny \u015bwiatowej zajmowa\u0142 si\u0119 lutnictwem.<\/p>\n<p class=\"Paragraph_desktopParagraph__U31Gm\">Donald Tusk ch\u0119tnie wspomina\u0142 o dziadku w wywiadach. Stwierdzi\u0142:<\/p>\n<p class=\"Paragraph_desktopParagraph__U31Gm\">My\u015bl\u0119, \u017ce dziadek J\u00f3zef by\u0142 polskim patriot\u0105<\/p>\n<p class=\"Paragraph_desktopParagraph__U31Gm\">&#8222;We wrze\u015bniu 1939 r. nie wyrzek\u0142 si\u0119 polsko\u015bci, za co kilka lat przesiedzia\u0142 w hitlerowskich obozach. W 1945 roku wr\u00f3ci\u0142 do Polski i nigdy nie my\u015bla\u0142 o emigracji, cho\u0107 przecie\u017c m\u00f3g\u0142 wyjecha\u0107. My\u015bl\u0119, \u017ce jest to typ patriotyzmu, kt\u00f3rego moi przeciwnicy polityczni nie rozumiej\u0105, bo po prostu rozumie\u0107 nie chc\u0105&#8221; \u2014 doda\u0142.<\/p>\n<p class=\"Paragraph_desktopParagraph__U31Gm\">Wedle rodzinnego przekazu drugi dziadek Donalda Tuska, Franciszek Dawidowski, 1 wrze\u015bnia 1939 r. schowa\u0142 si\u0119 w studni, gdzie przesiedzia\u0142 tydzie\u0144. C\u00f3rka Ewa, matka Donalda Tuska, opuszcza\u0142a mu jedzenie na sznurku. Gdy si\u0119 ujawni\u0142, skierowano go na przymusowe roboty do stoczni, a potem do K\u0119trzyna, gdzie pracowa\u0142 jako robotnik przymusowy przy Wilczym Sza\u0144cu. Tam w nieszcz\u0119\u015bliwym wypadku straci\u0142 oko. Ewa Tusk kiedy\u015b wspomina\u0142a w &#8222;Gazecie Wyborczej&#8221;, co w\u0142a\u015bciwie si\u0119 sta\u0142o:<\/p>\n<p class=\"Paragraph_desktopParagraph__U31Gm\">Dosz\u0142o do katastrofy budowlanej, bodaj\u017ce zawali\u0142 si\u0119 jaki\u015b sufit<\/p>\n<p class=\"Paragraph_desktopParagraph__U31Gm\">&#8222;W\u015br\u00f3d rannych by\u0142 m\u00f3j tatu\u015b, po\u0142o\u017cyli go w szpitalu polowym. Straci\u0142 oko, mia\u0142 zmia\u017cd\u017con\u0105 nog\u0119. Kt\u00f3rego\u015b dnia ca\u0142y personel medyczny zacz\u0105\u0142 zachowywa\u0107 si\u0119 tak, jakby szed\u0142 na defilad\u0119. I nagle \u2014 do sali wchodzi Hitler. Sala by\u0142a du\u017ca, a on chodzi\u0142 od \u0142\u00f3\u017cka do \u0142\u00f3\u017cka i podawa\u0142 chorym r\u0119k\u0119. Tata le\u017ca\u0142 obok kolegi Polaka. Obaj powiedzieli sobie, \u017ce za \u017cadne skarby nie podadz\u0105 Hitlerowi r\u0119ki, wi\u0119c udawali umarlak\u00f3w. Tata zezowa\u0142 tylko przez przymru\u017cone oko, co si\u0119 dzieje. Hitler podszed\u0142 do jego \u0142\u00f3\u017cka, lekko si\u0119 nachyli\u0142, zobaczy\u0142, \u017ce stan jest ci\u0119\u017cki, i tylko poklepa\u0142 tatusia po ramieniu&#8221; \u2014 ujawni\u0142a.<\/p>\n<p>Donald Tusk \u2014 rodzina to podstawa <\/p>\n<p class=\"Paragraph_desktopParagraph__U31Gm\">Rodzina jest dla Donalda Tuska bardzo wa\u017cna. Od lat jest szcz\u0119\u015bliwym m\u0119\u017cem Ma\u0142gorzaty z domu Sochackiej. W tym roku obchodz\u0105 46. rocznic\u0119 \u015blubu. Premier w mediach spo\u0142eczno\u015bciowych tak opisa\u0142 dzie\u0144, gdy brali \u015blub cywilny:<\/p>\n<p class=\"Paragraph_desktopParagraph__U31Gm\">To by\u0142 deszczowy dzie\u0144 1978 r. \u015alub odby\u0142 si\u0119 w Gda\u0144sku, a wesele w Gdyni, \u017ceby nikt nie czu\u0142 si\u0119 gorszy<\/p>\n<p class=\"Paragraph_desktopParagraph__U31Gm\">&#8222;Mieli\u015bmy po 21 lat, byli\u015bmy studentami bez grosza przy duszy, bez mieszkania, ale za to z marzeniami&#8221; \u2014 doda\u0142 Donald Tusk w opisie do archiwalnych zdj\u0119\u0107 ze swojego \u015blubu, kt\u00f3rymi pochwali\u0142 si\u0119 na Instagramie.<\/p>\n<p class=\"Paragraph_desktopParagraph__U31Gm\">Ma\u0142gorzata i Donald Tuskowie w wywiadzie dla magazynu &#8222;Viva!&#8221; opowiadali, \u017ce przed \u015blubem Donald da\u0142 ukochanej pieni\u0105dze zarobione przy sprz\u0105taniu statk\u00f3w, by zapisa\u0142a ich w USC i op\u0142aci\u0142a, co trzeba. Ona jednak id\u0105c do urz\u0119du, zobaczy\u0142a na wystawie pi\u0119kne szpilki, wyda\u0142a na nie wszystkie pieni\u0105dze. Jak wspomina\u0142a:<\/p>\n<p class=\"Paragraph_desktopParagraph__U31Gm\">Strasznie si\u0119 wtedy na mnie obrazi\u0142<\/p>\n<p class=\"Paragraph_desktopParagraph__U31Gm\">&#8222;Bieg\u0142am za nim po ulicy, a on nawet nie chcia\u0142 si\u0119 odwr\u00f3ci\u0107. Ale nie dlatego, \u017ce mu by\u0142o szkoda pieni\u0119dzy, tylko poczu\u0142 si\u0119 ura\u017cony, \u017ce buty s\u0105 dla mnie wa\u017cniejsze ni\u017c \u015blub. Ale \u015blub nie ucieknie, a buty w tamtych czasach to by\u0142 realny problem&#8221; \u2014 wspomina\u0142a.<\/p>\n<p class=\"Paragraph_desktopParagraph__U31Gm\">\u015alub cywilny Tusk\u00f3w by\u0142 skromny, a ko\u015bcielny wzi\u0119li dopiero w 2005 r., gdy Donald szykowa\u0142 si\u0119 do startu w wyborach prezydenckich. Do wzi\u0119cia \u015blubu w ko\u015bciele namawia\u0142y go mocno religijne kole\u017canki z partii, <a href=\"https:\/\/plejada.pl\/hanna-gronkiewicz-waltz\" id=\"9c3cee33-4432-4941-a55f-f5dd91d9dfed\" rel=\"nofollow noopener\" target=\"_blank\">Hanna Gronkiewicz-Waltz<\/a> i nie\u017cyj\u0105ca ju\u017c Zyta Gilowska.<\/p>\n<p>Rodzina Donalda Tuska \u2014 dzieci, wnuki <\/p>\n<p class=\"Paragraph_desktopParagraph__U31Gm\">Donald i Ma\u0142gorzata Tuskowie uchodz\u0105 za bardzo zgrane i szcz\u0119\u015bliwe ma\u0142\u017ce\u0144stwo. Doczekali si\u0119 dw\u00f3jki dzieci: syna Micha\u0142a i c\u00f3rki Katarzyny. Micha\u0142, urodzony w 1982 r., pracowa\u0142 pocz\u0105tkowo w &#8222;Gazecie Wyborczej&#8221;, p\u00f3\u017aniej zosta\u0142 pracownikiem dzia\u0142u analiz i marketingu w porcie lotniczym Gda\u0144sk. Ma r\u00f3wnie\u017c firm\u0119 public relations.<\/p>\n<p class=\"Paragraph_desktopParagraph__U31Gm\">Pi\u0119\u0107 lat m\u0142odsza od brata Katarzyna Tusk jest znan\u0105 blogerk\u0105 modow\u0105. Karier\u0119 w mediach zaczyna\u0142a jednak od wyst\u0119pu w pi\u0105tej edycji programu TVN &#8222;<a href=\"https:\/\/plejada.pl\/temat\/taniec-z-gwiazdami-program-tv\/774kly0\" id=\"83201254-a766-4883-9332-7238317029c2\" rel=\"nofollow noopener\" target=\"_blank\">Taniec z gwiazdami<\/a>&#8221; w 2007 r. Mimo \u017ce nie by\u0142a ulubienic\u0105 juror\u00f3w, w parze ze <a href=\"https:\/\/plejada.pl\/temat\/stefano-terrazzino\/h0bk1h5\" id=\"226617f3-a198-4e66-a569-e4dae5e69291\" rel=\"nofollow noopener\" target=\"_blank\">Stefano Terrazzino<\/a> otar\u0142a si\u0119 o fina\u0142. Od tamtej pory wzbudza nies\u0142abn\u0105ce zainteresowanie prasy.<\/p>\n<p><img decoding=\"async\" class=\"Image_image__0tuHp Image_autoHeight__f2n87 \" height=\"587\" width=\"901\" src=\"https:\/\/www.europesays.com\/pl\/wp-content\/uploads\/2026\/04\/mWLk9kpTURBXy9kOWMxNTEwYzE1MjhiOTY0MjIzNjg3NmUwNGQzMTRjYy5qcGeSlQLNA6wAwsOVAgDNAkvCw94AA6EwAaExAaEzw.jpeg\" alt=\"Katarzyna Tusk wyst\u0105pi\u0142a w &quot;Ta\u0144cu z gwiazdami&quot;\" loading=\"lazy\" \/>MW Media<\/p>\n<p>Katarzyna Tusk wyst\u0105pi\u0142a w &#8222;Ta\u0144cu z gwiazdami&#8221;<\/p>\n<p class=\"Paragraph_desktopParagraph__U31Gm\">Pa\u0144stwo Tuskowie maj\u0105 tak\u017ce pi\u0119cioro wnuk\u00f3w \u2013 tr\u00f3jk\u0119 ch\u0142opc\u00f3w, kt\u00f3rych rodzicami s\u0105 Micha\u0142 i Anna Tuskowie oraz wnuczek, c\u00f3rki Katarzyny. Donald Tusk na Instagramie cz\u0119sto chwali si\u0119 wnukami. Nawet jego pierwszy wpis w serwisie by\u0142 opatrzony w\u0142a\u015bnie zdj\u0119ciem z trzema wnukami, synami starszego syna Micha\u0142a. W opisie wyja\u015bni\u0142, \u017ce to oni, w dniu 60. urodzin dziadka, pomagali mu za\u0142o\u017cy\u0107 konto.<\/p>\n<p class=\"Paragraph_desktopParagraph__U31Gm\">Dzi\u0119kujemy, \u017ce przeczyta\u0142a\u015b\/e\u015b nasz artyku\u0142 do ko\u0144ca. W serwisie Plejada.pl ka\u017cdego dnia piszemy o najwa\u017cniejszych wydarzeniach show-biznesowych. B\u0105d\u017a na bie\u017c\u0105co! <a rel=\"nofollow noopener\" href=\"https:\/\/news.google.com\/publications\/CAAiEF0PeAlb7W1llpV_mwV2rL4qFAgKIhBdD3gJW-1tZZaVf5sFdqy-?hl=pl&amp;gl=PL&amp;ceid=PL%3Apl\" id=\"2d446a29-e70e-46c7-86c8-b16ff4e3f621\" target=\"_blank\">Obserwuj<\/a> Plejad\u0119 w Wiadomo\u015bciach Google. Odwied\u017a nas tak\u017ce na <a rel=\"nofollow noopener\" href=\"https:\/\/www.facebook.com\/plejadapl\" id=\"282ea769-7783-4b9e-92b4-06c30387e4c1\" target=\"_blank\">Facebooku<\/a>, <a rel=\"nofollow noopener\" href=\"https:\/\/www.instagram.com\/plejadapl\/\" id=\"bf1e1b93-08f6-4eba-bc79-99f2ae1f0d25\" target=\"_blank\">Instagramie<\/a>, <a rel=\"nofollow noopener\" href=\"https:\/\/www.youtube.com\/c\/plejada\" id=\"2fe29bbc-876c-44b9-babc-6587befb2fbc\" target=\"_blank\">YouTubie<\/a> oraz <a rel=\"nofollow noopener\" href=\"https:\/\/www.tiktok.com\/@plejada_pl\" id=\"c473523a-932b-4534-9e46-07f0a12209eb\" target=\"_blank\">TikToku<\/a>.<\/p>\n<p class=\"Paragraph_desktopParagraph__U31Gm\">Chcesz podzieli\u0107 si\u0119 ciekawym newsem lub zaproponowa\u0107 temat? Skontaktuj si\u0119 z nami, pisz\u0105c maila na adres: <a href=\"https:\/\/www.onet.pl\/styl-zycia\/plejada\/donald-tusk-o-rodzicach-matke-kochal-bez-pamieci-z-ojcem-laczyla-go-trudna-relacja\/mailto:plejada@redakcjaonet.pl\" id=\"4d3954c8-f187-47f1-abe8-786b4bb79928\" rel=\"nofollow noopener\" target=\"_blank\">plejada@redakcjaonet.pl<\/a>.<\/p>\n<p><script async src=\"\/\/www.instagram.com\/embed.js\"><\/script><script async src=\"\/\/www.tiktok.com\/embed.js\"><\/script><\/p>\n","protected":false},"excerpt":{"rendered":"W skr\u00f3cie: Ewa Tusk, matka Donalda, wspomina\u0142a w wywiadzie, \u017ce jej mama i babcia chcia\u0142y po zako\u0144czeniu wojny&hellip;\n","protected":false},"author":2,"featured_media":385290,"comment_status":"","ping_status":"","sticky":false,"template":"","format":"standard","meta":{"footnotes":"","_share_on_mastodon":"0"},"categories":[62713],"tags":[64980,1345,200,470,2728,67,16011,19890,53,12253,22652,52,68,51,55,2120,68964,47,196,50],"class_list":["post-385289","post","type-post","status-publish","format-standard","has-post-thumbnail","category-donald-tusk","tag-benefit_tst2","tag-donald-tusk","tag-donald_tusk_polityk","tag-educate_me","tag-evergreen","tag-intextvideo_splayer","tag-katarzyna_tusk","tag-malgorzata_tusk","tag-new_header","tag-o_tym_sie_mowi","tag-onet_glowny","tag-onet3","tag-onet3d","tag-onet3d_2i","tag-phx","tag-plejada","tag-rodzice_gwiazd","tag-screening_general","tag-styl_zycia","tag-v2021"],"share_on_mastodon":{"url":"https:\/\/pubeurope.com\/@pl\/116454607049095465","error":""},"_links":{"self":[{"href":"https:\/\/www.europesays.com\/pl\/wp-json\/wp\/v2\/posts\/385289","targetHints":{"allow":["GET"]}}],"collection":[{"href":"https:\/\/www.europesays.com\/pl\/wp-json\/wp\/v2\/posts"}],"about":[{"href":"https:\/\/www.europesays.com\/pl\/wp-json\/wp\/v2\/types\/post"}],"author":[{"embeddable":true,"href":"https:\/\/www.europesays.com\/pl\/wp-json\/wp\/v2\/users\/2"}],"replies":[{"embeddable":true,"href":"https:\/\/www.europesays.com\/pl\/wp-json\/wp\/v2\/comments?post=385289"}],"version-history":[{"count":0,"href":"https:\/\/www.europesays.com\/pl\/wp-json\/wp\/v2\/posts\/385289\/revisions"}],"wp:featuredmedia":[{"embeddable":true,"href":"https:\/\/www.europesays.com\/pl\/wp-json\/wp\/v2\/media\/385290"}],"wp:attachment":[{"href":"https:\/\/www.europesays.com\/pl\/wp-json\/wp\/v2\/media?parent=385289"}],"wp:term":[{"taxonomy":"category","embeddable":true,"href":"https:\/\/www.europesays.com\/pl\/wp-json\/wp\/v2\/categories?post=385289"},{"taxonomy":"post_tag","embeddable":true,"href":"https:\/\/www.europesays.com\/pl\/wp-json\/wp\/v2\/tags?post=385289"}],"curies":[{"name":"wp","href":"https:\/\/api.w.org\/{rel}","templated":true}]}}