{"id":385676,"date":"2026-04-23T18:49:09","date_gmt":"2026-04-23T18:49:09","guid":{"rendered":"https:\/\/www.europesays.com\/pl\/385676\/"},"modified":"2026-04-23T18:49:09","modified_gmt":"2026-04-23T18:49:09","slug":"zabytkowe-autobusy-wracaja-na-ulice-gdanska-wyjatkowa-podroz-w-czasie-juz-w-niedziele","status":"publish","type":"post","link":"https:\/\/www.europesays.com\/pl\/385676\/","title":{"rendered":"Zabytkowe autobusy wracaj\u0105 na ulice Gda\u0144ska. Wyj\u0105tkowa podr\u00f3\u017c w czasie ju\u017c w niedziel\u0119"},"content":{"rendered":"<p>            <a href=\"https:\/\/s-trojmiasto.pl\/zdj\/c\/n\/9\/4303\/1920x0\/4303366-Na-trase-wyjada-dobrze-znane-Gdanszczanom-modele-m-in-Ikarus-260.webp\" target=\"_blank\" data-slide-name=\"832173\" data-lightbox-target=\"photo full\" data-sub-html=\"&lt;h4&gt;Na tras\u0119 wyjad\u0105 dobrze znane Gda\u0144szczanom modele, m.in. Ikarus 260.&lt;\/h4&gt;&lt;p&gt;mat. prasowe&lt;\/p&gt;&#010;\" class=\"photoMarker__link\" data-filter-brightness=\"brightness--100\" rel=\"nofollow noopener\"><\/p>\n<p>    <img decoding=\"async\" style=\"height:562px; aspect-ratio: 1.33333\/1; filter:brightness(1);\" alt=\"Na tras\u0119 wyjad\u0105 dobrze znane Gda\u0144szczanom modele, m.in. Ikarus 260.\" src=\"https:\/\/www.europesays.com\/pl\/wp-content\/uploads\/2026\/04\/4303366-Na-trase-wyjada-dobrze-znane-Gdanszczanom-modele-m-in-Ikarus-260.webp\" class=\"photoMarker__img \" data-slider=\"img\" fetchpriority=\"high\"\/><\/p>\n<p>            <\/a><\/p>\n<p class=\"lead\">Mi\u0142o\u015bnicy historii i\u00a0komunikacji miejskiej b\u0119d\u0105 mieli niepowtarzaln\u0105 okazj\u0119, by zobaczy\u0107 Gda\u0144sk z\u00a0zupe\u0142nie innej perspektywy. Z\u00a0okazji 100-lecia autobus\u00f3w w\u00a0mie\u015bcie <a href=\"https:\/\/www.trojmiasto.pl\/Gdanskie-Autobusy-i-Tramwaje-o5000.html\" data-tklik=\"662484\" rel=\"nofollow noopener\" target=\"_blank\">Gda\u0144skie Autobusy i Tramwaje<\/a> zapraszaj\u0105 na wyj\u0105tkowe przejazdy zabytkowymi pojazdami. W\u00a0niedziel\u0119, 26 kwietnia, na trasy wyjad\u0105 trzy historyczne autobusy, a\u00a0pasa\u017cer\u00f3w czeka podr\u00f3\u017c pe\u0142na wspomnie\u0144, opowie\u015bci i\u00a0klimatu dawnych lat.<\/p>\n<p>Trzy trasy, jedna historia<\/p>\n<p>Specjalnie na t\u0119 okazj\u0119 przygotowano trzy r\u00f3\u017cne trasy prowadz\u0105ce przez historyczne cz\u0119\u015bci Gda\u0144ska oraz tereny postoczniowe. <\/p>\n<p>Ka\u017cdy przejazd b\u0119dzie nie tylko atrakcj\u0105 sam\u0105 w\u00a0sobie, ale te\u017c okazj\u0105 do poznania dziej\u00f3w miasta &#8211; na pok\u0142adach autobus\u00f3w obecni b\u0119d\u0105 przewodnicy, kt\u00f3rzy opowiedz\u0105 o\u00a0mijanych miejscach.<\/p>\n<p>&#8211; 2026 r. to okr\u0105g\u0142a rocznica pojawienia si\u0119 autobus\u00f3w w\u00a0Gda\u0144sku i\u00a0\u015bwietna okazja, by przypomnie\u0107 histori\u0119 komunikacji miejskiej. Stworzyli\u015bmy trasy, kt\u00f3re zabior\u0105 pasa\u017cer\u00f3w w\u00a0nostalgiczn\u0105 podr\u00f3\u017c &#8211; od pierwszych kurs\u00f3w z\u00a0Targu W\u0119glowego do Sopotu, a\u017c po przemiany lat 80. &#8211; podkre\u015bla prezes GAiT, <a href=\"https:\/\/www.trojmiasto.pl\/wiadomosci\/Maciej-Lisicki-o43.html\" class=\"parse-link\" title=\"Maciej Lisicki\" rel=\"nofollow noopener\" target=\"_blank\">Maciej Lisicki<\/a>.<\/p>\n<p>Kultowe pojazdy na ulicach<\/p>\n<p>Na trasach pojawi\u0105 si\u0119 trzy doskonale znane modele: Ikarus 260, Mercedes O405N oraz MAN NL 283. Ten ostatni b\u0119dzie szczeg\u00f3ln\u0105 atrakcj\u0105 &#8211; po kapitalnym remoncie, kt\u00f3ry poch\u0142on\u0105\u0142 niemal 5500 roboczogodzin, wraca na ulice miasta.<\/p>\n<p>\u0141\u0105cznie wszystkie pojazdy maj\u0105 na koncie ponad 5 mln przejechanych kilometr\u00f3w, co tylko podkre\u015bla ich wyj\u0105tkowy charakter i\u00a0warto\u015b\u0107 historyczn\u0105.<\/p>\n<p>Powr\u00f3t MAN-a i\u00a0trasy pe\u0142ne historii<\/p>\n<p>Ka\u017cdy autobus pojedzie inn\u0105 tras\u0105. MAN NL 283 przejedzie m.in. przez <a data-tklik=\"458775\" href=\"https:\/\/mapa.trojmiasto.pl\/#\/location\/-33.89,209.71\/map\/-33.85,209.65,5,b\" onclick=\"openMap(this.href); return false;\" target=\"_blank\" title=\"zobacz na mapie Gda\u0144ska\" rel=\"nofollow noopener\">Bram\u0119 Wy\u017cynn\u0105<img decoding=\"async\" class=\"icon-map\" src=\"https:\/\/www.trojmiasto.pl\/_img\/svg\/ico-map-flat.svg\" alt=\"Mapka\"\/><\/a>, <a data-tklik=\"49185\" href=\"https:\/\/mapa.trojmiasto.pl\/#\/location\/-38.52,194.89\/map\/-38.19,194.82,5,b\" onclick=\"openMap(this.href); return false;\" target=\"_blank\" title=\"zobacz na mapie Gda\u0144ska\" rel=\"nofollow noopener\">Dworzec G\u0142\u00f3wny<img decoding=\"async\" class=\"icon-map\" src=\"https:\/\/www.trojmiasto.pl\/_img\/svg\/ico-map-flat.svg\" alt=\"Mapka\"\/><\/a> i\u00a0okolice <a href=\"https:\/\/www.trojmiasto.pl\/Europejskie-Centrum-Solidarnosci-o24138.html\" data-tklik=\"958952\" rel=\"nofollow noopener\" target=\"_blank\">Europejskiego Centrum Solidarno\u015bci<\/a>, by nast\u0119pnie wr\u00f3ci\u0107 do <a href=\"https:\/\/www.trojmiasto.pl\/dom\/Punkt-i1274.html\" class=\"parse-link\" title=\"Punkt\" rel=\"nofollow noopener\" target=\"_blank\">punktu<\/a> startowego przy <a data-tklik=\"632937\" href=\"https:\/\/mapa.trojmiasto.pl\/#\/location\/-38.14,218.74\/map\/-34.24,216.19,5,b\" onclick=\"openMap(this.href); return false;\" target=\"_blank\" title=\"zobacz na mapie Gda\u0144ska\" rel=\"nofollow noopener\">\u015ar\u00f3dmie\u015bcie SKM<img decoding=\"async\" class=\"icon-map\" src=\"https:\/\/www.trojmiasto.pl\/_img\/svg\/ico-map-flat.svg\" alt=\"Mapka\"\/><\/a>.<\/p>\n<p>Z kolei Ikarus 260 zabierze pasa\u017cer\u00f3w w\u00a0okolice <a data-tklik=\"575761\" href=\"https:\/\/mapa.trojmiasto.pl\/#\/location\/-30.73,185.74\/map\/-30.29,186.4,5,b\" onclick=\"openMap(this.href); return false;\" target=\"_blank\" title=\"zobacz na mapie Gda\u0144ska\" rel=\"nofollow noopener\">\u0141agiewnik<img decoding=\"async\" class=\"icon-map\" src=\"https:\/\/www.trojmiasto.pl\/_img\/svg\/ico-map-flat.svg\" alt=\"Mapka\"\/><\/a>,<a data-tklik=\"227471\" href=\"https:\/\/mapa.trojmiasto.pl\/#\/location\/-23.19,186.99\/map\/-22.9,186.65,5,b\" onclick=\"openMap(this.href); return false;\" target=\"_blank\" title=\"zobacz na mapie Gda\u0144ska\" rel=\"nofollow noopener\"> ul. Wa\u0142owej<img decoding=\"async\" class=\"icon-map\" src=\"https:\/\/www.trojmiasto.pl\/_img\/svg\/ico-map-flat.svg\" alt=\"Mapka\"\/><\/a> i\u00a0<a href=\"https:\/\/www.trojmiasto.pl\/Muzeum-II-Wojny-Swiatowej-o30774.html\" data-tklik=\"606805\" rel=\"nofollow noopener\" target=\"_blank\">Muzeum II Wojny \u015awiatowej<\/a>, natomiast Mercedes O405N przejedzie przez <a data-tklik=\"35172\" href=\"https:\/\/mapa.trojmiasto.pl\/#\/location\/-33.28,203.98\/map\/-32.75,203.71,5,b\" onclick=\"openMap(this.href); return false;\" target=\"_blank\" title=\"zobacz na mapie Gda\u0144ska\" rel=\"nofollow noopener\">Targ Drzewny<img decoding=\"async\" class=\"icon-map\" src=\"https:\/\/www.trojmiasto.pl\/_img\/svg\/ico-map-flat.svg\" alt=\"Mapka\"\/><\/a>, <a data-tklik=\"842658\" href=\"https:\/\/mapa.trojmiasto.pl\/#\/location\/-29.57,202.45\/map\/-29.5,202.15,5,b\" onclick=\"openMap(this.href); return false;\" target=\"_blank\" title=\"zobacz na mapie Gda\u0144ska\" rel=\"nofollow noopener\">Podwale Staromiejskie<img decoding=\"async\" class=\"icon-map\" src=\"https:\/\/www.trojmiasto.pl\/_img\/svg\/ico-map-flat.svg\" alt=\"Mapka\"\/><\/a> i\u00a0okolice dworca.<\/p>\n<p>Za kierownic\u0105 jednego z\u00a0pojazd\u00f3w zasi\u0105dzie Micha\u0142 Pleszak &#8211; do\u015bwiadczony kierowca i\u00a0motorniczy, dla kt\u00f3rego b\u0119dzie to <a href=\"https:\/\/www.trojmiasto.pl\/dom\/Debiut-i753.html\" class=\"parse-link\" title=\"Debiut\" rel=\"nofollow noopener\" target=\"_blank\">debiut<\/a> w\u00a0zabytkowym autobusie.<\/p>\n<p>&#8211; Starsi pasa\u017cerowie wracaj\u0105 wspomnieniami do czas\u00f3w, gdy te autobusy kursowa\u0142y na co dzie\u0144. M\u0142odszych najbardziej fascynuje kokpit &#8211; ch\u0119tnie robi\u0105 sobie zdj\u0119cia za kierownic\u0105 &#8211; m\u00f3wi.<\/p>\n<p>Atrakcje nie tylko na trasie<\/p>\n<p>Na uczestnik\u00f3w wydarzenia czeka\u0107 b\u0119d\u0105 tak\u017ce dodatkowe atrakcje. Jeszcze przed odjazdem autobus\u00f3w, na przystanku \u015ar\u00f3dmie\u015bcie <a href=\"https:\/\/www.trojmiasto.pl\/skm\/\" class=\"parse-link\" title=\"Szybka Kolej Miejska - Rozk\u0142ad Jazdy\" rel=\"nofollow noopener\" target=\"_blank\">SKM<\/a>, b\u0119dzie mo\u017cna z\u00a0bliska obejrze\u0107 wszystkie pojazdy.<\/p>\n<p>Czas umil\u0105 animatorzy, kt\u00f3rzy przy muzyce z\u00a0dawnych lat zaprosz\u0105 do zabaw znanych z\u00a0dzieci\u0144stwa naszych dziadk\u00f3w. W\u00a0programie m.in. gra w\u00a0zo\u015bk\u0119, skakanie w\u00a0gum\u0119 czy popularne kiedy\u015b &#8222;pstrykanie kapsli&#8221;.<\/p>\n<p>Bezp\u0142atne przejazdy co kilkana\u015bcie minut<\/p>\n<p>Autobusy b\u0119d\u0105 odje\u017cd\u017ca\u0107 ze \u015ar\u00f3dmie\u015bcia SKM co kilkana\u015bcie minut, a\u00a0pojedynczy przejazd potrwa ok. p\u00f3\u0142 godziny. Dzi\u0119ki temu w\u00a0trakcie trzygodzinnego wydarzenia ka\u017cdy ch\u0119tny zd\u0105\u017cy skorzysta\u0107 z\u00a0atrakcji.<\/p>\n<p>Pierwszy kurs zaplanowano na godzin\u0119 12, a\u00a0ostatnie autobusy zako\u0144cz\u0105 kursowanie ok. 15. Udzia\u0142 w\u00a0wydarzeniu jest ca\u0142kowicie bezp\u0142atny.\n                <\/p>\n","protected":false},"excerpt":{"rendered":"Mi\u0142o\u015bnicy historii i\u00a0komunikacji miejskiej b\u0119d\u0105 mieli niepowtarzaln\u0105 okazj\u0119, by zobaczy\u0107 Gda\u0144sk z\u00a0zupe\u0142nie innej perspektywy. Z\u00a0okazji 100-lecia autobus\u00f3w w\u00a0mie\u015bcie&hellip;\n","protected":false},"author":2,"featured_media":385677,"comment_status":"","ping_status":"","sticky":false,"template":"","format":"standard","meta":{"footnotes":"","_share_on_mastodon":"0"},"categories":[51610],"tags":[612,10822,1048,32627,1064,291,1601,1075,42105,1066,22965,3750,15203,45553,1071,16260,42,11313,26736,38,40,39,41,10317,6008,4036,1063,1813,4518,54906],"class_list":["post-385676","post","type-post","status-publish","format-standard","has-post-thumbnail","category-gdansk","tag-autobus","tag-czas","tag-gdansk","tag-gdanskie-autobusy-i-tramwaje","tag-gdynia","tag-historia","tag-klimat","tag-komunikacja","tag-kwiecien","tag-miasto","tag-milosnik","tag-niedziela","tag-okazja","tag-opowiesc","tag-pasazer","tag-perspektywa","tag-pl","tag-podroz","tag-pojazd","tag-poland","tag-polish","tag-polska","tag-polski","tag-przejazd","tag-rocznica","tag-rok","tag-sopot","tag-trasa","tag-ulica","tag-wspomnienie"],"share_on_mastodon":{"url":"https:\/\/pubeurope.com\/@pl\/116455523430662209","error":""},"_links":{"self":[{"href":"https:\/\/www.europesays.com\/pl\/wp-json\/wp\/v2\/posts\/385676","targetHints":{"allow":["GET"]}}],"collection":[{"href":"https:\/\/www.europesays.com\/pl\/wp-json\/wp\/v2\/posts"}],"about":[{"href":"https:\/\/www.europesays.com\/pl\/wp-json\/wp\/v2\/types\/post"}],"author":[{"embeddable":true,"href":"https:\/\/www.europesays.com\/pl\/wp-json\/wp\/v2\/users\/2"}],"replies":[{"embeddable":true,"href":"https:\/\/www.europesays.com\/pl\/wp-json\/wp\/v2\/comments?post=385676"}],"version-history":[{"count":0,"href":"https:\/\/www.europesays.com\/pl\/wp-json\/wp\/v2\/posts\/385676\/revisions"}],"wp:featuredmedia":[{"embeddable":true,"href":"https:\/\/www.europesays.com\/pl\/wp-json\/wp\/v2\/media\/385677"}],"wp:attachment":[{"href":"https:\/\/www.europesays.com\/pl\/wp-json\/wp\/v2\/media?parent=385676"}],"wp:term":[{"taxonomy":"category","embeddable":true,"href":"https:\/\/www.europesays.com\/pl\/wp-json\/wp\/v2\/categories?post=385676"},{"taxonomy":"post_tag","embeddable":true,"href":"https:\/\/www.europesays.com\/pl\/wp-json\/wp\/v2\/tags?post=385676"}],"curies":[{"name":"wp","href":"https:\/\/api.w.org\/{rel}","templated":true}]}}