{"id":385684,"date":"2026-04-23T18:55:13","date_gmt":"2026-04-23T18:55:13","guid":{"rendered":"https:\/\/www.europesays.com\/pl\/385684\/"},"modified":"2026-04-23T18:55:13","modified_gmt":"2026-04-23T18:55:13","slug":"sanepid-stwierdzil-nieprawidlowosci-w-magazynie-regiojet-w-krakow","status":"publish","type":"post","link":"https:\/\/www.europesays.com\/pl\/385684\/","title":{"rendered":"Sanepid stwierdzi\u0142 nieprawid\u0142owo\u015bci w magazynie RegioJet w Krak\u00f3w"},"content":{"rendered":"<p>Przedstawiciele Pa\u0144stwowego Powiatowego Inspektora Sanitarnego w Krak\u00f3w, we wsp\u00f3\u0142pracy z policj\u0105, przeprowadzili kontrol\u0119 interwencyjn\u0105 magazynu na obrze\u017cach miasta. Do sprawy odni\u00f3s\u0142 si\u0119 RegioJet.<\/p>\n<p>Jak poinformowa\u0142a Powiatowa Stacja Sanitarno-Epidemiologiczna, podczas kontroli, kt\u00f3ra mia\u0142a miejsce 20 kwietnia, ujawniono szereg nieprawid\u0142owo\u015bci w zakresie przechowywania \u015brodk\u00f3w spo\u017cywczych.<\/p>\n<p>Produkty te magazynowane by\u0142y w warunkach niespe\u0142niaj\u0105cych wymog\u00f3w sanitarnych, a cz\u0119\u015b\u0107 z nich by\u0142a przeterminowana \u2013 wskazano w komunikacie.<\/p>\n<p data-start=\"606\" data-end=\"673\">Zastrze\u017cenia dotyczy\u0142y m.in. napoj\u00f3w oraz wyrob\u00f3w garma\u017ceryjnych.<\/p>\n<p data-start=\"675\" data-end=\"977\">Dodatkowo, na terenie zewn\u0119trznym obiektu znajdowa\u0142o si\u0119 oko\u0142o 16 tys. butelek wody mineralnej sk\u0142adowanych na paletach bez odpowiedniego zabezpieczenia przed czynnikami zewn\u0119trznymi, w tym zanieczyszczeniami. Inspektorzy zwr\u00f3cili r\u00f3wnie\u017c uwag\u0119 na znaczne ilo\u015bci odpad\u00f3w zgromadzonych wok\u00f3\u0142 magazynu.<\/p>\n<p data-start=\"979\" data-end=\"1198\">W wyniku przeprowadzonych dzia\u0142a\u0144 Pa\u0144stwowy Powiatowy Inspektor Sanitarny wyda\u0142 decyzj\u0119 o zamkni\u0119ciu obiektu oraz o utylizacji przeterminowanych \u015brodk\u00f3w spo\u017cywczych, a tak\u017ce wody mineralnej przechowywanej na zewn\u0105trz.<\/p>\n<p data-start=\"1200\" data-end=\"1407\">Magazyn funkcjonowa\u0142 bez wymaganej decyzji Pa\u0144stwowego Powiatowego Inspektora Sanitarnego w Krakowie, uprawniaj\u0105cej do prowadzenia dzia\u0142alno\u015bci w zakresie magazynowania \u015brodk\u00f3w spo\u017cywczych \u2013 poinformowano.<\/p>\n<p data-start=\"1409\" data-end=\"1584\">Sprawa zosta\u0142a r\u00f3wnie\u017c przekazana do Wojew\u00f3dzkiego Inspektoratu Ochrony \u015arodowiska w Krakowie w zwi\u0105zku ze stwierdzonymi nieprawid\u0142owo\u015bciami dotycz\u0105cymi gospodarki odpadami.<\/p>\n<p data-start=\"1586\" data-end=\"1661\">Do sytuacji odni\u00f3s\u0142 si\u0119 przewo\u017anik RegioJet.<\/p>\n<p data-start=\"1586\" data-end=\"1661\">Magazyn w Krakowie by\u0142 rozwi\u0105zaniem tymczasowym na czas rozpocz\u0119cia dzia\u0142alno\u015bci i 7 kwietnia podj\u0119li\u015bmy decyzj\u0119 o jego trwa\u0142ym zamkni\u0119ciu. Wszystkie rzeczy przechowywane w magazynie zosta\u0142y przeznaczone do utylizacji \u2013 przekaza\u0142 rzecznik sp\u00f3\u0142ki, Luk\u00e1\u0161 Kub\u00e1t.<\/p>\n<p data-start=\"1928\" data-end=\"2215\" data-is-last-node=\"\" data-is-only-node=\"\">Zgodnie z planami przewo\u017anika, w niedziel\u0119 3 maja 2026 r. realizowane b\u0119d\u0105 ostatnie po\u0142\u0105czenia krajowe w Polsce. RegioJet zamierza jednak utrzyma\u0107 dzia\u0142alno\u015b\u0107 w segmencie mi\u0119dzynarodowym \u2013 nadal kursowa\u0107 b\u0119d\u0105 poci\u0105gi \u0142\u0105cz\u0105ce Prag\u0119 z Warszaw\u0105 oraz Przemy\u015blem.<\/p>\n","protected":false},"excerpt":{"rendered":"Przedstawiciele Pa\u0144stwowego Powiatowego Inspektora Sanitarnego w Krak\u00f3w, we wsp\u00f3\u0142pracy z policj\u0105, przeprowadzili kontrol\u0119 interwencyjn\u0105 magazynu na obrze\u017cach miasta.&hellip;\n","protected":false},"author":2,"featured_media":385685,"comment_status":"","ping_status":"","sticky":false,"template":"","format":"standard","meta":{"footnotes":"","_share_on_mastodon":"0"},"categories":[51606],"tags":[1304,42,38,40,39,41,1196,11471],"class_list":["post-385684","post","type-post","status-publish","format-standard","has-post-thumbnail","category-krakow","tag-krakow","tag-pl","tag-poland","tag-polish","tag-polska","tag-polski","tag-regiojet","tag-sanepid"],"share_on_mastodon":{"url":"https:\/\/pubeurope.com\/@pl\/116455546957095559","error":""},"_links":{"self":[{"href":"https:\/\/www.europesays.com\/pl\/wp-json\/wp\/v2\/posts\/385684","targetHints":{"allow":["GET"]}}],"collection":[{"href":"https:\/\/www.europesays.com\/pl\/wp-json\/wp\/v2\/posts"}],"about":[{"href":"https:\/\/www.europesays.com\/pl\/wp-json\/wp\/v2\/types\/post"}],"author":[{"embeddable":true,"href":"https:\/\/www.europesays.com\/pl\/wp-json\/wp\/v2\/users\/2"}],"replies":[{"embeddable":true,"href":"https:\/\/www.europesays.com\/pl\/wp-json\/wp\/v2\/comments?post=385684"}],"version-history":[{"count":0,"href":"https:\/\/www.europesays.com\/pl\/wp-json\/wp\/v2\/posts\/385684\/revisions"}],"wp:featuredmedia":[{"embeddable":true,"href":"https:\/\/www.europesays.com\/pl\/wp-json\/wp\/v2\/media\/385685"}],"wp:attachment":[{"href":"https:\/\/www.europesays.com\/pl\/wp-json\/wp\/v2\/media?parent=385684"}],"wp:term":[{"taxonomy":"category","embeddable":true,"href":"https:\/\/www.europesays.com\/pl\/wp-json\/wp\/v2\/categories?post=385684"},{"taxonomy":"post_tag","embeddable":true,"href":"https:\/\/www.europesays.com\/pl\/wp-json\/wp\/v2\/tags?post=385684"}],"curies":[{"name":"wp","href":"https:\/\/api.w.org\/{rel}","templated":true}]}}