{"id":385707,"date":"2026-04-23T19:08:14","date_gmt":"2026-04-23T19:08:14","guid":{"rendered":"https:\/\/www.europesays.com\/pl\/385707\/"},"modified":"2026-04-23T19:08:14","modified_gmt":"2026-04-23T19:08:14","slug":"paraliz-w-bbn-spor-o-kompetencje-i-chaos-ludzie-nie-wiedzieli-co-sie-dzieje","status":"publish","type":"post","link":"https:\/\/www.europesays.com\/pl\/385707\/","title":{"rendered":"Parali\u017c w BBN, sp\u00f3r o kompetencje i chaos. &#8222;Ludzie nie wiedzieli, co si\u0119 dzieje&#8221;"},"content":{"rendered":"<p>Wed\u0142ug naszych \u017ar\u00f3de\u0142 dymisja Cenckiewicza to rezultat wielomiesi\u0119cznego niedow\u0142adu decyzyjnego BBN-u oraz narastaj\u0105cego konfliktu w bezpo\u015brednim otoczeniu prezydenta Karola Nawrockiego.<\/p>\n<p class=\"Paragraph_desktopParagraph__U31Gm\">Kiedy <a href=\"https:\/\/wiadomosci.onet.pl\/kraj\/karol-nawrocki-powolal-kierownictwo-swojej-kancelarii\/29yjqrd\" id=\"b7e3b890-fe89-4a1b-b08c-205547c68525\" rel=\"nofollow noopener\" target=\"_blank\">w sierpniu ubieg\u0142ego roku prezydent Nawrocki przedstawia\u0142 S\u0142awomira Cenckiewicza jako nowego szefa BBN<\/a>, dla obserwator\u00f3w sta\u0142o si\u0119 jasne, \u017ce kluczow\u0105 rol\u0119 w systemie bezpiecze\u0144stwa pa\u0144stwa obejmuje zaufany cz\u0142owiek Antoniego Macierewicza, by\u0142ego ministra obrony narodowej w rz\u0105dzie PiS. Wyznaczaj\u0105c Cenckiewicza na tak wa\u017cne stanowisko, prezydent obdarzy\u0142 go ogromnym kredytem zaufania, mimo \u017ce ten ju\u017c od kilku miesi\u0119cy nie posiada\u0142 wa\u017cnych po\u015bwiadcze\u0144 bezpiecze\u0144stwa pozwalaj\u0105cych na wgl\u0105d w najpilniej strze\u017cone tajemnice pa\u0144stwowe.<\/p>\n<p class=\"Paragraph_desktopParagraph__U31Gm\">Cho\u0107 Wojew\u00f3dzki S\u0105d Administracyjny nied\u0142ugo p\u00f3\u017aniej orzek\u0142, \u017ce S\u0142u\u017cba Kontrwywiadu Wojskowego pope\u0142ni\u0142a b\u0142\u0119dy proceduralne przy odbieraniu szefowi BBN certyfikatu, w praktyce pozostawa\u0142 on nadal odci\u0119ty od dokumentacji klauzulowanej. Dla instytucji, kt\u00f3rej istot\u0105 jest operowanie na informacjach niejawnych, oznacza\u0142o to ba\u0142agan i chaos decyzyjny.<\/p>\n<p class=\"Paragraph_desktopParagraph__U31Gm\">\u2014 Najbli\u017csi wsp\u00f3\u0142pracownicy Cenckiewicza nie mieli do niego dost\u0119pu, a on odg\u00f3rnie zabroni\u0142 im kontaktowa\u0107 si\u0119 z prezydentem Nawrockim i Kancelari\u0105 Prezydenta. W Biurze nie odbywa\u0142y si\u0119 narady, ludzie nie wiedzieli, co si\u0119 dzieje, co maj\u0105 robi\u0107. Nie by\u0142o decyzyjno\u015bci \u2014 m\u00f3wi nasz informator z BBN.<\/p>\n<p><img decoding=\"async\" class=\"Image_image__0tuHp Image_autoHeight__f2n87 \" height=\"587\" width=\"880\" src=\"https:\/\/www.europesays.com\/pl\/wp-content\/uploads\/2026\/04\/vFzk9kpTURBXy84MmZjOTE4MDcwNTMxYzRlYTA1MWY4YzdmYzQ1ODQ1Zi5qcGeSlQLNA6wAwsOVAgDNAkvCw94AA6EwAaExAaEzw.jpeg\" alt=\"Prezydent Karol Nawrocki i S\u0142awomir Cenckiewicz\" loading=\"lazy\" \/>Radek Pietruszka \/ PAP<\/p>\n<p>Prezydent Karol Nawrocki i S\u0142awomir Cenckiewicz<\/p>\n<p class=\"Paragraph_desktopParagraph__U31Gm\">Zacz\u0119\u0142a te\u017c szwankowa\u0107 wsp\u00f3\u0142praca z Ministerstwem Obrony Narodowej i wojskiem. Fatalne sygna\u0142y p\u0142yn\u0119\u0142y te\u017c z NATO i Pentagonu. \u2014 Amerykanie s\u0105 formalistami i nie b\u0119d\u0105 rozmawia\u0107 o rzeczach niejawnych z urz\u0119dnikiem, kt\u00f3ry nie ma odpowiedniego poziomu dost\u0119pu. Ich nie interesuje polityka, lecz procedury. Relacje ze Stanami Zjednoczonymi mog\u0142y by\u0107 jedn\u0105 z kluczowych przyczyn tej decyzji Cenckiewicza \u2014 wyja\u015bnia nasz rozm\u00f3wca zbli\u017cony do struktur dyplomatycznych i obronnych.<\/p>\n<p>Pa\u0142acowy sojusz i weto wobec wojska <\/p>\n<p class=\"Paragraph_desktopParagraph__U31Gm\">Wewn\u0105trz Kancelarii Prezydenta od miesi\u0119cy narasta\u0142o napi\u0119cie. Przeciwko sposobowi zarz\u0105dzania BBN przez Cenckiewicza zawi\u0105za\u0142 si\u0119 nieformalny sojusz, na kt\u00f3rego czele stan\u0119li szef Kancelarii Zbigniew Bogucki oraz Marcin Przydacz, szef Biura Polityki Mi\u0119dzynarodowej w Kancelarii Prezydenta. <a href=\"https:\/\/wiadomosci.onet.pl\/tylko-w-onecie\/goraco-w-palacu-prezydenckim-operacja-cenckiewicz-wstrzymana-w-ostatniej-chwili\/w0j5q9g\" id=\"f2f981f6-1456-4cf5-bfed-079eb5645b49\" rel=\"nofollow noopener\" target=\"_blank\">To w\u0142a\u015bnie Przydacz mia\u0142 najmocniej naciska\u0107 prezydenta na dymisj\u0119 szefa BBN-u ju\u017c w grudniu, wskazuj\u0105c na parali\u017c w relacjach sojuszniczych<\/a>.<\/p>\n<p class=\"Paragraph_desktopParagraph__U31Gm\">Prezydent Nawrocki pocz\u0105tkowo mia\u0142 si\u0119 na to zgodzi\u0107, ale wstrzymywa\u0142 decyzj\u0119, nie chc\u0105c dymisjonowa\u0107 bliskiego wsp\u00f3\u0142pracownika w atmosferze skandalu. Kilka dni wcze\u015bniej &#8222;Gazeta Wyborcza&#8221; napisa\u0142a, \u017ce powodem odebrania przez s\u0142u\u017cby certyfikatu bezpiecze\u0144stwa Cenckiewiczowi, by\u0142 <a href=\"https:\/\/wiadomosci.onet.pl\/kraj\/burza-wokol-ankiety-bezpieczenstwa-slawomira-cenckiewicza-odpowiedza-za-to\/jpz0ljv\" id=\"29cc058f-c943-4ca9-9550-4aad28a495f5\" rel=\"nofollow noopener\" target=\"_blank\">fakt zatajenia przez niego tego, jakie bierze leki<\/a>.<\/p>\n<p class=\"Paragraph_desktopParagraph__U31Gm\">\u2014 W relacjach Cenckiewicza z Przydaczem nie pachnia\u0142o kwiatkami. Tam by\u0142o ostre tarcie. Wielu ludzi wewn\u0105trz Kancelarii Prezydenta i BBN-u to widzia\u0142o. My\u015bl\u0119, \u017ce ta atmosfera sprzyja\u0142a temu, \u017ceby Cenckiewicz w ko\u0144cu odszed\u0142. D\u0142u\u017cej tego ci\u0105gn\u0105\u0107 nie mo\u017cna by\u0142o \u2014 m\u00f3wi nasz informator z otoczenia Nawrockiego.<\/p>\n<p><img decoding=\"async\" class=\"Image_image__0tuHp Image_autoHeight__f2n87 \" height=\"587\" width=\"880\" src=\"https:\/\/www.europesays.com\/pl\/wp-content\/uploads\/2026\/04\/cPCk9kpTURBXy9lN2Q1NDEzYzc1NTliMmZhODkwNDE3YTM3NTVmNmMxNi5qcGeSlQLNA6wAwsOVAgDNAkvCw94AA6EwAaExAaEzw.jpeg\" alt=\"S\u0142awomir Cenckiewicz i Marcin Przydacz\" loading=\"lazy\" \/>Radek Pietruszka \/ PAP<\/p>\n<p>S\u0142awomir Cenckiewicz i Marcin Przydacz<\/p>\n<p class=\"Paragraph_desktopParagraph__U31Gm\">B\u0142\u0119dy merytoryczne pope\u0142niane przez ludzi z BBN-u stawa\u0142y si\u0119 coraz trudniejsze do zignorowania przez Nawrockiego. W Biurze dosz\u0142o do patologicznej sytuacji: zast\u0119pca szefa BBN, gen. Miros\u0142aw Bry\u015b uczestniczy\u0142 w naradach rz\u0105dowego komitetu bezpiecze\u0144stwa m.in. w sprawie przekazania MiG-\u00f3w Ukrainie, ale wiedza ta nie dociera\u0142a do prezydenta na czas, poniewa\u017c obieg informacji wewn\u0105trz BBN by\u0142 zablokowany przez brak uprawnie\u0144 szefa. \u2014 Prezydent twierdzi\u0142, \u017ce o pewnych planach nie wiedzia\u0142, cho\u0107 jego przedstawiciel siedzia\u0142 na komitecie, gdzie te plany omawiano. Ta dziura informacyjna sta\u0142a si\u0119 niebezpieczna dla pa\u0144stwa \u2014 dodaje nasz rozm\u00f3wca.<\/p>\n<p class=\"Paragraph_desktopParagraph__U31Gm\">Jednym z punkt\u00f3w zwrotnych, jak twierdz\u0105 informatorzy Onetu, by\u0142 <a href=\"https:\/\/wiadomosci.onet.pl\/tylko-w-onecie\/mozliwy-powrot-kontrowersyjnego-projektu-niech-nawrocki-sprobuje-to-zablokowac\/5vvxnv5\" id=\"484f01b1-59d0-4805-84fc-64924a45d00e\" rel=\"nofollow noopener\" target=\"_blank\">sp\u00f3r rz\u0105du z prezydentem wok\u00f3\u0142 ustawy SAFE<\/a>, czyli niskooprocentowanych po\u017cyczek europejskich na inwestycje w zakresie bezpiecze\u0144stwa.<\/p>\n<p class=\"Paragraph_desktopParagraph__U31Gm\">\u2014 Nie wiemy dok\u0142adnie, jakie argumenty dociera\u0142y do prezydenta, ale fakt, \u017ce zawetowa\u0142 ustaw\u0119, o kt\u00f3rej podpisanie prosi\u0142o wojsko, by\u0142 sygna\u0142em, \u017ce doradztwo BBN w tej kwestii by\u0142o wadliwe. Mo\u017ce prezydent w ko\u0144cu zorientowa\u0142 si\u0119, \u017ce b\u0142\u0119dy tej instytucji uderzaj\u0105 w jego notowania \u2014 m\u00f3wi informator Onetu z Pa\u0142acu Prezydenckiego.<\/p>\n<p>\u0106wiczenia &#8222;Kraj&#8221; i prezydent bez wsparcia <\/p>\n<p class=\"Paragraph_desktopParagraph__U31Gm\">Nasi informatorzy zwracaj\u0105 uwag\u0119, \u017ce dymisja Cenckiewicza zbieg\u0142a si\u0119 <a href=\"https:\/\/wiadomosci.onet.pl\/kraj\/nieoficjalnie-wspolne-cwiczenia-rzadu-i-karola-nawrockiego\/0kpq192\" id=\"d0e4c0e6-93c5-4b40-8e19-3a4213b2dd70\" rel=\"nofollow noopener\" target=\"_blank\">z zako\u0144czeniem \u0107wiczenia &#8222;Kraj&#8221;<\/a>. \u2014 Zgodnie z ustaw\u0105 \u0107wiczenie przygotowuje rz\u0105d, a prezydent zatwierdza jego plan \u0107wiczenia i nim kieruje. Rola BBN-u jest taka, \u017ce przygotowuje prezydenta do kierowania przebiegiem \u0107wiczenia \u2014 m\u00f3wi nasz informator zwi\u0105zany z prezydenckim biurem.<\/p>\n<p class=\"Paragraph_desktopParagraph__U31Gm\">&#8222;Kraj&#8221;, to kluczowe przedsi\u0119wzi\u0119cie dla bezpiecze\u0144stwa pa\u0144stwa, w kt\u00f3rym prezydent, jako zwierzchnik si\u0142 zbrojnych czasu wojny kieruje przebiegiem dzia\u0142a\u0144 obronnych. BBN mia\u0142 za zadanie przygotowa\u0107 merytorycznie Karola Nawrockiego do tego zadania.<\/p>\n<p><img decoding=\"async\" class=\"Image_image__0tuHp Image_autoHeight__f2n87 \" height=\"587\" width=\"880\" src=\"https:\/\/www.europesays.com\/pl\/wp-content\/uploads\/2026\/04\/PKEk9kpTURBXy9jYjMyYjYzMDIwMWU4YjhmNmUyNzg0MTk0ZWMwMzhkMS5qcGeSlQLNA6wAwsOVAgDNAkvCw94AA6EwAaExAaEzw.jpeg\" alt=\"Premier Donald Tusk i prezydent Karol Nawrocki\" loading=\"lazy\" \/>Albert Zawada \/ PAP<\/p>\n<p>Premier Donald Tusk i prezydent Karol Nawrocki<\/p>\n<p class=\"Paragraph_desktopParagraph__U31Gm\">Czy przygotowa\u0142? Tego nasi informatorzy nie chc\u0105 zdradzi\u0107, poniewa\u017c wszystko zwi\u0105zane z \u0107wiczeniami &#8222;Kraj&#8221; mia\u0142o charakter niejawny.<\/p>\n<p class=\"Paragraph_desktopParagraph__U31Gm\">\u2014 Przygotowania do takich \u0107wicze\u0144 trwaj\u0105 p\u00f3\u0142 roku. Szef BBN, przez brak dost\u0119pu do informacji niejawnych, nie m\u00f3g\u0142 bra\u0107 udzia\u0142u ani w przygotowaniu \u0107wiczenia, ani w samym \u0107wiczeniu. To absurdalna sytuacja \u2014 relacjonuje wysoki rang\u0105 oficer.<\/p>\n<p>Nowe otwarcie. Kto zast\u0105pi Cenckiewicza? <\/p>\n<p class=\"Paragraph_desktopParagraph__U31Gm\">Po dymisji S\u0142awomira Cenckiewicza obowi\u0105zki szefa BBN powierzono genera\u0142owi Andrzejowi Kowalskiemu, by\u0142emu szefowi S\u0142u\u017cby Wywiadu Wojskowego oraz dotychczasowemu zast\u0119pcy. Gen. Kowalski, podobnie jak Cenckiewicz jest uwa\u017cany za zaufanego cz\u0142owieka Antoniego Macierewicza. To on, kiedy kierowa\u0142 resortem obrony, powierzy\u0142 mu stanowisko szefa s\u0142u\u017cby wywiadu wojskowego. Po dymisji Macierewicza i obj\u0119ciu fotela ministra obrony przez Mariusza B\u0142aszczka, gen. Kowalski r\u00f3wnie\u017c odszed\u0142 ze stanowiska.<\/p>\n<p class=\"Paragraph_desktopParagraph__U31Gm\">Dzi\u015b zast\u0105pi\u0142 szefa BBN. Pytanie, czy na d\u0142ugo? Formalnie nie zosta\u0142 on wyznaczony na t\u0119 funkcj\u0119, a jedynie pe\u0142ni obowi\u0105zki szefa. W resortach si\u0142owych zmiana zosta\u0142a przyj\u0119ta do\u015b\u0107 dobrze.<\/p>\n<p><img decoding=\"async\" class=\"Image_image__0tuHp Image_autoHeight__f2n87 \" height=\"587\" width=\"880\" src=\"https:\/\/www.europesays.com\/pl\/wp-content\/uploads\/2026\/04\/4Uqk9kpTURBXy8xZThjZWY3MTFkZjk0NjMzZjJlM2U5YmI4OTZkNWJhZi5qcGeSlQLNA6wAwsOVAgDNAkvCw94AA6EwAaExAaEzw.jpeg\" alt=\"Gen. Andrzej Kowalski (w \u015brodku)\" loading=\"lazy\" \/>Marcin Obara \/ PAP<\/p>\n<p>Gen. Andrzej Kowalski (w \u015brodku)<\/p>\n<p class=\"Paragraph_desktopParagraph__U31Gm\">\u2014 Genera\u0142 Kowalski to osoba pouk\u0142adana i \u2014 co najwa\u017cniejsze \u2014 posiadaj\u0105ca wszystkie niezb\u0119dne po\u015bwiadczenia bezpiecze\u0144stwa. Je\u015bli pojawia si\u0119 trudny temat na linii MON-BBN, z nim mo\u017cna rozmawia\u0107 konkretnie. Budzi nadziej\u0119 na powr\u00f3t do normalnego funkcjonowania instytucji \u2014 ocenia oficer z Ministerstwa Obrony Narodowej.<\/p>\n","protected":false},"excerpt":{"rendered":"Wed\u0142ug naszych \u017ar\u00f3de\u0142 dymisja Cenckiewicza to rezultat wielomiesi\u0119cznego niedow\u0142adu decyzyjnego BBN-u oraz narastaj\u0105cego konfliktu w bezpo\u015brednim otoczeniu prezydenta&hellip;\n","protected":false},"author":2,"featured_media":385708,"comment_status":"","ping_status":"","sticky":false,"template":"","format":"standard","meta":{"footnotes":"","_share_on_mastodon":"0"},"categories":[62712],"tags":[56,806,66,67,690,240,45,53,52,68,51,55,47,2739,50,26],"class_list":["post-385707","post","type-post","status-publish","format-standard","has-post-thumbnail","category-karol-nawrocki","tag-article_premium","tag-bbn_biuro_bezpieczenstwa_narodowego","tag-give_me_perspective","tag-intextvideo_splayer","tag-karol-nawrocki","tag-karol_nawrocki_prezydent","tag-marcin_przydacz","tag-new_header","tag-onet3","tag-onet3d","tag-onet3d_2i","tag-phx","tag-screening_general","tag-slawomir_cenckiewicz","tag-v2021","tag-wiadomosci"],"share_on_mastodon":{"url":"https:\/\/pubeurope.com\/@pl\/116455598041641426","error":""},"_links":{"self":[{"href":"https:\/\/www.europesays.com\/pl\/wp-json\/wp\/v2\/posts\/385707","targetHints":{"allow":["GET"]}}],"collection":[{"href":"https:\/\/www.europesays.com\/pl\/wp-json\/wp\/v2\/posts"}],"about":[{"href":"https:\/\/www.europesays.com\/pl\/wp-json\/wp\/v2\/types\/post"}],"author":[{"embeddable":true,"href":"https:\/\/www.europesays.com\/pl\/wp-json\/wp\/v2\/users\/2"}],"replies":[{"embeddable":true,"href":"https:\/\/www.europesays.com\/pl\/wp-json\/wp\/v2\/comments?post=385707"}],"version-history":[{"count":0,"href":"https:\/\/www.europesays.com\/pl\/wp-json\/wp\/v2\/posts\/385707\/revisions"}],"wp:featuredmedia":[{"embeddable":true,"href":"https:\/\/www.europesays.com\/pl\/wp-json\/wp\/v2\/media\/385708"}],"wp:attachment":[{"href":"https:\/\/www.europesays.com\/pl\/wp-json\/wp\/v2\/media?parent=385707"}],"wp:term":[{"taxonomy":"category","embeddable":true,"href":"https:\/\/www.europesays.com\/pl\/wp-json\/wp\/v2\/categories?post=385707"},{"taxonomy":"post_tag","embeddable":true,"href":"https:\/\/www.europesays.com\/pl\/wp-json\/wp\/v2\/tags?post=385707"}],"curies":[{"name":"wp","href":"https:\/\/api.w.org\/{rel}","templated":true}]}}