{"id":385812,"date":"2026-04-23T20:22:10","date_gmt":"2026-04-23T20:22:10","guid":{"rendered":"https:\/\/www.europesays.com\/pl\/385812\/"},"modified":"2026-04-23T20:22:10","modified_gmt":"2026-04-23T20:22:10","slug":"siedem-goli-w-meczu-wieczystej-krakow-szalona-gonitwa","status":"publish","type":"post","link":"https:\/\/www.europesays.com\/pl\/385812\/","title":{"rendered":"Siedem goli w meczu Wieczystej Krak\u00f3w. Szalona gonitwa"},"content":{"rendered":"\n<p class=\"contentpart contentpart--default contentpart--text\" data-position=\"0\">W <a href=\"https:\/\/sportowefakty.wp.pl\/pilka-nozna\/betclic-i-liga\" rel=\"nofollow noopener\" target=\"_blank\">Betclic I lidze<\/a>\u00a0nadszed\u0142 czas nadrobienia zaleg\u0142o\u015bci. Przeciwnikiem <a href=\"https:\/\/sportowefakty.wp.pl\/pilka-nozna\/wieczysta-krakow\" rel=\"nofollow noopener\" target=\"_blank\">Wieczystej Krak\u00f3w<\/a>\u00a0by\u0142 inny beniaminek <a href=\"https:\/\/sportowefakty.wp.pl\/pilka-nozna\/polonia-bytom\" rel=\"nofollow noopener\" target=\"_blank\">Polonia Bytom<\/a>. Dru\u017cyna <a href=\"https:\/\/sportowefakty.wp.pl\/pilka-nozna\/kazimierz-moskal\" rel=\"nofollow noopener\" target=\"_blank\">Kazimierza Moskala<\/a>\u00a0z\u0142apa\u0142a zadyszk\u0119, ale to samo mo\u017cna by\u0142o powiedzie\u0107 o jej przeciwniku z wojew\u00f3dztwa \u015bl\u0105skiego. Ciekawe, \u017ce Polonia mia\u0142a na mecz wyjazdowy bli\u017cej ni\u017c Wieczysta na spotkanie domowe, poniewa\u017c do walki o punkty dosz\u0142o w <a href=\"https:\/\/sportowefakty.wp.pl\/polska\/sosnowiec\" rel=\"nofollow noopener\" target=\"_blank\">Sosnowcu<\/a>.<\/p>\n<p class=\"contentpart contentpart--default contentpart--text\" data-position=\"1\">Gra o\u017cywi\u0142a si\u0119 w drugim kwadransie, ale zamiast goli, by\u0142y pierwsze \u017c\u00f3\u0142te kartki. Jeden po drugim zobaczyli kartonik <a href=\"https:\/\/sportowefakty.wp.pl\/pilka-nozna\/tomasz-gajda\" rel=\"nofollow noopener\" target=\"_blank\">Tomasz Gajda<\/a>\u00a0z Polonii oraz <a href=\"https:\/\/sportowefakty.wp.pl\/pilka-nozna\/paulo-rafael-paulinho\" rel=\"nofollow noopener\" target=\"_blank\">Paulinho<\/a>\u00a0z Wieczystej. W 27. minucie, na przebudzenie dla widz\u00f3w, by\u0142o uderzenie celne, kt\u00f3rym Oliwier Kwiatkowski sprawdzi\u0142 czujno\u015b\u0107 <a href=\"https:\/\/sportowefakty.wp.pl\/pilka-nozna\/antoni-mikulko\" rel=\"nofollow noopener\" target=\"_blank\">Antoniego Miku\u0142ki<\/a>.<\/p>\n<p>  <img decoding=\"async\" src=\"https:\/\/v.wpimg.pl\/X3dwLnN2d1IFFTpdYUl6R0ZNbgcnEHQREVV2TGEGbUtRT2MdOlZ2RBQUKABgQjQcDRotCStBd1IAAWMeIlM7VgwYIAorQAdEFFk_GCkQJQ\" alt=\"\" width=\"45\" height=\"58\" loading=\"lazy\"\/>  <\/p>\n<p class=\"contentpart contentpart--default contentpart--text\" data-position=\"2\">ZOBACZ WIDEO: Polacy o Lewandowskim. Powinien zosta\u0107 w Barcelonie?<\/p>\n<p class=\"contentpart contentpart--default contentpart--text\" data-position=\"4\">Ostrze\u017cenie od Polonii by\u0142o tylko jedno i w 32. minucie pad\u0142a bramka na 1:0. Wieczysta pomyli\u0142a si\u0119 w wymianie poda\u0144, co mia\u0142o powa\u017cne konsekwencje. <a href=\"https:\/\/sportowefakty.wp.pl\/pilka-nozna\/kamil-wojtyra\" rel=\"nofollow noopener\" target=\"_blank\">Kamil Wojtyra<\/a>\u00a0rozpocz\u0105\u0142 kr\u00f3tk\u0105 akcj\u0119 bramkow\u0105, a pi\u0142ka trafi\u0142a przez Oliwiera Kwiatkowskiego do <a href=\"https:\/\/sportowefakty.wp.pl\/pilka-nozna\/konrad-andrzejczak\" rel=\"nofollow noopener\" target=\"_blank\">Konrada Andrzejczaka<\/a>. Ten zdecydowa\u0142 si\u0119 na strza\u0142 g\u0142ow\u0105, kt\u00f3ry okaza\u0142 si\u0119 skutecznym rozwi\u0105zaniem.<\/p>\n<p class=\"contentpart contentpart--default contentpart--text\" data-position=\"5\">Bytomianie bawili si\u0119 coraz lepiej i w 38. minucie strzelili gola na 2:0. Tym razem Kamil Wojtyra nie rozpoczyna\u0142, a zako\u0144czy\u0142 akcj\u0119. Podanie do niego wykona\u0142 <a href=\"https:\/\/sportowefakty.wp.pl\/pilka-nozna\/mikolaj-labojko\" rel=\"nofollow noopener\" target=\"_blank\">Miko\u0142aj \u0141abojko<\/a>\u00a0i napastnik wykona\u0142 swoje zadanie nieopodal bramki. Ponownie by\u0142 to gol strzelony g\u0142ow\u0105.<\/p>\n<p class=\"contentpart contentpart--default contentpart--text\" data-position=\"6\">Sytuacja gospodarzy sta\u0142a si\u0119 nie do pozazdroszczenia i nie poprawili jej tak\u017ce w pi\u0119ciu doliczonych minutach w pierwszej po\u0142owie.<\/p>\n<p>  <img decoding=\"async\" src=\"https:\/\/v.wpimg.pl\/X3dwLnN2d1IFFTpdYUl6R0ZNbgcnEHQREVV2TGEGbUtRT2MdOlZ2RBQUKABgQjQcDRotCStBd1IAAWMeIlM7VgwYIAorQAdEFFk_GCkQJQ\" alt=\"\" width=\"45\" height=\"58\" loading=\"lazy\"\/>  <\/p>\n<p class=\"contentpart contentpart--default contentpart--text\" data-position=\"7\">W przerwie by\u0142y od razu trzy zmiany trenera Moskala, na kt\u00f3rych efekt nie trzeba by\u0142o d\u0142ugo czeka\u0107. Bramka kontaktowa w 52. minucie da\u0142a nadziej\u0119 Wieczystej nawet na zwyci\u0119stwo, a za pokonanie <a href=\"https:\/\/sportowefakty.wp.pl\/pilka-nozna\/wojciech-banasik\" rel=\"nofollow noopener\" target=\"_blank\">Wojciecha Banasika<\/a>\u00a0odpowiada\u0142 jeden ze zmiennik\u00f3w &#8211; <a href=\"https:\/\/sportowefakty.wp.pl\/pilka-nozna\/natan-dziegielewski\" rel=\"nofollow noopener\" target=\"_blank\">Natan Dzi\u0119gielewski<\/a>. Na pocz\u0105tek wymienili podania <a href=\"https:\/\/sportowefakty.wp.pl\/pilka-nozna\/miki-villar\" rel=\"nofollow noopener\" target=\"_blank\">Miki Villar<\/a>\u00a0i <a href=\"https:\/\/sportowefakty.wp.pl\/pilka-nozna\/mikkel-maigaard\" rel=\"nofollow noopener\" target=\"_blank\">Mikkel Maigaard<\/a>, a na zako\u0144czenie ataku Dzi\u0119gielewski przymierzy\u0142 z kilkunastu metr\u00f3w.<\/p>\n<p class=\"contentpart contentpart--default contentpart--text\" data-position=\"8\">Ju\u017c w 62. minucie po\u015bcig mo\u017cna by\u0142o nazwa\u0107 udanym. Wieczysta w kilkana\u015bcie minut po przerwie zmieni\u0142a wynik 0:2 na 2:2. <a href=\"https:\/\/sportowefakty.wp.pl\/pilka-nozna\/aleksandar-djermanovic\" rel=\"nofollow noopener\" target=\"_blank\">Aleksandar Djermanovi\u0107<\/a>\u00a0doprowadzi\u0142 do remisu trzecim w meczu golem g\u0142ow\u0105. Tym razem po wrzutce <a href=\"https:\/\/sportowefakty.wp.pl\/pilka-nozna\/lucas-piazon\" rel=\"nofollow noopener\" target=\"_blank\">Lucasa Piazona<\/a>\u00a0ze sta\u0142ego fragmenty gry. Rywalizacja rozpocz\u0119\u0142a si\u0119 praktycznie od pocz\u0105tku.<\/p>\n<p class=\"contentpart contentpart--default contentpart--text\" data-position=\"9\">Wieczysta by\u0142a ju\u017c rozp\u0119dzona i bramka na 3:2 okaza\u0142a si\u0119 kwesti\u0105 czasu. Ponownie zdoby\u0142 j\u0105 Natan Dzi\u0119gielewski, kt\u00f3ry wyrasta\u0142 na bohatera wieczoru. Dubler Kazimierza Moskala zamkn\u0105\u0142 akcj\u0119 po dograniu Mikiego Villara w 65. minucie.<\/p>\n<p class=\"contentpart contentpart--default contentpart--text\" data-position=\"10\">P\u00f3\u017aniej do wielkiego zwrotu akcji ju\u017c nie dosz\u0142o, co nie oznacza, \u017ce nie pad\u0142o wi\u0119cej goli. Tradycyjnie w tym meczu po sta\u0142ych fragmentach gry. <a href=\"https:\/\/sportowefakty.wp.pl\/pilka-nozna\/mikkel-maigaard\" rel=\"nofollow noopener\" target=\"_blank\">Mikkel Maigaard<\/a>\u00a0strzeli\u0142 na 4:2 z rzutu karnego za faul <a href=\"https:\/\/sportowefakty.wp.pl\/pilka-nozna\/grzegorz-szymusik\" rel=\"nofollow noopener\" target=\"_blank\">Grzegorza Szymusika<\/a>, a Matej Mati\u0107 zd\u0105\u017cy\u0142 g\u0142\u00f3wkowa\u0107 na 3:4.<\/p>\n<p>  <img decoding=\"async\" src=\"https:\/\/v.wpimg.pl\/X3dwLnN2d1IFFTpdYUl6R0ZNbgcnEHQREVV2TGEGbUtRT2MdOlZ2RBQUKABgQjQcDRotCStBd1IAAWMeIlM7VgwYIAorQAdEFFk_GCkQJQ\" alt=\"\" width=\"45\" height=\"58\" loading=\"lazy\"\/>  <\/p>\n<p class=\"contentpart contentpart--default contentpart--text\" data-position=\"11\"><a href=\"https:\/\/sportowefakty.wp.pl\/pilka-nozna\/wieczysta-krakow\" rel=\"nofollow noopener\" target=\"_blank\">Wieczysta Krak\u00f3w<\/a>\u00a0&#8211; <a href=\"https:\/\/sportowefakty.wp.pl\/pilka-nozna\/polonia-bytom\" rel=\"nofollow noopener\" target=\"_blank\">Polonia Bytom<\/a>\u00a04:3 (0:2)<br \/>0:1 &#8211; Konrad Andrzejczak 32&#8242;<br \/>0:2 &#8211; Kamil Wojtyra 38&#8242;<br \/>1:2 &#8211; Natan Dzi\u0119gielewski 52&#8242;<br \/>2:2 &#8211;\u00a0Aleksandar Djermanovi\u0107 62&#8242;<br \/>3:2 &#8211;\u00a0Natan Dzi\u0119gielewski 65&#8242;<br \/>4:2 &#8211; Mikkel Maigaard (k.) 85&#8242;<br \/>4:3 &#8211; Matej Mati\u0107 88&#8242;<\/p>\n<p class=\"contentpart contentpart--default contentpart--text\" data-position=\"12\">Sk\u0142ady:<\/p>\n<p class=\"contentpart contentpart--default contentpart--text\" data-position=\"13\">Wieczysta:\u00a0Antoni Miku\u0142ko &#8211; Karol Fila (90&#8242; Kamil Dankowski), Micha\u0142 Pazdan, Aleksandar Djermanovi\u0107, Kamil Pestka &#8211; Nikola Knazevi\u0107 (46&#8242; Natan Dzi\u0119gielewski), Mikkel Maigaard, Lucas Piazon &#8211; Miki Villar (77&#8242; Lisandro Semedo), Micha\u0142 Tr\u0105bka (46&#8242; Stefan Feiertag) &#8211; Paulinho (46&#8242; Maciej Gajos)<\/p>\n<p class=\"contentpart contentpart--default contentpart--text\" data-position=\"14\">Polonia:\u00a0Wojciech Banasik &#8211; Grzegorz Szymusik, Jakub Szyma\u0144ski, Matej Mati\u0107 &#8211; Jakub Apolinarski, Miko\u0142aj \u0141abojko, Tomasz Gajda (72&#8242; Mikulas Bakala), Krzysztof Wo\u0142kowicz (76&#8242; Patryk Stefa\u0144ski) &#8211; Oliwier Kwiatkowski (85&#8242; Jan \u0141ab\u0119dzki), Konrad Andrzejczak (72&#8242; Jean Franco Sarmiento) &#8211; Kamil Wojtyra (72&#8242; Jakub \u0141ukowski)<\/p>\n<p>  <img decoding=\"async\" src=\"https:\/\/v.wpimg.pl\/X3dwLnN2d1IFFTpdYUl6R0ZNbgcnEHQREVV2TGEGbUtRT2MdOlZ2RBQUKABgQjQcDRotCStBd1IAAWMeIlM7VgwYIAorQAdEFFk_GCkQJQ\" alt=\"\" width=\"45\" height=\"58\" loading=\"lazy\"\/>  <\/p>\n<p class=\"contentpart contentpart--default contentpart--text\" data-position=\"15\">\u017b\u00f3\u0142te kartki: Paulinho, Pazdan, Fila,\u00a0Djermanovi\u0107, Maigaard (Wieczysta) oraz Gajda, Wo\u0142kowicz, Krzy\u017cak, Szymusik (Polonia)<\/p>\n<p class=\"contentpart contentpart--default contentpart--text\" data-position=\"16\">S\u0119dzia: Albert R\u00f3\u017cycki (\u0141\u00f3d\u017a)<\/p>\n<p class=\"contentpart contentpart--default contentpart--text\" data-position=\"17\">Tabela <a href=\"https:\/\/sportowefakty.wp.pl\/pilka-nozna\/betclic-i-liga\" rel=\"nofollow noopener\" target=\"_blank\">Betclic I ligi<\/a>:<\/p>\n","protected":false},"excerpt":{"rendered":"W Betclic I lidze\u00a0nadszed\u0142 czas nadrobienia zaleg\u0142o\u015bci. Przeciwnikiem Wieczystej Krak\u00f3w\u00a0by\u0142 inny beniaminek Polonia Bytom. Dru\u017cyna Kazimierza Moskala\u00a0z\u0142apa\u0142a zadyszk\u0119,&hellip;\n","protected":false},"author":2,"featured_media":385813,"comment_status":"","ping_status":"","sticky":false,"template":"","format":"standard","meta":{"footnotes":"","_share_on_mastodon":"0"},"categories":[51606],"tags":[3640,1304,269,42,38,40,7174,39,41,6829,26099,3651],"class_list":["post-385812","post","type-post","status-publish","format-standard","has-post-thumbnail","category-krakow","tag-betclic-i-liga","tag-krakow","tag-pilka-nozna","tag-pl","tag-poland","tag-polish","tag-polonia-bytom","tag-polska","tag-polski","tag-sosnowiec","tag-stadion-arcelormittal-park-w-sosnowcu","tag-wieczysta-krakow"],"share_on_mastodon":{"url":"https:\/\/pubeurope.com\/@pl\/116455889634358998","error":""},"_links":{"self":[{"href":"https:\/\/www.europesays.com\/pl\/wp-json\/wp\/v2\/posts\/385812","targetHints":{"allow":["GET"]}}],"collection":[{"href":"https:\/\/www.europesays.com\/pl\/wp-json\/wp\/v2\/posts"}],"about":[{"href":"https:\/\/www.europesays.com\/pl\/wp-json\/wp\/v2\/types\/post"}],"author":[{"embeddable":true,"href":"https:\/\/www.europesays.com\/pl\/wp-json\/wp\/v2\/users\/2"}],"replies":[{"embeddable":true,"href":"https:\/\/www.europesays.com\/pl\/wp-json\/wp\/v2\/comments?post=385812"}],"version-history":[{"count":0,"href":"https:\/\/www.europesays.com\/pl\/wp-json\/wp\/v2\/posts\/385812\/revisions"}],"wp:featuredmedia":[{"embeddable":true,"href":"https:\/\/www.europesays.com\/pl\/wp-json\/wp\/v2\/media\/385813"}],"wp:attachment":[{"href":"https:\/\/www.europesays.com\/pl\/wp-json\/wp\/v2\/media?parent=385812"}],"wp:term":[{"taxonomy":"category","embeddable":true,"href":"https:\/\/www.europesays.com\/pl\/wp-json\/wp\/v2\/categories?post=385812"},{"taxonomy":"post_tag","embeddable":true,"href":"https:\/\/www.europesays.com\/pl\/wp-json\/wp\/v2\/tags?post=385812"}],"curies":[{"name":"wp","href":"https:\/\/api.w.org\/{rel}","templated":true}]}}