{"id":385850,"date":"2026-04-23T20:48:17","date_gmt":"2026-04-23T20:48:17","guid":{"rendered":"https:\/\/www.europesays.com\/pl\/385850\/"},"modified":"2026-04-23T20:48:17","modified_gmt":"2026-04-23T20:48:17","slug":"rozmowa-dnia-dr-pawel-wroblewski-dyrektor-wroclawskiego-sanepidu","status":"publish","type":"post","link":"https:\/\/www.europesays.com\/pl\/385850\/","title":{"rendered":"Rozmowa Dnia: dr Pawe\u0142 Wr\u00f3blewski, dyrektor wroc\u0142awskiego Sanepidu"},"content":{"rendered":"\n<p>                <a target=\"_blank\" href=\"http:\/\/www.wykop.pl\/dodaj\/link\/?url=https%3A%2F%2Fwww.radiowroclaw.pl%2Farticles%2Fview%2F160054%2FRozmowa-Dnia-dr-Pawel-Wroblewski-dyrektor-wroclawskiego-Sanepidu&amp;title=Rozmowa+Dnia%3A+dr+Pawe%C5%82+Wr%C3%B3blewski%2C+dyrektor+wroc%C5%82awskiego+Sanepidu&amp;desc=Go%C5%9Bciem+Rozmowy+Dnia+w+Radiu+Wroc%C5%82aw+b%C4%99dzie+dr+Pawe%C5%82+Wr%C3%B3blewski.\" rel=\"nofollow noopener\"><img decoding=\"async\" alt=\"Dodaj do Wykop.pl\" src=\"http:\/\/www.radiowroclaw.pl\/nlayout\/layout\/wykop-social.svg\"\/><\/a><\/p>\n<p>    <img decoding=\"async\" src=\"https:\/\/www.europesays.com\/pl\/wp-content\/uploads\/2026\/04\/HPJrM92CR4.jpg\" class=\"w-100\" alt=\"Rozmowa Dnia: dr Pawe\u0142 Wr\u00f3blewski, dyrektor wroc\u0142awskiego Sanepidu - Dr Pawe\u0142 Wr\u00f3blewski go\u015bciem Radia Wroc\u0142aw.\"\/>Dr Pawe\u0142 Wr\u00f3blewski go\u015bciem Radia Wroc\u0142aw.<\/p>\n<p>Fot. RW<\/p>\n<p>Go\u015bciem Rozmowy Dnia w Radiu Wroc\u0142aw b\u0119dzie dr Pawe\u0142 Wr\u00f3blewski.<\/p>\n<p style=\"text-align: justify;\">Czy nadal odczuwalne s\u0105 medyczne skutki katastrofy w Czarnobylu? I czy jeste\u015bmy lepiej przygotowani, gdyby podobny wypadek zdarzy\u0142 si\u0119 teraz? O to Filip Marczy\u0144ski zapyta w Rozmowie Dnia dr. Paw\u0142a Wr\u00f3blewskiego &#8211; dyrektora Powiatowej Stacji Sanitarno-Epidemiologicznej we Wroc\u0142awiu.<\/p>\n<p style=\"text-align: justify;\">Do us\u0142yszenia o godzinie 8:30.<\/p>\n<p>        <a name=\"Comments\"\/><br \/>\n    \ufeff<\/p>\n<p>\t\t\t\t<a name=\"Comments\"\/><\/p>\n<p>\t\t\t\t\tDodaj\u0105c komentarz do artyku\u0142u akceptujesz<br \/>\n\t\t\t\t\t<a class=\"fw-bold\" href=\"http:\/\/www.radiowroclaw.pl\/articles\/view\/97405\" title=\"regulamin strony\" rel=\"nofollow noopener\" target=\"_blank\">regulamin strony<\/a>.<br \/>\n\t\t\t\t\tRadio Wroc\u0142aw nie odpowiada za tre\u015b\u0107 komentarzy.<\/p>\n","protected":false},"excerpt":{"rendered":"Dr Pawe\u0142 Wr\u00f3blewski go\u015bciem Radia Wroc\u0142aw. Fot. RW Go\u015bciem Rozmowy Dnia w Radiu Wroc\u0142aw b\u0119dzie dr Pawe\u0142 Wr\u00f3blewski.&hellip;\n","protected":false},"author":2,"featured_media":385851,"comment_status":"","ping_status":"","sticky":false,"template":"","format":"standard","meta":{"footnotes":"","_share_on_mastodon":"0"},"categories":[51607],"tags":[53533,46049,10556,17037,42,38,40,39,41,2592,69776,69775,1853,66167],"class_list":["post-385850","post","type-post","status-publish","format-standard","has-post-thumbnail","category-wroclaw","tag-dnia","tag-dr","tag-dyrektor","tag-pawel","tag-pl","tag-poland","tag-polish","tag-polska","tag-polski","tag-rozmowa","tag-sanepidu","tag-wroblewski","tag-wroclaw","tag-wroclawskiego"],"share_on_mastodon":{"url":"https:\/\/pubeurope.com\/@pl\/116455991179759844","error":""},"_links":{"self":[{"href":"https:\/\/www.europesays.com\/pl\/wp-json\/wp\/v2\/posts\/385850","targetHints":{"allow":["GET"]}}],"collection":[{"href":"https:\/\/www.europesays.com\/pl\/wp-json\/wp\/v2\/posts"}],"about":[{"href":"https:\/\/www.europesays.com\/pl\/wp-json\/wp\/v2\/types\/post"}],"author":[{"embeddable":true,"href":"https:\/\/www.europesays.com\/pl\/wp-json\/wp\/v2\/users\/2"}],"replies":[{"embeddable":true,"href":"https:\/\/www.europesays.com\/pl\/wp-json\/wp\/v2\/comments?post=385850"}],"version-history":[{"count":0,"href":"https:\/\/www.europesays.com\/pl\/wp-json\/wp\/v2\/posts\/385850\/revisions"}],"wp:featuredmedia":[{"embeddable":true,"href":"https:\/\/www.europesays.com\/pl\/wp-json\/wp\/v2\/media\/385851"}],"wp:attachment":[{"href":"https:\/\/www.europesays.com\/pl\/wp-json\/wp\/v2\/media?parent=385850"}],"wp:term":[{"taxonomy":"category","embeddable":true,"href":"https:\/\/www.europesays.com\/pl\/wp-json\/wp\/v2\/categories?post=385850"},{"taxonomy":"post_tag","embeddable":true,"href":"https:\/\/www.europesays.com\/pl\/wp-json\/wp\/v2\/tags?post=385850"}],"curies":[{"name":"wp","href":"https:\/\/api.w.org\/{rel}","templated":true}]}}