{"id":386032,"date":"2026-04-23T23:00:16","date_gmt":"2026-04-23T23:00:16","guid":{"rendered":"https:\/\/www.europesays.com\/pl\/386032\/"},"modified":"2026-04-23T23:00:16","modified_gmt":"2026-04-23T23:00:16","slug":"kulisy-odejscia-slawomira-cenckiewicza-prezydent-tego-nie-chcial-2","status":"publish","type":"post","link":"https:\/\/www.europesays.com\/pl\/386032\/","title":{"rendered":"Kulisy odej\u015bcia S\u0142awomira Cenckiewicza. &#8222;Prezydent tego nie chcia\u0142&#8221;"},"content":{"rendered":"<p>\u2014 Pewnie Bogucki i Przydacz si\u0119 teraz ciesz\u0105, \u017ce Cenckiewicz odchodzi, ale byli za kr\u00f3tcy, \u017ceby to od nich zale\u017ca\u0142o \u2014 s\u0142yszymy od osoby znaj\u0105cej kulisy rezygnacji szefa BBN.<\/p>\n<p class=\"Paragraph_desktopParagraph__U31Gm\">S\u0142awomir Cenckiewicz w swoim o\u015bwiadczeniu twierdzi, \u017ce decyzj\u0119 o odej\u015bciu podj\u0105\u0142 &#8222;w odpowiedzialno\u015bci za pa\u0144stwo&#8221;. I obarcza win\u0105 za to rz\u0105d Donalda Tuska, kt\u00f3ry odebra\u0142 mu prawo dost\u0119pu do informacji niejawnych. Biuro Bezpiecze\u0144stwa Narodowego kierowane przez prof. Cenckiewicza utrzymywa\u0142o, \u017ce ten posiada taki dost\u0119p. Powo\u0142ywa\u0142o si\u0119 przy tym na wyrok WSA, kt\u00f3ry w czerwcu 2025 r. uchyli\u0142 decyzje SKW i KPRM o cofni\u0119ciu prof. Cenckiewiczowi po\u015bwiadcze\u0144 bezpiecze\u0144stwa.<\/p>\n<p class=\"Paragraph_desktopParagraph__U31Gm\">Wyrok nie by\u0142 jednak prawomocny, a KPRM z\u0142o\u017cy\u0142a skarg\u0119 kasacyjn\u0105 do Naczelnego S\u0105du Administracyjnego, czyli s\u0105du drugiej instancji. Ten dopiero 15 kwietnia tego roku oddali\u0142 skarg\u0119, co sam prof. Cenckiewicz nazywa\u0142 &#8222;zwyci\u0119stwem nad re\u017cimem bezprawia&#8221;. Jednak ju\u017c w\u00f3wczas Jacek Dobrzy\u0144ski, rzecznik koordynatora ds.s\u0142u\u017cb specjalnych, informowa\u0142, \u017ce decyzja NSA nie oznacza, \u017ce szef BBN uzyska pe\u0142en dost\u0119p do informacji niejawnych. &#8222;Kontrolne post\u0119powanie sprawdzaj\u0105ce musi by\u0107 prowadzone zgodnie ze wskaz\u00f3wkami s\u0105d\u00f3w&#8221; \u2014 podkre\u015bla\u0142 Dobrzy\u0144ski.<\/p>\n<p class=\"Paragraph_desktopParagraph__U31Gm\">Cenckiewicz twierdzi teraz, \u017ce jego rezygnacja to wynik tego, \u017ce wyrok NSA niczego nie zmieni\u0142 w podej\u015bciu rz\u0105dz\u0105cych do jego osoby. A jego odej\u015bcie na prawicy jest uznawane za zwyci\u0119stwo nad &#8222;re\u017cimem Donalda Tuska&#8221;.<\/p>\n<p class=\"Paragraph_desktopParagraph__U31Gm\">Moment, kt\u00f3ry na rezygnacj\u0119 wybra\u0142 prof. Cenckiewicz, nie jest przypadkowy i \u2014 jak s\u0142yszymy od os\u00f3b z jego bliskiego otoczenia, z\u0142o\u017cy\u0142o si\u0119 na to kilka czynnik\u00f3w.<\/p>\n<p>&#8222;Prezydent nie chcia\u0142, by odchodzi\u0142&#8221; <\/p>\n<p class=\"Paragraph_desktopParagraph__U31Gm\">\u2014 Prezydent Karol Nawrocki nalega\u0142, \u017ceby prof. Cenckiewicz nie rezygnowa\u0142. Nie chcia\u0142, \u017ceby odchodzi\u0142, ale profesor dosta\u0142 teraz now\u0105 rol\u0119 \u2014 m\u00f3wi nam osoba znaj\u0105ca kulisy rezygnacji szefa BBN.<\/p>\n<p class=\"Paragraph_desktopParagraph__U31Gm\"><a href=\"https:\/\/wiadomosci.onet.pl\/tylko-w-onecie\/goraco-w-palacu-prezydenckim-operacja-cenckiewicz-wstrzymana-w-ostatniej-chwili\/w0j5q9g\" id=\"b9aaf81a-1868-4be6-842f-6e3a9aa770c3\" rel=\"nofollow noopener\" target=\"_blank\">W Onecie opisywali\u015bmy jednak, \u017ce dymisja Cenckiewicza wisia\u0142a w powietrzu ju\u017c od kilku miesi\u0119cy. <\/a>Powodem mia\u0142 by\u0107 parali\u017c decyzyjny, szwankuj\u0105ca wsp\u00f3\u0142praca z MON i wojskiem, brak certyfikat\u00f3w bezpiecze\u0144stwa oraz fatalne sygna\u0142y p\u0142yn\u0105ce z Pentagonu.  O tym, \u017ce BBN potrzebuje gruntownej przebudowy prezydenta Karola Nawrockiego przekonywa\u0142 Marcin Przydacz odpowiedzialny w Kancelarii Prezydenta za polityk\u0119 mi\u0119dzynarodow\u0105. Mia\u0142 informowa\u0107 prezydenta, \u017ce ten w krytycznych sytuacjach dostaje informacje z op\u00f3\u017anieniem, bo szef BBN nie ma prawa wgl\u0105du w tajne dokumenty.<\/p>\n<p class=\"Paragraph_desktopParagraph__U31Gm\">Los Cenckiewicza by\u0142 niepewny, a otoczenie prezydenta szuka\u0142o dla niego presti\u017cowej ewakuacji. Przed dymisj\u0105 uchroni\u0142 Cenckiewicza tekst &#8222;Gazety Wyborczej&#8221; <a href=\"https:\/\/wiadomosci.onet.pl\/kraj\/burza-wokol-ankiety-bezpieczenstwa-slawomira-cenckiewicza-odpowiedza-za-to\/jpz0ljv\" id=\"f7fe4c18-031d-4e10-b1d3-ab9d62a0770a\" rel=\"nofollow noopener\" target=\"_blank\"> o rodzajach lek\u00f3w za\u017cywanych przez szefa BBN, kt\u00f3rych ten mia\u0142 nie wpisa\u0107 do ankiety bezpiecze\u0144stwa<\/a>. Z tego w\u0142a\u015bnie powodu s\u0142u\u017cby odebra\u0142y mu dost\u0119p do tajnych informacji.<\/p>\n<p class=\"Paragraph_desktopParagraph__U31Gm\">Karol Nawrocki, znany z lojalno\u015bci wobec wieloletnich przyjaci\u00f3\u0142, zareagowa\u0142 na tekst w &#8222;Wyborczej&#8221; alergicznie i uzna\u0142, \u017ce dymisja jego cz\u0142owieka w tym momencie by\u0142aby kapitulacj\u0105.<\/p>\n<p>&#8222;Byli za kr\u00f3tcy, \u017ceby przekona\u0107 prezydenta&#8221; <\/p>\n<p class=\"Paragraph_desktopParagraph__U31Gm\">To jednak nie zakopa\u0142o topora wojennego mi\u0119dzy Przydaczem i Cenckiewiczem. Z naszych informacji wynika, \u017ce w Kancelarii Prezydenta ros\u0142o napi\u0119cie zwi\u0105zane z niejasnym statusem szefa BBN. I prze\u015bwiadczenie, \u017ce pr\u0119dko nie uzyska on od s\u0142u\u017cb po\u015bwiadczenia bezpiecze\u0144stwa.<\/p>\n<p><img decoding=\"async\" class=\"Image_image__0tuHp Image_autoHeight__f2n87 \" height=\"587\" width=\"880\" src=\"https:\/\/www.europesays.com\/pl\/wp-content\/uploads\/2026\/04\/9-Ck9kpTURBXy82MjAwOWVjZDA0NThiNGU1ZDRiNDliNDMwNThhMjY0ZC5qcGeSlQLNA6wAwsOVAgDNAkvCw94AA6EwAaExAaEzw.jpeg\" alt=\"Marcin Przydacz i Zbigniew Bogucki\" loading=\"lazy\" \/>Radek Pietruszka \/ PAP<\/p>\n<p>Marcin Przydacz i Zbigniew Bogucki<\/p>\n<p class=\"Paragraph_desktopParagraph__U31Gm\">\u2014 Prof. Cenckiewicz jest ceniony przez prezydenta, ale w kancelarii nie wszyscy za nim przepadali, mia\u0142 sk\u0142onno\u015b\u0107 do wdawania si\u0119 w k\u0142\u00f3tnie. A ci\u0105g\u0142e t\u0142umaczenie si\u0119, dlaczego szef BBN nie ma potwierdzenia bezpiecze\u0144stwa, doprowadza\u0142o ministra Przydacza do sza\u0142u \u2014 s\u0142yszymy w Pa\u0142acu Prezydenckim.<\/p>\n<p class=\"Paragraph_desktopParagraph__U31Gm\">\u2014 Przydacz i Bogucki nie przepadali za Cenckiewiczem, to prawda, ale s\u0105 za kr\u00f3tcy, \u017ceby przekona\u0107 prezydenta do tego, by pozby\u0142 si\u0119 profesora. Karol Nawrocki za wiele mu zawdzi\u0119cza \u2014 m\u00f3wi nam osoba z bliskiego otoczenia prof. Cenckiewicza.<\/p>\n<p class=\"Paragraph_desktopParagraph__U31Gm\">I wspomina, \u017ce to on rekomendowa\u0142 Karola Nawrockiego na szefa Muzeum II Wojny \u015awiatowej w Gda\u0144sku, a potem na szefa Instytutu Pami\u0119ci Narodowej. To prof. Cenckiewicz mia\u0142 jako pierwszy zachwala\u0107 przed prezesem PiS Jaros\u0142awem Kaczy\u0144skim Nawrockiego jako potencjalnego kandydata tej partii na prezydenta. P\u00f3\u017aniej wszed\u0142 w sk\u0142ad jego sztabu wyborczego, b\u0119d\u0105c jego bardzo aktywnym ogniwem.<\/p>\n<p class=\"Paragraph_desktopParagraph__U31Gm\">\u2014 Karol to ch\u0142opak z gda\u0144skiego blokowiska. On nie zostawia przyjaci\u00f3\u0142 \u2014 m\u00f3wi nam dawny sztabowiec Nawrockiego. I opowiada, \u017ce po ewakuacji profesora z BBN-u szykowane s\u0105 dla niego nowe zadania.<\/p>\n<p class=\"Paragraph_desktopParagraph__U31Gm\">Prywatnie \u2014 jak s\u0142yszymy \u2014 chce si\u0119 po\u015bwi\u0119ci\u0107 pisaniu ksi\u0105\u017cek. Ale nie zamierza rezygnowa\u0107 z aktywno\u015bci politycznej. Wci\u0105\u017c b\u0119dzie przewodnicz\u0105cym Rady Bezpiecze\u0144stwa i Obronno\u015bci.<\/p>\n<p>Nowa misja na prawicy. &#8222;Nie b\u0119dzie przek\u0142ama\u0144 na linii Karol-Przemek&#8221; <\/p>\n<p class=\"Paragraph_desktopParagraph__U31Gm\">Prof. Cenckiewicz rozpoczyna tak\u017ce bli\u017csz\u0105 wsp\u00f3\u0142prac\u0119 z Przemys\u0142awem Czarnkiem, kandydatem PiS na premiera. \u2014 Tak jak pomaga\u0142 Karolowi w kampanii wyborczej, tak teraz ma wspiera\u0107 Przemka. Profesor ma olbrzymie powa\u017canie w\u015br\u00f3d wyborc\u00f3w prawicy, jest olbrzymim wsparciem dla PiS, dlatego partia na niego liczy \u2014 s\u0142yszymy w PiS.<\/p>\n<p class=\"Paragraph_desktopParagraph__U31Gm\">Cenckiewicz ma pe\u0142ni\u0107 rol\u0119 swoistego \u0142\u0105cznika mi\u0119dzy Pa\u0142acem Prezydenckim a Nowogrodzk\u0105. \u2014Nie b\u0119dzie dzi\u0119ki temu przek\u0142ama\u0144 na linii Karol-Przemek \u2014 liczy jeden z naszych rozm\u00f3wc\u00f3w z PiS.<\/p>\n<p class=\"Paragraph_desktopParagraph__U31Gm\">\u2014 Przemek szanuje prof. Cenckiewicza, maj\u0105 wsp\u00f3lny j\u0119zyk, wi\u0119c ta wsp\u00f3\u0142praca naprawd\u0119 mo\u017ce si\u0119 przyda\u0107 naszemu obozowi \u2014 m\u00f3wi nam kolejny z polityk\u00f3w PiS.<\/p>\n<p class=\"Paragraph_desktopParagraph__U31Gm\">Pose\u0142 Czarnek skomentowa\u0142 w sieci propozycj\u0119 wsp\u00f3\u0142pracy z prof. Cenckiewiczem s\u0142owami: &#8222;Bardzo dzi\u0119kuj\u0119 Profesorze za deklaracj\u0119 wsp\u00f3\u0142pracy w walce o zwyci\u0119stwo Polski. Razem do zwyci\u0119stwa!&#8221;.<\/p>\n<p>&#8222;Licz\u0119 na mniej emocji&#8221; <\/p>\n<p class=\"Paragraph_desktopParagraph__U31Gm\">Nowym szefem BBN-u zostanie gen. Andrzej Kowalski, kt\u00f3ry w czasach rz\u0105d\u00f3w PiS by\u0142 szefem S\u0142u\u017cby Wywiadu Wojskowego. W 2023 roku zosta\u0142 powo\u0142any przez Sejm na cz\u0142onka Pa\u0144stwowej Komisji do spraw badania wp\u0142yw\u00f3w rosyjskich na bezpiecze\u0144stwo wewn\u0119trzne Rzeczypospolitej Polskiej w latach 2007-2022.<\/p>\n<p class=\"Paragraph_desktopParagraph__U31Gm\">Pozytywnie na t\u0119 zmian\u0119 zareagowali jednak przedstawiciele rz\u0105du. &#8222;Zaczynamy nowy etap wsp\u00f3\u0142pracy z Biurem Bezpiecze\u0144stwa Narodowego. Licz\u0119 na mniej emocji i wi\u0119cej wsp\u00f3\u0142pracy na rzecz bezpiecze\u0144stwa naszego kraju. Jestem otwarty, by ta wsp\u00f3\u0142praca by\u0142a merytoryczna i prowadzi\u0142a do wzmacniania si\u0142y i odporno\u015bci Polski!&#8221; \u2014 napisa\u0142 szef MON W\u0142adys\u0142aw Kosiniak-Kamysz.<\/p>\n","protected":false},"excerpt":{"rendered":"\u2014 Pewnie Bogucki i Przydacz si\u0119 teraz ciesz\u0105, \u017ce Cenckiewicz odchodzi, ale byli za kr\u00f3tcy, \u017ceby to od&hellip;\n","protected":false},"author":2,"featured_media":386033,"comment_status":"","ping_status":"","sticky":false,"template":"","format":"standard","meta":{"footnotes":"","_share_on_mastodon":"0"},"categories":[62712],"tags":[56,787,3866,244,66,67,690,240,53,52,68,51,55,47,2739,50,26],"class_list":["post-386032","post","type-post","status-publish","format-standard","has-post-thumbnail","category-karol-nawrocki","tag-article_premium","tag-bbn","tag-biuro_bezpieczenstwa_narodowego","tag-ctr_tst","tag-give_me_perspective","tag-intextvideo_splayer","tag-karol-nawrocki","tag-karol_nawrocki_prezydent","tag-new_header","tag-onet3","tag-onet3d","tag-onet3d_2i","tag-phx","tag-screening_general","tag-slawomir_cenckiewicz","tag-v2021","tag-wiadomosci"],"share_on_mastodon":{"url":"https:\/\/pubeurope.com\/@pl\/116456510390694744","error":""},"_links":{"self":[{"href":"https:\/\/www.europesays.com\/pl\/wp-json\/wp\/v2\/posts\/386032","targetHints":{"allow":["GET"]}}],"collection":[{"href":"https:\/\/www.europesays.com\/pl\/wp-json\/wp\/v2\/posts"}],"about":[{"href":"https:\/\/www.europesays.com\/pl\/wp-json\/wp\/v2\/types\/post"}],"author":[{"embeddable":true,"href":"https:\/\/www.europesays.com\/pl\/wp-json\/wp\/v2\/users\/2"}],"replies":[{"embeddable":true,"href":"https:\/\/www.europesays.com\/pl\/wp-json\/wp\/v2\/comments?post=386032"}],"version-history":[{"count":0,"href":"https:\/\/www.europesays.com\/pl\/wp-json\/wp\/v2\/posts\/386032\/revisions"}],"wp:featuredmedia":[{"embeddable":true,"href":"https:\/\/www.europesays.com\/pl\/wp-json\/wp\/v2\/media\/386033"}],"wp:attachment":[{"href":"https:\/\/www.europesays.com\/pl\/wp-json\/wp\/v2\/media?parent=386032"}],"wp:term":[{"taxonomy":"category","embeddable":true,"href":"https:\/\/www.europesays.com\/pl\/wp-json\/wp\/v2\/categories?post=386032"},{"taxonomy":"post_tag","embeddable":true,"href":"https:\/\/www.europesays.com\/pl\/wp-json\/wp\/v2\/tags?post=386032"}],"curies":[{"name":"wp","href":"https:\/\/api.w.org\/{rel}","templated":true}]}}