{"id":386200,"date":"2026-04-24T01:16:12","date_gmt":"2026-04-24T01:16:12","guid":{"rendered":"https:\/\/www.europesays.com\/pl\/386200\/"},"modified":"2026-04-24T01:16:12","modified_gmt":"2026-04-24T01:16:12","slug":"wladimir-putin-zaproszony-na-szczyt-g20-w-miami-donald-trump-reaguje","status":"publish","type":"post","link":"https:\/\/www.europesays.com\/pl\/386200\/","title":{"rendered":"W\u0142adimir Putin zaproszony na szczyt G20 w Miami? Donald Trump reaguje"},"content":{"rendered":"<p class=\"Paragraph_desktopParagraph__U31Gm\">Dziennik &#8222;Washington Post&#8221; napisa\u0142 wcze\u015bniej, powo\u0142uj\u0105c si\u0119 na przedstawicieli ameryka\u0144skich w\u0142adz, \u017ce Trump zamierza zaprosi\u0107 rosyjskiego przyw\u00f3dc\u0119 na szczyt G20, kt\u00f3ry ma odby\u0107 si\u0119 w grudniu w Miami na Florydzie.<\/p>\n<p class=\"Paragraph_desktopParagraph__U31Gm\">Wysoki rang\u0105 przedstawiciel administracji USA przekaza\u0142 mediom, w tym PAP, \u017ce &#8222;nie skierowano jeszcze oficjalnych zaprosze\u0144, ale Rosja jest cz\u0142onkiem G20 i b\u0119dzie zaproszona na spotkania ministerialne i szczyt lider\u00f3w&#8221;.<\/p>\n<p class=\"VideoPlayerText_videoPlayerText__iDwyz\">Dalszy ci\u0105g materia\u0142u pod wideo<\/p>\n<p class=\"Paragraph_desktopParagraph__U31Gm\">Wcze\u015bniej wiceminister spraw zagranicznych Rosji Aleksandr Pankin powiadomi\u0142 dziennikarzy, \u017ce Rosja zosta\u0142a zaproszona na szczyt G20 &#8222;na najwy\u017cszym szczeblu&#8221;. Zaznaczy\u0142, \u017ce Moskwa potwierdzi, kto b\u0119dzie j\u0105 reprezentowa\u0142 w p\u00f3\u017aniejszym czasie.<\/p>\n<p class=\"Paragraph_desktopParagraph__U31Gm\">Trump powiedzia\u0142 natomiast prasie w Gabinecie Owalnym, \u017ce nie wie nic o tym zaproszeniu. Podkre\u015bli\u0142, \u017ce jest otwarty na rozmowy z ka\u017cdym. \u2014 Gdyby [Putin] przyby\u0142, to zapewne by\u0142oby bardzo pomocne \u2014 doda\u0142. Podkre\u015bli\u0142 jednak, \u017ce w\u0105tpi, by tak si\u0119 sta\u0142o.<\/p>\n<p class=\"Paragraph_desktopParagraph__U31Gm\">Rosyjski przyw\u00f3dca \u015bcigany jest przez Mi\u0119dzynarodowy Trybuna\u0142 Karny (MTK). USA nie s\u0105 stron\u0105 Statutu Rzymskiego, na mocy kt\u00f3rego powo\u0142ano w 2002 r. MTK. W sierpniu ubieg\u0142ego roku Trump spotka\u0142 si\u0119 z Putinem na Alasce.<\/p>\n<p>Polska z zaproszeniem na G20 <\/p>\n<p class=\"Paragraph_desktopParagraph__U31Gm\">USA sprawuj\u0105 w tym roku przewodnictwo w G20. Donald Trump b\u0119dzie gospodarzem szczytu lider\u00f3w w dniach 14-15 grudnia 2026 r. w o\u015brodku Trump National Doral Miami na Florydzie. Na pocz\u0105tku wrze\u015bnia<a href=\"https:\/\/wiadomosci.onet.pl\/swiat\/karol-nawrocki-przekazal-dobra-wiadomosc-polska-zaproszona-na-szczyt-g20\/22q066j\" id=\"48f4d377-e4b2-4642-be3e-6d3c29ff2ef8\" rel=\"nofollow noopener\" target=\"_blank\"> prezydent Karol Nawrocki poinformowa\u0142 podczas wizyty w Waszyngtonie, \u017ce prezydent USA zaprosi\u0142 go na szczyt.<\/a><\/p>\n<p class=\"Paragraph_desktopParagraph__U31Gm\">Polska w tym roku uczestniczy w spotkaniach G20 \u2014 zar\u00f3wno w kwietniu na szczeblu ministr\u00f3w finans\u00f3w i szef\u00f3w bank\u00f3w centralnych, jak i w grudniowym szczycie przyw\u00f3dc\u00f3w \u2014 de facto zast\u0119puj\u0105c RPA, mimo \u017ce RPA nadal jest formalnym cz\u0142onkiem grupy. Sta\u0142o si\u0119 tak za spraw\u0105 decyzji USA, kt\u00f3re nie zaprosi\u0142y afryka\u0144skiego pa\u0144stwa na spotkania ze wzgl\u0119du na sp\u00f3r o los bia\u0142ych rolnik\u00f3w w tym kraju i oskar\u017cenia Waszyngtonu o rzekome ich &#8222;ludob\u00f3jstwo&#8221;. Wcze\u015bniej polscy ministrowie brali udzia\u0142 w spotkaniach G20, lecz w charakterze specjalnie zaproszonych go\u015bci.<\/p>\n","protected":false},"excerpt":{"rendered":"Dziennik &#8222;Washington Post&#8221; napisa\u0142 wcze\u015bniej, powo\u0142uj\u0105c si\u0119 na przedstawicieli ameryka\u0144skich w\u0142adz, \u017ce Trump zamierza zaprosi\u0107 rosyjskiego przyw\u00f3dc\u0119 na&hellip;\n","protected":false},"author":2,"featured_media":386201,"comment_status":"","ping_status":"","sticky":false,"template":"","format":"standard","meta":{"footnotes":"","_share_on_mastodon":"0"},"categories":[14],"tags":[64980,32,33,44,58,1128,27,67,240,34,35,28,31,53,25,52,68,51,55,40,41,62,47,80,29,30,65,50,26,82,83,84],"class_list":["post-386200","post","type-post","status-publish","format-standard","has-post-thumbnail","category-swiat","tag-benefit_tst2","tag-breaking-news","tag-breakingnews","tag-donald_trump","tag-donald_trump_prezydent_usa","tag-g20","tag-headlines","tag-intextvideo_splayer","tag-karol_nawrocki_prezydent","tag-latest-news","tag-latestnews","tag-naglowki","tag-najwazniejsze-artykuly","tag-new_header","tag-news","tag-onet3","tag-onet3d","tag-onet3d_2i","tag-phx","tag-polish","tag-polski","tag-rosja_kraj_rosjanin_rosjanie_rosjanka_rosjanki","tag-screening_general","tag-swiat","tag-top-stories","tag-topstories","tag-update_me","tag-v2021","tag-wiadomosci","tag-world","tag-world-news","tag-worldnews"],"share_on_mastodon":{"url":"","error":"Validation failed: Text character limit of 500 exceeded"},"_links":{"self":[{"href":"https:\/\/www.europesays.com\/pl\/wp-json\/wp\/v2\/posts\/386200","targetHints":{"allow":["GET"]}}],"collection":[{"href":"https:\/\/www.europesays.com\/pl\/wp-json\/wp\/v2\/posts"}],"about":[{"href":"https:\/\/www.europesays.com\/pl\/wp-json\/wp\/v2\/types\/post"}],"author":[{"embeddable":true,"href":"https:\/\/www.europesays.com\/pl\/wp-json\/wp\/v2\/users\/2"}],"replies":[{"embeddable":true,"href":"https:\/\/www.europesays.com\/pl\/wp-json\/wp\/v2\/comments?post=386200"}],"version-history":[{"count":0,"href":"https:\/\/www.europesays.com\/pl\/wp-json\/wp\/v2\/posts\/386200\/revisions"}],"wp:featuredmedia":[{"embeddable":true,"href":"https:\/\/www.europesays.com\/pl\/wp-json\/wp\/v2\/media\/386201"}],"wp:attachment":[{"href":"https:\/\/www.europesays.com\/pl\/wp-json\/wp\/v2\/media?parent=386200"}],"wp:term":[{"taxonomy":"category","embeddable":true,"href":"https:\/\/www.europesays.com\/pl\/wp-json\/wp\/v2\/categories?post=386200"},{"taxonomy":"post_tag","embeddable":true,"href":"https:\/\/www.europesays.com\/pl\/wp-json\/wp\/v2\/tags?post=386200"}],"curies":[{"name":"wp","href":"https:\/\/api.w.org\/{rel}","templated":true}]}}