{"id":386509,"date":"2026-04-24T05:12:35","date_gmt":"2026-04-24T05:12:35","guid":{"rendered":"https:\/\/www.europesays.com\/pl\/386509\/"},"modified":"2026-04-24T05:12:35","modified_gmt":"2026-04-24T05:12:35","slug":"lepas-wchodzi-do-polski-pokaz-przed-debiutem","status":"publish","type":"post","link":"https:\/\/www.europesays.com\/pl\/386509\/","title":{"rendered":"LEPAS wchodzi do Polski. Pokaz przed debiutem"},"content":{"rendered":"<p>Nowa marka koncernu Chery po raz pierwszy debiutuje w Polsce podczas Pozna\u0144 Motor Show 2026. Oficjalna sprzeda\u017c ma ruszy\u0107 jesieni\u0105 2026 roku. Zobacz tak\u017ce <a _ngcontent-ng-c381477669=\"\" class=\"bjt\" href=\"https:\/\/www.samar.pl\/wiadomosci\/gwm-wraca-do-europy-polska-w-planach-2026\" jsaction=\"click:;\" rel=\"nofollow noopener\" target=\"_blank\"> Great Wall Motor wraca do Europy. Polska ju\u017c w lipcu <\/a><a _ngcontent-ng-c381477669=\"\" class=\"bjt\" href=\"https:\/\/www.samar.pl\/wiadomosci\/chery-ekspansja-produkcja-europa-partnerstwa-2026\" jsaction=\"click:;\" rel=\"nofollow noopener\" target=\"_blank\"> Chery chce produkowa\u0107 samochody w Europie. Chi\u0144ska marka szuka partner\u00f3w <\/a><a _ngcontent-ng-c381477669=\"\" class=\"bjt\" href=\"https:\/\/www.samar.pl\/wiadomosci\/marka-cheryotworzyla-nowe-centrum-operacyjnym-w-barcelonie-2026\" jsaction=\"click:;\" rel=\"nofollow noopener\" target=\"_blank\"> Chery z nowym centrum operacyjnym w Barcelonie. Ro\u015bnie rola Polski <\/a>false<br \/>\n<img _ngcontent-ng-c4265292256=\"\" loading=\"lazy\" decoding=\"async\" itemprop=\"image\" class=\"img kq\" alt=\"\u00a9Lepas\" src=\"https:\/\/flib.samar.pl\/900\/900\/970981a8ce5789265c80.webp\"\/>\u00a9 Lepas<\/p>\n<p _ngcontent-ng-c1159061370=\"\" class=\"\">Na targach Pozna\u0144 Motor Show 2026 debiutuje w Polsce nowa marka z portfolio chi\u0144skiego <a href=\"https:\/\/www.samar.pl\/wiadomosci\/chery-ekspansja-produkcja-europa-partnerstwa-2026\" rel=\"nofollow noopener\" target=\"_blank\">koncernu Chery<\/a> \u2013 <a href=\"https:\/\/autokatalog.pl\/blog\/2026\/lepas-zapowiedz-premiery-wyspy-brytyjskie\" rel=\"nofollow noopener\" target=\"_blank\">LEPAS<\/a>. Nie b\u0119dzie to jednak pe\u0142noprawna premiera rynkowa, lecz zaplanowany wcze\u015bniej pokaz przed wej\u015bciem do sprzeda\u017cy, kt\u00f3re przewidziano na jesie\u0144 2026 roku. Producent wyra\u017anie rozdziela etap budowania rozpoznawalno\u015bci marki od w\u0142a\u015bciwego startu rynkowego. Obecno\u015b\u0107 w Poznaniu ma by\u0107 pierwszym kontaktem z klientami i okazj\u0105 do zebrania opinii jeszcze przed uruchomieniem sprzeda\u017cy.<\/p>\n<p>Dwa modele na start<\/p>\n<p _ngcontent-ng-c1159061370=\"\" class=\"\">Na stoisku pojawi\u0105 si\u0119 dwa samochody: LEPAS L6 i LEPAS L8. To one maj\u0105 wyznacza\u0107 kierunek dla marki \u2013 nacisk po\u0142o\u017cono przede wszystkim na stylistyk\u0119 i wyr\u00f3\u017cnienie si\u0119 na tle konkurencji. Producent zapowiada wyraziste projekty nadwozi i odwa\u017cn\u0105 kolorystyk\u0119, co sugeruje pr\u00f3b\u0119 trafienia do klient\u00f3w szukaj\u0105cych bardziej emocjonalnego ni\u017c u\u017cytkowego charakteru auta.<\/p>\n<p _ngcontent-ng-c1159061370=\"\" class=\"\">Na razie nie podano szczeg\u00f3\u0142\u00f3w technicznych ani wersji nap\u0119dowych \u2013 komunikacja produktowa zosta\u0142a ograniczona do minimum.<\/p>\n<p>false<br \/>\n<img _ngcontent-ng-c4265292256=\"\" loading=\"lazy\" decoding=\"async\" itemprop=\"image\" class=\"img kq\" alt=\"\u00a9Lepas\" src=\"https:\/\/flib.samar.pl\/900\/900\/97098293fe96458715380.webp\"\/>\u00a9 LepasKolejna marka w ofensywie Chery<\/p>\n<p _ngcontent-ng-c1159061370=\"\" class=\"\">Wprowadzenie LEPAS to element szerszej strategii Chery, kt\u00f3ry konsekwentnie rozbudowuje swoje portfolio marek na rynkach zagranicznych. Nowa brand ma pe\u0142ni\u0107 rol\u0119 bardziej designerskiej i aspiracyjnej propozycji w ofercie koncernu.\u00a0<a href=\"https:\/\/www.samar.pl\/wiadomosci\/poznan-motor-show-2025\" rel=\"nofollow noopener\" target=\"_blank\">Pozna\u0144skie targi<\/a> b\u0119d\u0105 wi\u0119c pocz\u0105tkiem obecno\u015bci LEPAS w Polsce, ale kluczowy etap \u2013 wej\u015bcie do sprzeda\u017cy i budowa sieci \u2013 dopiero przed mark\u0105.<\/p>\n","protected":false},"excerpt":{"rendered":"Nowa marka koncernu Chery po raz pierwszy debiutuje w Polsce podczas Pozna\u0144 Motor Show 2026. Oficjalna sprzeda\u017c ma&hellip;\n","protected":false},"author":2,"featured_media":386510,"comment_status":"","ping_status":"","sticky":false,"template":"","format":"standard","meta":{"footnotes":"","_share_on_mastodon":"0"},"categories":[51609],"tags":[1830,69951,647,69952,42,38,40,39,41,1817,69942,649,69944],"class_list":["post-386509","post","type-post","status-publish","format-standard","has-post-thumbnail","category-poznan","tag-chery","tag-chery-automobile","tag-debiut","tag-lepas","tag-pl","tag-poland","tag-polish","tag-polska","tag-polski","tag-poznan","tag-poznan-motor-show-2026","tag-premiera","tag-targi-poznan-motor-show"],"share_on_mastodon":{"url":"https:\/\/pubeurope.com\/@pl\/116457973150918104","error":""},"_links":{"self":[{"href":"https:\/\/www.europesays.com\/pl\/wp-json\/wp\/v2\/posts\/386509","targetHints":{"allow":["GET"]}}],"collection":[{"href":"https:\/\/www.europesays.com\/pl\/wp-json\/wp\/v2\/posts"}],"about":[{"href":"https:\/\/www.europesays.com\/pl\/wp-json\/wp\/v2\/types\/post"}],"author":[{"embeddable":true,"href":"https:\/\/www.europesays.com\/pl\/wp-json\/wp\/v2\/users\/2"}],"replies":[{"embeddable":true,"href":"https:\/\/www.europesays.com\/pl\/wp-json\/wp\/v2\/comments?post=386509"}],"version-history":[{"count":0,"href":"https:\/\/www.europesays.com\/pl\/wp-json\/wp\/v2\/posts\/386509\/revisions"}],"wp:featuredmedia":[{"embeddable":true,"href":"https:\/\/www.europesays.com\/pl\/wp-json\/wp\/v2\/media\/386510"}],"wp:attachment":[{"href":"https:\/\/www.europesays.com\/pl\/wp-json\/wp\/v2\/media?parent=386509"}],"wp:term":[{"taxonomy":"category","embeddable":true,"href":"https:\/\/www.europesays.com\/pl\/wp-json\/wp\/v2\/categories?post=386509"},{"taxonomy":"post_tag","embeddable":true,"href":"https:\/\/www.europesays.com\/pl\/wp-json\/wp\/v2\/tags?post=386509"}],"curies":[{"name":"wp","href":"https:\/\/api.w.org\/{rel}","templated":true}]}}