{"id":386651,"date":"2026-04-24T06:49:09","date_gmt":"2026-04-24T06:49:09","guid":{"rendered":"https:\/\/www.europesays.com\/pl\/386651\/"},"modified":"2026-04-24T06:49:09","modified_gmt":"2026-04-24T06:49:09","slug":"tak-dzis-wyglada-89-letni-jack-nicholson-corka-zamiescila-zdjecie-onet","status":"publish","type":"post","link":"https:\/\/www.europesays.com\/pl\/386651\/","title":{"rendered":"Tak dzi\u015b wygl\u0105da 89-letni Jack Nicholson. C\u00f3rka zamie\u015bci\u0142a zdj\u0119cie &#8211; Onet"},"content":{"rendered":"<ol>\n<li><a href=\"https:\/\/news.google.com\/rss\/articles\/CBMitwFBVV95cUxNbkNLb3lGcU4xSEt0NUYwS1NKSzVoYnkwWHJGSkc5OHBISTBpMzdFcXBJamw3ZGJWT1loOG43b2FXR3VSQ3NwWHlaRFpBaTBDY1J0ZW9HalZnZjhybFZ0NHhrc2hrQ3k1NDVNRXdQUjJ3WUdRN0xUeExxMUNXZjJGWEZ2UDZKLW9zWkZoaHBFUExEQTJXdUx5a1lRM2FLMjN3el8zbHNQQ2lQUzlvSEJkX29vQ0NSaVE?oc=5\" target=\"_blank\" rel=\"nofollow noopener\">Tak dzi\u015b wygl\u0105da 89-letni Jack Nicholson. C\u00f3rka zamie\u015bci\u0142a zdj\u0119cie<\/a>&nbsp;&nbsp;Onet<\/li>\n<li><a href=\"https:\/\/news.google.com\/rss\/articles\/CBMiwwFBVV95cUxOallzS1JsMHZLSjIxT3lYZ1kzbV9kMy14elBnZERvWjh4WXpaSEE5NG1JdzZ6Y1RMVGo4ckU5WmNLeHlVa2IzYUMycE1GNTVsTVNSM3Z0V19FV3k3X0FQVEE4RkRhMUFWc2gwQUVGaUd3SEg1YUdMRXZrMnNhU1lObGdNVlFGQXkzTlNMN185UjA2STItenlLU1pUNl84bkdpVHp2dXdoUWZEcWZKNFg0emY1bkhpZGdBWXRrQ1J6RUFja1k?oc=5\" target=\"_blank\" rel=\"nofollow noopener\">Tajemnice Bad Boy Drive. Jack Nicholson przed laty by\u0142 kr\u00f3lem Hollywood<\/a>&nbsp;&nbsp;WP Film<\/li>\n<li><a href=\"https:\/\/news.google.com\/rss\/articles\/CBMisAFBVV95cUxPU1BENkEyMGtBQjJuZzVYcm9aQWtaTTRNV0JHd1NncW4zN21QV3JjNkV4Uk5xdDBQd3hlOTZnWjA0VTF2bi1iTmhFdmxvZy1ESVN1cFhYckp1bDNpWUlSSHhDV2w4aVlaRkJGQU5yT2FTbmxxRlctdUFXY2xlcHhUNDNiMjV4VEhlaHN4T05taVpKM3BXcjBvdXdPZFhacWhuY1dIczVCVlJmNVBIOUpsdw?oc=5\" target=\"_blank\" rel=\"nofollow noopener\">Mistrz ko\u0144czy dzi\u015b 89 lat. Ma\u0142o kto pami\u0119ta, za co ma swoje 3 Oscary<\/a>&nbsp;&nbsp;Radio zet Rozrywka<\/li>\n<li><a href=\"https:\/\/news.google.com\/rss\/articles\/CBMimwFBVV95cUxQNVI3M3JKWTJSaEYwS2F6UHBXeFNZa3lCQUNXUk03MEFtQ2dpWFVsalpLaGNNdVcxVGVubkF6M1BfZnQyZ2ZZY283NS14cU5HMlNDcnBTdFhEdk9TUkRBZ2tGZmo4Q19vZDNxVDh1QTVId0RkVDB4QWxLdzc3clRnSlZ2NlBGaEVVV0hpaVUzZFR4U3FFLWRoMVFVVQ?oc=5\" target=\"_blank\" rel=\"nofollow noopener\">Rodzinne sekrety Jacka Nicholsona. Siostra okaza\u0142a si\u0119 jego matk\u0105&#8230;<\/a>&nbsp;&nbsp;Fakt<\/li>\n<li><a href=\"https:\/\/news.google.com\/rss\/articles\/CBMirAFBVV95cUxOMV9TeHFqbW1TSC1RNU0tRE1RN0VZVEdKenFkMjdpbTlNbUlWUkFTU1JZSThKVEs0enphY2JaQTBTblVfM0diUWlZVFE4M1JEOHhudlNaN3ZVSWdXb0p6eUlNal9zSF93QzJid1g4cDFxUGpNM2VYZDB6OGplSHBQNV85MlFkN3dBTGpmQUhDaGlHdlU4el9ubWZaRVRrZFNtZGhQc0dYMm5VR3dG?oc=5\" target=\"_blank\" rel=\"nofollow noopener\">89-letni Jack Nicholson unika kamer. Ostatni raz pojawi\u0142 si\u0119 w wyj\u0105tkowym miejscu<\/a>&nbsp;&nbsp;Plejada<\/li>\n<\/ol>\n","protected":false},"excerpt":{"rendered":"Tak dzi\u015b wygl\u0105da 89-letni Jack Nicholson. C\u00f3rka zamie\u015bci\u0142a zdj\u0119cie&nbsp;&nbsp;Onet Tajemnice Bad Boy Drive. Jack Nicholson przed laty by\u0142&hellip;\n","protected":false},"author":2,"featured_media":386652,"comment_status":"","ping_status":"","sticky":false,"template":"","format":"standard","meta":{"footnotes":"","_share_on_mastodon":"0"},"categories":[22],"tags":[122,808,67,68903,70012,8426,53,52,68,51,55,42,38,40,39,41,123,47,196,65,50],"class_list":["post-386651","post","type-post","status-publish","format-standard","has-post-thumbnail","category-rozrywka","tag-entertainment","tag-film_filmy_kino_kinematografia_aktorka_aktor_aktorzy_aktorki_rezyserzy","tag-intextvideo_splayer","tag-jack_nicholson","tag-joni_mitchell_piosenkarka","tag-najnowsze","tag-new_header","tag-onet3","tag-onet3d","tag-onet3d_2i","tag-phx","tag-pl","tag-poland","tag-polish","tag-polska","tag-polski","tag-rozrywka","tag-screening_general","tag-styl_zycia","tag-update_me","tag-v2021"],"share_on_mastodon":{"url":"https:\/\/pubeurope.com\/@pl\/116458354628679801","error":""},"_links":{"self":[{"href":"https:\/\/www.europesays.com\/pl\/wp-json\/wp\/v2\/posts\/386651","targetHints":{"allow":["GET"]}}],"collection":[{"href":"https:\/\/www.europesays.com\/pl\/wp-json\/wp\/v2\/posts"}],"about":[{"href":"https:\/\/www.europesays.com\/pl\/wp-json\/wp\/v2\/types\/post"}],"author":[{"embeddable":true,"href":"https:\/\/www.europesays.com\/pl\/wp-json\/wp\/v2\/users\/2"}],"replies":[{"embeddable":true,"href":"https:\/\/www.europesays.com\/pl\/wp-json\/wp\/v2\/comments?post=386651"}],"version-history":[{"count":0,"href":"https:\/\/www.europesays.com\/pl\/wp-json\/wp\/v2\/posts\/386651\/revisions"}],"wp:featuredmedia":[{"embeddable":true,"href":"https:\/\/www.europesays.com\/pl\/wp-json\/wp\/v2\/media\/386652"}],"wp:attachment":[{"href":"https:\/\/www.europesays.com\/pl\/wp-json\/wp\/v2\/media?parent=386651"}],"wp:term":[{"taxonomy":"category","embeddable":true,"href":"https:\/\/www.europesays.com\/pl\/wp-json\/wp\/v2\/categories?post=386651"},{"taxonomy":"post_tag","embeddable":true,"href":"https:\/\/www.europesays.com\/pl\/wp-json\/wp\/v2\/tags?post=386651"}],"curies":[{"name":"wp","href":"https:\/\/api.w.org\/{rel}","templated":true}]}}