{"id":387070,"date":"2026-04-24T10:55:08","date_gmt":"2026-04-24T10:55:08","guid":{"rendered":"https:\/\/www.europesays.com\/pl\/387070\/"},"modified":"2026-04-24T10:55:08","modified_gmt":"2026-04-24T10:55:08","slug":"jak-przetrwac-zagrozenie-wroclaw-szkoli-uczniow-z-sytuacji-kryzysowych","status":"publish","type":"post","link":"https:\/\/www.europesays.com\/pl\/387070\/","title":{"rendered":"Jak przetrwa\u0107 zagro\u017cenie? Wroc\u0142aw szkoli uczni\u00f3w z sytuacji kryzysowych"},"content":{"rendered":"<p>Gmina Wroc\u0142aw zako\u0144czy\u0142a w\u0142a\u015bnie pilota\u017c i wprowadza do wroc\u0142awskich plac\u00f3wek program szkole\u0144 z zakresu scenariuszy kryzysowych.<\/p>\n<p>Fot: Beata Makowska\/ Radio Wroc\u0142aw<\/p>\n<p>Wroc\u0142aw wprowadza do szk\u00f3\u0142 ponadpodstawowych program szkole\u0144 z reagowania na sytuacje kryzysowe. Uczniowie ucz\u0105 si\u0119 m.in. samoobrony, pierwszej pomocy oraz zasad post\u0119powania w przypadku zagro\u017cenia. Pilota\u017c zako\u0144czy\u0142 si\u0119 sukcesem, dlatego miasto rozszerza projekt na kolejne plac\u00f3wki.<\/p>\n<p style=\"text-align: justify;\">Wroc\u0142awscy uczniowie szk\u00f3\u0142 ponadpodstawowych b\u0119d\u0105 mieli szanse szkoli\u0107 si\u0119 z samoobrony, udzielania pierwszej pomocy i z tego jak unikn\u0105\u0107 niebezpiecze\u0144stwa i r\u00f3\u017cnych zagro\u017ce\u0144, oraz jak zachowywa\u0107 si\u0119 kiedy ju\u017c stanie si\u0119 co\u015b z\u0142ego.<\/p>\n<p style=\"text-align: justify;\">Gmina Wroc\u0142aw zako\u0144czy\u0142a w\u0142a\u015bnie pilota\u017c i wprowadza do wroc\u0142awskich plac\u00f3wek program szkole\u0144 z zakresu scenariuszy kryzysowych.\u00a0Wczoraj\u00a0w Zespole Szk\u00f3\u0142 nr 3 we Wroc\u0142awiu uczniowie \u0107wiczyli mi\u0119dzy innymi jak zachowywa\u0107 si\u0119, gdy do budynku wtargnie niebezpieczny napastnik, jak reagowa\u0107 podczas og\u0142oszenia r\u00f3\u017cnych alarm\u00f3w, i co zrobi\u0107 z podejrzan\u0105 przesy\u0142k\u0105. &#8211; Szko\u0142a to odpowiednie miejsce do zdobywania tej wiedzy &#8211; powiedzia\u0142 \u0141ukasz \u017buberek, szkoleniowiec, ekspert od samoobrony:<\/p>\n<p style=\"text-align: justify;\">&#8211; Szko\u0142a to nie jest tylko miejsce w kt\u00f3rym uczniowie zdobywaj\u0105 wiedz\u0119, ale to jest te\u017c miejsce w kt\u00f3rym uczniowie powinni czu\u0107 si\u0119 bezpiecznie. Dlatego zale\u017cy nam na tym, aby w formie takiej pigu\u0142ki przekaza\u0107 im tak\u0105 podstawow\u0105 wiedz\u0119, jak reagowa\u0107 na r\u00f3\u017cnego rodzaju sytuacje kryzysowe.<\/p>\n<p style=\"text-align: justify;\">\n<p>&#13;<br \/>\n\t\t\t\t\t\t\t\t\t\tAby ods\u0142ucha\u0107 za\u0142\u0105czonego d\u017awi\u0119ku zaktualizuj przegl\u0105dark\u0119 lub\/i wtyczk\u0119 Adobe Flash Player.&#13;\n\t\t\t\t\t\t\t\t\t<\/p>\n<\/p>\n<p>Wielu uczni\u00f3w do\u015bwiadczy\u0142o niebezpiecze\u0144stw<\/p>\n<p style=\"text-align: justify;\">Uczniowie, kt\u00f3rzy brali udzia\u0142 w szkoleniu przyznaj\u0105 \u017ce to potrzebna wiedza, bo niebezpiecze\u0144stwo mo\u017ce spotka\u0107 ich w r\u00f3\u017cnym miejscu. Niekt\u00f3rzy sami ju\u017c byli w takich sytuacjach:<\/p>\n<p style=\"text-align: justify;\">&#8211; Zosta\u0142am zamkni\u0119ta w taks\u00f3wce gdy wraca\u0142am z imprezy ze znajomymi. By\u0142am sama, w torebce mia\u0142am kastet. Napastnik si\u0119 troch\u0119 wystraszy\u0142, zacz\u0119\u0142am uderza\u0107 w szyby.<br \/>&#8211; Aby obroni\u0107 siebie przed takimi sytuacjami, kt\u00f3re mog\u0105 zagrozi\u0107, rzeczywi\u015bcie.<br \/>&#8211; Warto to ca\u0142y czas powtarza\u0107 jak najcz\u0119\u015bciej, \u017ceby pami\u0119ta\u0107.<\/p>\n<p>&#13;<br \/>\n\t\t\t\t\t\t\t\t\t\tAby ods\u0142ucha\u0107 za\u0142\u0105czonego d\u017awi\u0119ku zaktualizuj przegl\u0105dark\u0119 lub\/i wtyczk\u0119 Adobe Flash Player.&#13;\n\t\t\t\t\t\t\t\t\t<\/p>\n<p>Frekwencja dopisa\u0142a<\/p>\n<p style=\"text-align: justify;\">Jak m\u00f3wi Filip Marek &#8211; dyrektor Zespo\u0142u Szk\u00f3\u0142 nr 3 we Wroc\u0142awiu &#8211; entuzjazm do uczestniczenia w szkoleniach jest zar\u00f3wno w\u015br\u00f3d uczni\u00f3w jak i u rodzic\u00f3w:<\/p>\n<p style=\"text-align: justify;\">&#8211; To jest oferta dodatkowych szkole\u0144, wi\u0119c gdyby, ona si\u0119 u nas powt\u00f3rzy\u0142a, to oczywi\u015bcie kolejna grupa uczni\u00f3w zostanie przeszkolona. Nie spotka\u0142em si\u0119 z sytuacja, aby rodzic zrezygnowa\u0142 z tego, aby ucze\u0144 bra\u0142 udzia\u0142 w szkoleniu z zakresu bezpiecze\u0144stwa.<\/p>\n<p style=\"text-align: justify;\">\n<p>&#13;<br \/>\n\t\t\t\t\t\t\t\t\t\tAby ods\u0142ucha\u0107 za\u0142\u0105czonego d\u017awi\u0119ku zaktualizuj przegl\u0105dark\u0119 lub\/i wtyczk\u0119 Adobe Flash Player.&#13;\n\t\t\t\t\t\t\t\t\t<\/p>\n<\/p>\n<p style=\"text-align: justify;\">Projekt &#8222;Bezpieczny Wroc\u0142aw&#8221; jest pioniersk\u0105 inicjatyw\u0105 samorz\u0105dow\u0105 na skal\u0119 kraju. Szko\u0142y mog\u0105 prowadzi\u0107 szkolenia jako zaj\u0119cia dodatkowe.<\/p>\n","protected":false},"excerpt":{"rendered":"Gmina Wroc\u0142aw zako\u0144czy\u0142a w\u0142a\u015bnie pilota\u017c i wprowadza do wroc\u0142awskich plac\u00f3wek program szkole\u0144 z zakresu scenariuszy kryzysowych. Fot: Beata&hellip;\n","protected":false},"author":2,"featured_media":387071,"comment_status":"","ping_status":"","sticky":false,"template":"","format":"standard","meta":{"footnotes":"","_share_on_mastodon":"0"},"categories":[51607],"tags":[55260,70134,42,38,40,39,41,70131,70133,70132,68440,1853,44413,18455],"class_list":["post-387070","post","type-post","status-publish","format-standard","has-post-thumbnail","category-wroclaw","tag-jak","tag-kryzysowych","tag-pl","tag-poland","tag-polish","tag-polska","tag-polski","tag-przetrwac","tag-sytuacji","tag-szkoli","tag-uczniow","tag-wroclaw","tag-z","tag-zagrozenie"],"share_on_mastodon":{"url":"https:\/\/pubeurope.com\/@pl\/116459321901917141","error":""},"_links":{"self":[{"href":"https:\/\/www.europesays.com\/pl\/wp-json\/wp\/v2\/posts\/387070","targetHints":{"allow":["GET"]}}],"collection":[{"href":"https:\/\/www.europesays.com\/pl\/wp-json\/wp\/v2\/posts"}],"about":[{"href":"https:\/\/www.europesays.com\/pl\/wp-json\/wp\/v2\/types\/post"}],"author":[{"embeddable":true,"href":"https:\/\/www.europesays.com\/pl\/wp-json\/wp\/v2\/users\/2"}],"replies":[{"embeddable":true,"href":"https:\/\/www.europesays.com\/pl\/wp-json\/wp\/v2\/comments?post=387070"}],"version-history":[{"count":0,"href":"https:\/\/www.europesays.com\/pl\/wp-json\/wp\/v2\/posts\/387070\/revisions"}],"wp:featuredmedia":[{"embeddable":true,"href":"https:\/\/www.europesays.com\/pl\/wp-json\/wp\/v2\/media\/387071"}],"wp:attachment":[{"href":"https:\/\/www.europesays.com\/pl\/wp-json\/wp\/v2\/media?parent=387070"}],"wp:term":[{"taxonomy":"category","embeddable":true,"href":"https:\/\/www.europesays.com\/pl\/wp-json\/wp\/v2\/categories?post=387070"},{"taxonomy":"post_tag","embeddable":true,"href":"https:\/\/www.europesays.com\/pl\/wp-json\/wp\/v2\/tags?post=387070"}],"curies":[{"name":"wp","href":"https:\/\/api.w.org\/{rel}","templated":true}]}}