{"id":387116,"date":"2026-04-24T11:22:22","date_gmt":"2026-04-24T11:22:22","guid":{"rendered":"https:\/\/www.europesays.com\/pl\/387116\/"},"modified":"2026-04-24T11:22:22","modified_gmt":"2026-04-24T11:22:22","slug":"przed-nami-mecz-stal-mielec-slask-wroclaw-hej-mielec-pl","status":"publish","type":"post","link":"https:\/\/www.europesays.com\/pl\/387116\/","title":{"rendered":"Przed nami mecz Stal Mielec \u2013 \u015al\u0105sk Wroc\u0142aw &#8211; HEJ.MIELEC.PL"},"content":{"rendered":"<p>            Ju\u017c w sobotni wiecz\u00f3r, 25 kwietnia, kibice w Mielcu b\u0119d\u0105 \u015bwiadkami kolejnego wa\u017cnego starcia w ramach 30. kolejki Betclic 1 Liga. FKS Stal Mielec podejmie na w\u0142asnym stadionie \u015al\u0105sk Wroc\u0142aw. Pocz\u0105tek meczu zaplanowano na godzin\u0119 19:30 na Stadionie Miejskim im. Grzegorza Laty.Stal chce potwierdzi\u0107 dobr\u0105 form\u0119<\/p>\n<p>Zesp\u00f3\u0142 trenera Ireneusza Mamrota w ostatnich tygodniach prezentuje si\u0119 solidnie, cho\u0107 poprzedni mecz pozostawi\u0142 pewien niedosyt. Szkoleniowiec zwraca\u0142 uwag\u0119 przede wszystkim na s\u0142absz\u0105 pierwsz\u0105 po\u0142ow\u0119 i konieczno\u015b\u0107 lepszego reagowania w trudnych momentach.<\/p>\n<p class=\"bbcode\">::addons{&#8222;type&#8221;:&#8221;youtube&#8221;,&#8221;url&#8221;:&#8221;https:\/\/www.youtube.com\/watch?v=enEqMzs2iRM&#8221;}<\/p>\n<p>\u2013 Musimy by\u0107 sprytniejsi i czasami upraszcza\u0107 gr\u0119. Wa\u017cne jest, \u017ceby przetrwa\u0107 trudniejsze fragmenty spotkania \u2013 podkre\u015bla\u0142 trener Stali.<\/p>\n<p>Mielczanie zdaj\u0105 sobie spraw\u0119 z klasy rywala, ale nie zamierzaj\u0105 oddawa\u0107 punkt\u00f3w. Cel jest jasny \u2013 zwyci\u0119stwo przed w\u0142asn\u0105 publiczno\u015bci\u0105 i kolejne punkty w walce o spokojne utrzymanie.<\/p>\n<p>\u015al\u0105sk z niedosytem, ale i ambicjami<\/p>\n<p>Dru\u017cyna prowadzona przez Ante \u0160imund\u017ea przyje\u017cd\u017ca do Mielca po remisie 2:2 ze Zniczem. Wroc\u0142awianie czuj\u0105 niedosyt, jednak podkre\u015blaj\u0105, \u017ce ich forma pozostaje dobra.<\/p>\n<p>\u2013 Sportowa presja to przywilej. My\u015blimy tylko o najbli\u017cszym meczu \u2013 zaznaczy\u0142 szkoleniowiec \u015al\u0105ska.<\/p>\n<p>Warto doda\u0107, \u017ce w kadrze go\u015bci zabraknie Marca Llinaresa, kt\u00f3ry zmaga si\u0119 z urazem mi\u0119\u015bniowym. Reszta zespo\u0142u jest gotowa do gry.<\/p>\n<p>Kartki mog\u0105 odegra\u0107 rol\u0119<\/p>\n<p>Sobotnie spotkanie mo\u017ce mie\u0107 tak\u017ce podtekst dyscyplinarny. W obu zespo\u0142ach jest wielu zawodnik\u00f3w zagro\u017conych zawieszeniem.<\/p>\n<p>W Stali szczeg\u00f3lnie uwa\u017ca\u0107 musi Piotr Wlaz\u0142o (7 \u017c\u00f3\u0142tych kartek), a tak\u017ce m.in. Pawe\u0142 Kruszelnicki i Israel Puerto. Z kolei w \u015al\u0105sku najbli\u017cej pauzy s\u0105 Marc Llinares, Jorge Yriarte czy Micha\u0142 Szromnik.<\/p>\n<p>Obsada s\u0119dziowska<\/p>\n<p>Arbitrem g\u0142\u00f3wnym spotkania b\u0119dzie Mateusz Jenda z Warszawy. Na liniach pomaga\u0107 mu b\u0119d\u0105 Filip Sierant i Patryk Zielant, a za system VAR odpowiada\u0107 b\u0119d\u0105 Mateusz Z\u0142otnicki i Karol Iwanowicz.<\/p>\n<p>Stawka ro\u015bnie<\/p>\n<p>Sytuacja w tabeli sprawia, \u017ce oba zespo\u0142y maj\u0105 o co gra\u0107. Stal walczy o bezpieczn\u0105 pozycj\u0119, natomiast \u015al\u0105sk celuje w czo\u0142\u00f3wk\u0119 i nie mo\u017ce sobie pozwoli\u0107 na strat\u0119 punkt\u00f3w.<\/p>\n<p>Zapowiada si\u0119 intensywne i wyr\u00f3wnane spotkanie, w kt\u00f3rym kluczowe mog\u0105 okaza\u0107 si\u0119 detale \u2013 skuteczno\u015b\u0107, koncentracja i\u2026 ch\u0142odna g\u0142owa, zw\u0142aszcza w kontek\u015bcie licznych zagro\u017ce\u0144 kartkowych.<\/p>\n<p>Kibice w Mielcu mog\u0105 szykowa\u0107 si\u0119 na emocjonuj\u0105cy wiecz\u00f3r.<\/p>\n","protected":false},"excerpt":{"rendered":"Ju\u017c w sobotni wiecz\u00f3r, 25 kwietnia, kibice w Mielcu b\u0119d\u0105 \u015bwiadkami kolejnego wa\u017cnego starcia w ramach 30. kolejki&hellip;\n","protected":false},"author":2,"featured_media":387117,"comment_status":"","ping_status":"","sticky":false,"template":"","format":"standard","meta":{"footnotes":"","_share_on_mastodon":"0"},"categories":[51607],"tags":[14432,42,38,40,39,41,1853],"class_list":["post-387116","post","type-post","status-publish","format-standard","has-post-thumbnail","category-wroclaw","tag-mielec","tag-pl","tag-poland","tag-polish","tag-polska","tag-polski","tag-wroclaw"],"share_on_mastodon":{"url":"https:\/\/pubeurope.com\/@pl\/116459428013306201","error":""},"_links":{"self":[{"href":"https:\/\/www.europesays.com\/pl\/wp-json\/wp\/v2\/posts\/387116","targetHints":{"allow":["GET"]}}],"collection":[{"href":"https:\/\/www.europesays.com\/pl\/wp-json\/wp\/v2\/posts"}],"about":[{"href":"https:\/\/www.europesays.com\/pl\/wp-json\/wp\/v2\/types\/post"}],"author":[{"embeddable":true,"href":"https:\/\/www.europesays.com\/pl\/wp-json\/wp\/v2\/users\/2"}],"replies":[{"embeddable":true,"href":"https:\/\/www.europesays.com\/pl\/wp-json\/wp\/v2\/comments?post=387116"}],"version-history":[{"count":0,"href":"https:\/\/www.europesays.com\/pl\/wp-json\/wp\/v2\/posts\/387116\/revisions"}],"wp:featuredmedia":[{"embeddable":true,"href":"https:\/\/www.europesays.com\/pl\/wp-json\/wp\/v2\/media\/387117"}],"wp:attachment":[{"href":"https:\/\/www.europesays.com\/pl\/wp-json\/wp\/v2\/media?parent=387116"}],"wp:term":[{"taxonomy":"category","embeddable":true,"href":"https:\/\/www.europesays.com\/pl\/wp-json\/wp\/v2\/categories?post=387116"},{"taxonomy":"post_tag","embeddable":true,"href":"https:\/\/www.europesays.com\/pl\/wp-json\/wp\/v2\/tags?post=387116"}],"curies":[{"name":"wp","href":"https:\/\/api.w.org\/{rel}","templated":true}]}}