{"id":387196,"date":"2026-04-24T12:07:07","date_gmt":"2026-04-24T12:07:07","guid":{"rendered":"https:\/\/www.europesays.com\/pl\/387196\/"},"modified":"2026-04-24T12:07:07","modified_gmt":"2026-04-24T12:07:07","slug":"adam-malysz-mowi-o-kacprze-tomasiaku-ma-dla-niego-zle-wiesci","status":"publish","type":"post","link":"https:\/\/www.europesays.com\/pl\/387196\/","title":{"rendered":"Adam Ma\u0142ysz m\u00f3wi o Kacprze Tomasiaku. Ma dla niego z\u0142e wie\u015bci"},"content":{"rendered":"<p>W rozmowie z RMF FM Piesiewicz ujawni\u0142, \u017ce dzi\u0119ki wp\u0142atom od innych sponsor\u00f3w i darczy\u0144c\u00f3w znalaz\u0142y si\u0119 pieni\u0105dze zamiast nagr\u00f3d od zondacrypto. \u2014 <a href=\"https:\/\/przegladsportowy.onet.pl\/igrzyska-olimpijskie\/radoslaw-piesiewicz-ujawnia-co-z-nagrodami-dla-olimpijczykow-po-aferze-zondacrypto\/782chzs\" id=\"ede946af-ab37-457d-96a0-7dff090a3f84\" rel=\"nofollow noopener\" target=\"_blank\">Pieni\u0105dze zosta\u0142y wyp\u0142acone za tokeny<\/a> \u2014 ujawni\u0142 prezes PKOl na temat sportowc\u00f3w z miejsc 4-8 na IO. Dalszy ci\u0105g artyku\u0142u pod materia\u0142em wideo <\/p>\n<p>Problemem pozostaj\u0105 jednak nagrody od sponsora strategicznego dla medalist\u00f3w olimpijskich i ich trener\u00f3w. W\u015br\u00f3d nich s\u0105 skoczkowie: Kacper Tomasiak, Pawe\u0142 W\u0105sek i trener Maciej Maciusiak.<\/p>\n<p>Adam Ma\u0142ysz m\u00f3wi wprost o Kacprze Tomasiaku i Pawle W\u0105sku<\/p>\n<p>\u2014 Na pewno szkoda, \u017ce samo sprawdzenie tego, jak ta firma funkcjonuje odbywa si\u0119 dopiero teraz, nie du\u017co wcze\u015bniej, zanim umowa zosta\u0142a podpisana. To jest na pewno przykre. Ca\u0142y czas mam nadziej\u0119, \u017ce zawodnicy i trenerzy dostan\u0105 pieni\u0105dze za medale. To jest cz\u0119\u015b\u0107 nagr\u00f3d \u2014 m\u00f3wi Ma\u0142ysz dla strony Polsatsport.pl.<\/p>\n<p>Wiadomo, \u017ce Kacper Tomasiak nie otrzyma\u0142 token\u00f3w, kt\u00f3re w momencie przekazania nagrody mia\u0142y warto\u015b\u0107 550 tys. z\u0142. Do tego W\u0105sek mia\u0142 otrzyma\u0107 200 tys. z\u0142, a szkoleniowiec 75 tys. z\u0142. Wiadomo, \u017ce 26-letni skoczek z\u0142o\u017cy\u0142 dyspozycj\u0119, by wymieni\u0107 kryptowaluty na z\u0142ot\u00f3wki, ale wci\u0105\u017c czeka na wyp\u0142at\u0119.<\/p>\n<p>\u2014 Jest to na pewno szokuj\u0105ce. Dlatego te\u017c mi\u0119dzy innymi, \u017ce faktycznie przestrzegali\u015bmy PKOl w sprawie tego sponsora, \u017ce ta umowa mo\u017ce nie by\u0107 za bardzo korzystna \u2014 dodaje prezes PZN, kt\u00f3ry ust\u0105pi w tym roku ze stanowiska.<\/p>\n<p>\u2014 Wiem, \u017ce to by\u0142o na sznurku przymusu, \u017ce innych sponsor\u00f3w nie ma, ale z drugiej strony wiemy, jak dzisiaj funkcjonuj\u0105 kryptowaluty: raz jeste\u015b, a raz ci\u0119 nie ma \u2014 nie ma w\u0105tpliwo\u015bci.<\/p>\n<p> Na razie wszystko wskazuje na to, \u017ce PKOl zerwie umow\u0119 z zondacrypto. \u2014 Do 30 kwietnia, tak m\u00f3wi\u0105 zapisy umowne, je\u015bli do nas nie wp\u0142yn\u0105 \u015brodki, <a href=\"https:\/\/przegladsportowy.onet.pl\/igrzyska-olimpijskie\/radoslaw-piesiewicz-wyciagnal-dokument-na-antenie-atak-na-polskiego-giganta\/qvq7yse\" id=\"a3bb4937-c865-45cf-a0c4-2cf609965bc9\" rel=\"nofollow noopener\" target=\"_blank\">mam podstaw\u0119, by zerwa\u0107 umow\u0119 bezkosztowo<\/a> \u2014 poda\u0142 Piesiewicz na antenie RMF FM.<\/p>\n","protected":false},"excerpt":{"rendered":"W rozmowie z RMF FM Piesiewicz ujawni\u0142, \u017ce dzi\u0119ki wp\u0142atom od innych sponsor\u00f3w i darczy\u0144c\u00f3w znalaz\u0142y si\u0119 pieni\u0105dze&hellip;\n","protected":false},"author":2,"featured_media":387197,"comment_status":"","ping_status":"","sticky":false,"template":"","format":"standard","meta":{"footnotes":"","_share_on_mastodon":"0"},"categories":[52122],"tags":[4603,61195,15023,48,46,14480,6010,752,42,38,40,39,41,47,1874,5777,130],"class_list":["post-387196","post","type-post","status-publish","format-standard","has-post-thumbnail","category-pko-bank-polski","tag-adam_malysz","tag-bottomfeed_styl","tag-kacper_tomasiak","tag-nat_styl","tag-omp","tag-pawel_wasek","tag-pko-bank-polski","tag-pko-bp","tag-pl","tag-poland","tag-polish","tag-polska","tag-polski","tag-screening_general","tag-skoki_narciarskie","tag-sporty_zimowe","tag-wiadomosci_sportowe"],"share_on_mastodon":{"url":"https:\/\/pubeurope.com\/@pl\/116459604642741682","error":""},"_links":{"self":[{"href":"https:\/\/www.europesays.com\/pl\/wp-json\/wp\/v2\/posts\/387196","targetHints":{"allow":["GET"]}}],"collection":[{"href":"https:\/\/www.europesays.com\/pl\/wp-json\/wp\/v2\/posts"}],"about":[{"href":"https:\/\/www.europesays.com\/pl\/wp-json\/wp\/v2\/types\/post"}],"author":[{"embeddable":true,"href":"https:\/\/www.europesays.com\/pl\/wp-json\/wp\/v2\/users\/2"}],"replies":[{"embeddable":true,"href":"https:\/\/www.europesays.com\/pl\/wp-json\/wp\/v2\/comments?post=387196"}],"version-history":[{"count":0,"href":"https:\/\/www.europesays.com\/pl\/wp-json\/wp\/v2\/posts\/387196\/revisions"}],"wp:featuredmedia":[{"embeddable":true,"href":"https:\/\/www.europesays.com\/pl\/wp-json\/wp\/v2\/media\/387197"}],"wp:attachment":[{"href":"https:\/\/www.europesays.com\/pl\/wp-json\/wp\/v2\/media?parent=387196"}],"wp:term":[{"taxonomy":"category","embeddable":true,"href":"https:\/\/www.europesays.com\/pl\/wp-json\/wp\/v2\/categories?post=387196"},{"taxonomy":"post_tag","embeddable":true,"href":"https:\/\/www.europesays.com\/pl\/wp-json\/wp\/v2\/tags?post=387196"}],"curies":[{"name":"wp","href":"https:\/\/api.w.org\/{rel}","templated":true}]}}