{"id":387462,"date":"2026-04-24T14:38:10","date_gmt":"2026-04-24T14:38:10","guid":{"rendered":"https:\/\/www.europesays.com\/pl\/387462\/"},"modified":"2026-04-24T14:38:10","modified_gmt":"2026-04-24T14:38:10","slug":"jerzy-kryszak-rzadko-mowi-o-dzieciach-jego-syn-robi-wielka-kariere","status":"publish","type":"post","link":"https:\/\/www.europesays.com\/pl\/387462\/","title":{"rendered":"Jerzy Kryszak rzadko m\u00f3wi o dzieciach. Jego syn robi wielk\u0105 karier\u0119"},"content":{"rendered":"<p class=\"Paragraph_desktopParagraph__U31Gm\"><a href=\"https:\/\/plejada.pl\/temat\/jerzy-kryszak\/2xvyrkm\" id=\"05464bca-4c72-45e9-a21f-10fbe874082e\" rel=\"nofollow noopener\" target=\"_blank\">Jerzy Kryszak<\/a> stara si\u0119 chroni\u0107 swoj\u0105 prywatno\u015b\u0107 i <a href=\"https:\/\/plejada.pl\/polscy-celebryci\/jerzy-kryszak-od-lat-chodzi-w-jednym-typie-obuwia-gdzie-kupuje-chodaki\/k5wljhf\" id=\"296975ed-02b0-48d2-b02e-f59b0e1686a0\" rel=\"nofollow noopener\" target=\"_blank\">rzadko wypowiada si\u0119 na temat swoich bliskich<\/a>. Gdy studiowa\u0142 na Wydziale Aktorskim krakowskiej PWST by\u0142 zwi\u0105zany z Ann\u0105 Chitro, jednak relacja nie przetrwa\u0142a pr\u00f3by czasu. P\u00f3\u017aniej z Tatian\u0105 Ko\u0142odziejsk\u0105 doczeka\u0142 si\u0119 syna Paw\u0142a. Trzeci raz na \u015blubnym kobiercu stan\u0105\u0142 z Agnieszk\u0105 Kryszak, kt\u00f3ra urodzi\u0142a Kub\u0119 i Kamila. <\/p>\n<blockquote>\n<p class=\"Paragraph_desktopParagraph__U31Gm\">Pawe\u0142 animuje, Kamil pisze piosenki, Kuba zajmuje si\u0119 internetowo-programistycznie, najm\u0142odszy ko\u0144czy studia w Delfy i te\u017c b\u0119dzie si\u0119 zajmowa\u0142 informatycznie-programistycznie \u2014 pewnie sko\u0144czy w Cambridge, bo tam ma ju\u017c robot\u0119<\/p>\n<\/blockquote>\n<p class=\"Paragraph_desktopParagraph__U31Gm\">\u2014 m\u00f3wi\u0142 satyryk <a href=\"https:\/\/plejada.pl\/newsy\/jerzy-kryszak-pomieszkuje-w-azji-jego-synowie-tez-emigrowali\/459wplj\" id=\"f7f518f2-7e72-4ce7-a383-73bfebe7e754\" rel=\"nofollow noopener\" target=\"_blank\">w podca\u015bcie &#8222;Wojew\u00f3dzkiK\u0119dzierski&#8221;.<\/a><\/p>\n<p>Jerzy Kryszak rzadko m\u00f3wi o dzieciach. Jego syn robi wielk\u0105 karier\u0119 <\/p>\n<p class=\"Paragraph_desktopParagraph__U31Gm\">To w\u0142a\u015bnie Kamil &#8222;Holden&#8221; Kryszak od kilku lat rozwija swoj\u0105 karier\u0119 muzyczn\u0105. Publiczno\u015b\u0107 szerzej go us\u0142ysza\u0142a, gdy wyst\u0119powa\u0142 z zespo\u0142em BVRS, z kt\u00f3rym zagra\u0142 na Open&#8217;erze oraz festiwalu Spring Break, jednak wi\u0119ksz\u0105 s\u0142aw\u0119 zyska\u0142 za spraw\u0105 grupy Kara\u015b\/Rogucki. <\/p>\n<p class=\"Paragraph_desktopParagraph__U31Gm\">Razem z zespo\u0142em koncertowa\u0142 od 2019 r. przez pi\u0119\u0107 lat. Wsp\u00f3lnie wydali trzy p\u0142yty: &#8222;Ostatni bastion romantyzmu&#8221;, &#8222;Czu\u0142e kontyngenty&#8221;, &#8222;Atlas iskier&#8221;. Po zako\u0144czeniu dzia\u0142alno\u015bci grupy do\u0142\u0105czy\u0142 do projektu Piotra Roguckiego pod nazw\u0105 Normalni Ludzie. Kamil Kryszak wsp\u00f3\u0142pracowa\u0142 r\u00f3wnie\u017c z Ofeli\u0105.<\/p>\n<p class=\"Paragraph_desktopParagraph__U31Gm\">Poza tym artysta publikowa\u0142 r\u00f3wnie\u017c piosenki w ramach solowego projektu. Na platformach streamingowych ukaza\u0142y si\u0119 takie utwory jak &#8222;\u015awiat\u0142o To Sen&#8221;, &#8222;Nigdy Nie Czu\u0142em Si\u0119 Bardziej \u017bywy&#8221;, &#8222;Kochaina&#8221;. Skomponowa\u0142 r\u00f3wnie\u017c muzyk\u0119 do produkcji &#8222;Piosenki o mi\u0142o\u015bci&#8221; oraz &#8222;Wilk&#8221;, a tak\u017ce bra\u0142 udzia\u0142 w licznych projektach m.in. &#8222;\u015awiat\u0142o &amp; Mrock&#8221;.<\/p>\n<p><img decoding=\"async\" class=\"Image_image__0tuHp Image_autoHeight__f2n87 \" height=\"587\" width=\"882\" src=\"https:\/\/www.europesays.com\/pl\/wp-content\/uploads\/2026\/04\/8Csk9kpTURBXy8zMjljNzdiYTgwNzk1NzZkYjA0ZjA1ZDJlMDNmZTNhZi5qcGeSlQLNA6wAwsOVAgDNAkvCw94AA6EwAaExAaEzw.jpeg\" alt=\"Kamil &quot;Holden&quot; Kryszak\" loading=\"lazy\" \/>Karol Makurat\/REPORTER \/ East News<\/p>\n<p>Kamil &#8222;Holden&#8221; Kryszak<\/p>\n<p class=\"Paragraph_desktopParagraph__U31Gm\">Dzi\u0119kujemy, \u017ce przeczyta\u0142a\u015b\/e\u015b nasz artyku\u0142 do ko\u0144ca. W serwisie Plejada.pl ka\u017cdego dnia piszemy o najwa\u017cniejszych wydarzeniach show-biznesowych. B\u0105d\u017a na bie\u017c\u0105co! <a rel=\"nofollow noopener\" href=\"https:\/\/profile.google.com\/cp\/Cg0vZy8xMWJ6X19wdHBx\" id=\"6de44a14-5a50-4cd8-9635-928a3fbd1777\" target=\"_blank\">Obserwuj<\/a> Plejad\u0119 w Google. Odwied\u017a nas tak\u017ce na <a rel=\"nofollow noopener\" href=\"https:\/\/www.facebook.com\/plejadapl\" id=\"d384ce69-2118-4700-bca1-1681727c18d8\" target=\"_blank\">Facebooku<\/a>, <a rel=\"nofollow noopener\" href=\"https:\/\/www.instagram.com\/plejadapl\/\" id=\"0fd90e6e-5198-488e-b052-7f7df6a80304\" target=\"_blank\">Instagramie<\/a>, <a rel=\"nofollow noopener\" href=\"https:\/\/www.youtube.com\/c\/plejada\" id=\"b661408c-4b0f-41c2-9e2c-78db52aaf3f3\" target=\"_blank\">YouTube<\/a> oraz <a rel=\"nofollow noopener\" href=\"https:\/\/www.tiktok.com\/@plejada_pl\" id=\"3a384bc8-3766-4d6f-a062-12764000bfdf\" target=\"_blank\">TikToku<\/a>.<\/p>\n<p class=\"Paragraph_desktopParagraph__U31Gm\">Chcesz podzieli\u0107 si\u0119 ciekawym newsem lub zaproponowa\u0107 temat? Skontaktuj si\u0119 z nami, pisz\u0105c e-maila na adres: <a href=\"https:\/\/www.onet.pl\/styl-zycia\/plejada\/jerzy-kryszak-rzadko-mowi-o-dzieciach-jego-syn-robi-wielka-kariere\/mailto:plejada@redakcjaonet.pl\" id=\"359e7fa8-d8db-468f-b1f5-76507c36b13a\" rel=\"nofollow noopener\" target=\"_blank\">plejada@redakcjaonet.pl<\/a>.<\/p>\n<p><script async src=\"\/\/www.instagram.com\/embed.js\"><\/script><script async src=\"\/\/www.tiktok.com\/embed.js\"><\/script><\/p>\n","protected":false},"excerpt":{"rendered":"Jerzy Kryszak stara si\u0119 chroni\u0107 swoj\u0105 prywatno\u015b\u0107 i rzadko wypowiada si\u0119 na temat swoich bliskich. Gdy studiowa\u0142 na&hellip;\n","protected":false},"author":2,"featured_media":387463,"comment_status":"","ping_status":"","sticky":false,"template":"","format":"standard","meta":{"footnotes":"","_share_on_mastodon":"0"},"categories":[22],"tags":[64580,2501,470,122,67,70248,261,53,52,68,51,55,42,38,40,39,41,123,47,50],"class_list":["post-387462","post","type-post","status-publish","format-standard","has-post-thumbnail","category-rozrywka","tag-benefit_tst1","tag-dzieci_gwiazd","tag-educate_me","tag-entertainment","tag-intextvideo_splayer","tag-jerzy_kryszak","tag-kultura","tag-new_header","tag-onet3","tag-onet3d","tag-onet3d_2i","tag-phx","tag-pl","tag-poland","tag-polish","tag-polska","tag-polski","tag-rozrywka","tag-screening_general","tag-v2021"],"share_on_mastodon":{"url":"https:\/\/pubeurope.com\/@pl\/116460198681946066","error":""},"_links":{"self":[{"href":"https:\/\/www.europesays.com\/pl\/wp-json\/wp\/v2\/posts\/387462","targetHints":{"allow":["GET"]}}],"collection":[{"href":"https:\/\/www.europesays.com\/pl\/wp-json\/wp\/v2\/posts"}],"about":[{"href":"https:\/\/www.europesays.com\/pl\/wp-json\/wp\/v2\/types\/post"}],"author":[{"embeddable":true,"href":"https:\/\/www.europesays.com\/pl\/wp-json\/wp\/v2\/users\/2"}],"replies":[{"embeddable":true,"href":"https:\/\/www.europesays.com\/pl\/wp-json\/wp\/v2\/comments?post=387462"}],"version-history":[{"count":0,"href":"https:\/\/www.europesays.com\/pl\/wp-json\/wp\/v2\/posts\/387462\/revisions"}],"wp:featuredmedia":[{"embeddable":true,"href":"https:\/\/www.europesays.com\/pl\/wp-json\/wp\/v2\/media\/387463"}],"wp:attachment":[{"href":"https:\/\/www.europesays.com\/pl\/wp-json\/wp\/v2\/media?parent=387462"}],"wp:term":[{"taxonomy":"category","embeddable":true,"href":"https:\/\/www.europesays.com\/pl\/wp-json\/wp\/v2\/categories?post=387462"},{"taxonomy":"post_tag","embeddable":true,"href":"https:\/\/www.europesays.com\/pl\/wp-json\/wp\/v2\/tags?post=387462"}],"curies":[{"name":"wp","href":"https:\/\/api.w.org\/{rel}","templated":true}]}}