{"id":387951,"date":"2026-04-24T19:31:08","date_gmt":"2026-04-24T19:31:08","guid":{"rendered":"https:\/\/www.europesays.com\/pl\/387951\/"},"modified":"2026-04-24T19:31:08","modified_gmt":"2026-04-24T19:31:08","slug":"kacper-woryna-nie-odpuscil-zawodnicy-falubazu-leza-na-torze-zolta-kartka","status":"publish","type":"post","link":"https:\/\/www.europesays.com\/pl\/387951\/","title":{"rendered":"Kacper Woryna nie odpu\u015bci\u0142. Zawodnicy Falubazu le\u017c\u0105 na torze. \u017b\u00f3\u0142ta kartka"},"content":{"rendered":"<p>Do zdarzenia dosz\u0142o na wyj\u015bciu z pierwszego wira\u017cu w 5. biegu. Motor prowadzi\u0142 5:1, ale rywale nie odpuszczali. W efekcie po ataku Woryny na tor upadli Andrzej Lebiediew i Przemys\u0142aw Pawlicki, a wi\u0119c dwaj zawodnicy go\u015bci. Na szcz\u0119\u015bcie nic im si\u0119 nie sta\u0142o.<\/p>\n<p> Dalszy ci\u0105g artyku\u0142u pod materia\u0142em wideo <\/p>\n<p>Arbiter przerwa\u0142 bieg i nie mia\u0142 wyj\u015bcia. Musia\u0142 wykluczy\u0107 Woryn\u0119. Na dodatek ukara\u0142 go \u017c\u00f3\u0142t\u0105 kartk\u0105, a to powoduje kar\u0119 2 500 z\u0142. \u2014 Woryna wynosi\u0142 si\u0119 widz\u0105c wyra\u017anie wyprzedzaj\u0105cego go i rozp\u0119dzaj\u0105cego si\u0119 bardziej rywala \u2014 m\u00f3wi\u0142 w Canal+ Krzysztof Cegielski, ekspert stacji. \u2014 Kacper lekko poszerza\u0142 tor, a na dodatek jego ruch by\u0142 bardzo mocny. Gdyby by\u0142 p\u0142ynny, bo przecie\u017c to normalne, \u017ce si\u0119 wywozi i zmienia tor jazdy, to by\u0142oby w porz\u0105dku, ale by\u0142 zbyt mocny \u2014 doda\u0142.<\/p>\n<p>     Pawlicki po\u0142o\u017cy\u0142 motocykl<\/p>\n<p>Po ataku Woryny kontrol\u0119 nad motocyklem straci\u0142 Andrzej Lebiediew, kt\u00f3ry cudem unikn\u0105\u0142 zderzenia z Przemys\u0142awem Pawlickim, kt\u00f3ry z kolei popisa\u0142 si\u0119 wyj\u0105tkowym refleksem i po\u0142o\u017cy\u0142 motocykl, co spowodowa\u0142o, \u017ce troch\u0119 przy tym ucierpia\u0142.<\/p>\n<p>W powt\u00f3rce Falubaz wygra\u0142 5:1 i zrobi\u0142o si\u0119 tylko 16:14 dla Motoru. To du\u017ca niespodzianka, bo dwa pierwsze mecze sezonu Zielonog\u00f3rzanie totalnie zawalili. Mecz trwa.<\/p>\n","protected":false},"excerpt":{"rendered":"Do zdarzenia dosz\u0142o na wyj\u015bciu z pierwszego wira\u017cu w 5. biegu. Motor prowadzi\u0142 5:1, ale rywale nie odpuszczali.&hellip;\n","protected":false},"author":2,"featured_media":387952,"comment_status":"","ping_status":"","sticky":false,"template":"","format":"standard","meta":{"footnotes":"","_share_on_mastodon":"0"},"categories":[52122],"tags":[4569,61195,173,11708,61347,3625,48,46,175,6010,752,42,38,40,39,41,47,174],"class_list":["post-387951","post","type-post","status-publish","format-standard","has-post-thumbnail","category-pko-bank-polski","tag-andrzej_lebiediew","tag-bottomfeed_styl","tag-ekstraliga","tag-kacper_woryna","tag-krzysztof_cegielski","tag-motor_lublin","tag-nat_styl","tag-omp","tag-pge_ekstraliga","tag-pko-bank-polski","tag-pko-bp","tag-pl","tag-poland","tag-polish","tag-polska","tag-polski","tag-screening_general","tag-zuzel"],"share_on_mastodon":{"url":"https:\/\/pubeurope.com\/@pl\/116461350686242589","error":""},"_links":{"self":[{"href":"https:\/\/www.europesays.com\/pl\/wp-json\/wp\/v2\/posts\/387951","targetHints":{"allow":["GET"]}}],"collection":[{"href":"https:\/\/www.europesays.com\/pl\/wp-json\/wp\/v2\/posts"}],"about":[{"href":"https:\/\/www.europesays.com\/pl\/wp-json\/wp\/v2\/types\/post"}],"author":[{"embeddable":true,"href":"https:\/\/www.europesays.com\/pl\/wp-json\/wp\/v2\/users\/2"}],"replies":[{"embeddable":true,"href":"https:\/\/www.europesays.com\/pl\/wp-json\/wp\/v2\/comments?post=387951"}],"version-history":[{"count":0,"href":"https:\/\/www.europesays.com\/pl\/wp-json\/wp\/v2\/posts\/387951\/revisions"}],"wp:featuredmedia":[{"embeddable":true,"href":"https:\/\/www.europesays.com\/pl\/wp-json\/wp\/v2\/media\/387952"}],"wp:attachment":[{"href":"https:\/\/www.europesays.com\/pl\/wp-json\/wp\/v2\/media?parent=387951"}],"wp:term":[{"taxonomy":"category","embeddable":true,"href":"https:\/\/www.europesays.com\/pl\/wp-json\/wp\/v2\/categories?post=387951"},{"taxonomy":"post_tag","embeddable":true,"href":"https:\/\/www.europesays.com\/pl\/wp-json\/wp\/v2\/tags?post=387951"}],"curies":[{"name":"wp","href":"https:\/\/api.w.org\/{rel}","templated":true}]}}