{"id":388297,"date":"2026-04-24T23:13:10","date_gmt":"2026-04-24T23:13:10","guid":{"rendered":"https:\/\/www.europesays.com\/pl\/388297\/"},"modified":"2026-04-24T23:13:10","modified_gmt":"2026-04-24T23:13:10","slug":"netanjahu-twierdzi-ze-udalo-mu-sie-skutecznie-wyleczyc-raka-prostaty","status":"publish","type":"post","link":"https:\/\/www.europesays.com\/pl\/388297\/","title":{"rendered":"Netanjahu twierdzi, \u017ce uda\u0142o mu si\u0119 skutecznie wyleczy\u0107 raka prostaty"},"content":{"rendered":"\n<p>&#13;<br \/>\n76-letni Netanjahu poinformowa\u0142, \u017ce\u00a0podczas rutynowego badania kontrolnego lekarze wykryli u\u00a0niego wczesne stadium nowotworu z\u0142o\u015bliwego. Doda\u0142, \u017ce\u00a0&#8222;celowane leczenie&#8221; usun\u0119\u0142o &#8222;problem&#8221; i\u00a0nie pozostawi\u0142o po\u00a0nim \u015bladu \u2013\u00a0podaje Reuters. &#13;\n<\/p>\n<p>&#13;<br \/>\nWed\u0142ug raportu medycznego, kt\u00f3ry poza tym wskazuje na\u00a0dobry stan zdrowia premiera, Netanjahu by\u0142 leczony radioterapi\u0105 z\u00a0powodu raka prostaty we\u00a0wczesnym stadium rozwoju. Ani raport medyczny, ani sam Netanjahu nie\u00a0podali, kiedy nast\u0105pi\u0142o liczenie. &#13;\n<\/p>\n<p>Publikacja raportu op\u00f3\u017aniona z\u00a0powodu wojny z\u00a0Iranem <\/p>\n<p>&#13;<br \/>\nSzef izraelskiego rz\u0105du przekaza\u0142 tak\u017ce, \u017ce\u00a0op\u00f3\u017ani\u0142 publikacj\u0119 raportu o\u00a0swoim stanie zdrowia o\u00a0dwa miesi\u0105ce, aby\u00a0zapobiec szerzeniu przez Iran &#8222;fa\u0142szywej propagandy przeciwko Izraelowi&#8221;. &#13;\n<\/p>\n<p>&#13;<br \/>\nReuters przypomina, \u017ce\u00a0w\u00a0marcu, podczas walk z\u00a0Iranem, w\u00a0mediach spo\u0142eczno\u015bciowych i\u00a0ira\u0144skich mediach pa\u0144stwowych kr\u0105\u017cy\u0142y pog\u0142oski o\u00a0rzekomej \u015bmierci Netanjahu. W\u00a0odpowiedzi premier Izraela nagra\u0142 film z\u00a0wizyty w\u00a0jerozolimskiej kawiarni, aby\u00a0obali\u0107 te\u00a0doniesienia. &#13;\n<\/p>\n<p>&#13;<br \/>\nNetanjahu przeszed\u0142 operacj\u0119 prostaty w\u00a02024\u00a0r. po\u00a0zdiagnozowaniu u\u00a0niego infekcji dr\u00f3g moczowych w\u00a0wyniku \u0142agodnego przerostu prostaty. W\u00a02023\u00a0r. wszczepiono mu rozrusznik serca. &#13;\n<\/p>\n<p>Nakaz aresztowania Netanjahu i\u00a0proces korupcyjny <\/p>\n<p>&#13;<br \/>\nW 2024\u00a0r. Mi\u0119dzynarodowy Trybuna\u0142 Karny w\u00a0Hadze wyda\u0142 nakaz aresztowania Netanjahu. Zosta\u0142 oskar\u017cony o\u00a0zbrodnie wojenne i\u00a0zbrodnie przeciwko ludzko\u015bci w\u00a0zwi\u0105zku z\u00a0wojn\u0105 w\u00a0Strefie Gazy, kt\u00f3ra wybuch\u0142a po\u00a0ataku Hamasu na\u00a0Izrael 7\u00a0pa\u017adziernika 2023\u00a0r. &#13;\n<\/p>\n<p>&#13;<br \/>\nW 2020\u00a0r. rozpocz\u0105\u0142 si\u0119 proces korupcyjny Netanjahu, kt\u00f3ry obejmuje trzy sprawy karne. Zarzuty dotycz\u0105 oszustwa i\u00a0nadu\u017cycia urz\u0119du, w\u00a0jednej tak\u017ce przekupstwa. Sprawa ma\u00a0charakter bezprecedensowy, poniewa\u017c to\u00a0pierwszy raz, kiedy przed s\u0105dem staje urz\u0119duj\u0105cy premier Izraela. Netanjahu nie\u00a0przyznaje si\u0119 do\u00a0winy. &#13;\n<\/p>\n<p>&#13;<br \/>\nPrezydent USA Donald Trump w\u00a0pa\u017adzierniku 2025\u00a0r. zwr\u00f3ci\u0142 si\u0119 z\u00a0apelem do\u00a0prezydenta Izraela Izaaka Herzoga o\u00a0<a href=\"https:\/\/dorzeczy.pl\/swiat\/791955\/trump-wzywa-prezydenta-izraela-do-ulaskawienia-netanjahu.html\" rel=\"nofollow noopener\" target=\"_blank\">u\u0142askawienie Netanjahu<\/a>. &#13;\n<\/p>\n<p>&#13;<br \/>\nCzytaj te\u017c:<br \/><a href=\"https:\/\/dorzeczy.pl\/swiat\/875002\/trump-izrael-ma-zakaz-atakowania-libanu-juz-wystarczy.html\" rel=\"follow nofollow noopener\" data-schema=\"DORZECZY\" data-image=\"https:\/\/img.dorzeczy.pl\/_thumb\/2f\/00\/688a3417399f7aa9f9d770bbb83a.jpeg\" target=\"_blank\">Trump og\u0142asza &#8222;zakaz&#8221; dla\u00a0Izraela. &#8222;Ju\u017c wystarczy&#8221;<\/a>&#13;<\/p>\n","protected":false},"excerpt":{"rendered":"&#13; 76-letni Netanjahu poinformowa\u0142, \u017ce\u00a0podczas rutynowego badania kontrolnego lekarze wykryli u\u00a0niego wczesne stadium nowotworu z\u0142o\u015bliwego. Doda\u0142, \u017ce\u00a0&#8222;celowane leczenie&#8221;&hellip;\n","protected":false},"author":2,"featured_media":388298,"comment_status":"","ping_status":"","sticky":false,"template":"","format":"standard","meta":{"footnotes":"","_share_on_mastodon":"0"},"categories":[5],"tags":[32,33,1347,98,36,37,27,91,34,35,28,31,888,25,2095,103,42,38,40,39,41,70439,80,29,30,26,253],"class_list":["post-388297","post","type-post","status-publish","format-standard","has-post-thumbnail","category-naglowki","tag-breaking-news","tag-breakingnews","tag-damian-cygan","tag-dorzeczy","tag-featured-news","tag-featurednews","tag-headlines","tag-izrael","tag-latest-news","tag-latestnews","tag-naglowki","tag-najwazniejsze-artykuly","tag-netanjahu","tag-news","tag-nowotwor","tag-obserwator-mediow","tag-pl","tag-poland","tag-polish","tag-polska","tag-polski","tag-rak-prostaty","tag-swiat","tag-top-stories","tag-topstories","tag-wiadomosci","tag-zdrowie"],"share_on_mastodon":{"url":"https:\/\/pubeurope.com\/@pl\/116462223897548008","error":""},"_links":{"self":[{"href":"https:\/\/www.europesays.com\/pl\/wp-json\/wp\/v2\/posts\/388297","targetHints":{"allow":["GET"]}}],"collection":[{"href":"https:\/\/www.europesays.com\/pl\/wp-json\/wp\/v2\/posts"}],"about":[{"href":"https:\/\/www.europesays.com\/pl\/wp-json\/wp\/v2\/types\/post"}],"author":[{"embeddable":true,"href":"https:\/\/www.europesays.com\/pl\/wp-json\/wp\/v2\/users\/2"}],"replies":[{"embeddable":true,"href":"https:\/\/www.europesays.com\/pl\/wp-json\/wp\/v2\/comments?post=388297"}],"version-history":[{"count":0,"href":"https:\/\/www.europesays.com\/pl\/wp-json\/wp\/v2\/posts\/388297\/revisions"}],"wp:featuredmedia":[{"embeddable":true,"href":"https:\/\/www.europesays.com\/pl\/wp-json\/wp\/v2\/media\/388298"}],"wp:attachment":[{"href":"https:\/\/www.europesays.com\/pl\/wp-json\/wp\/v2\/media?parent=388297"}],"wp:term":[{"taxonomy":"category","embeddable":true,"href":"https:\/\/www.europesays.com\/pl\/wp-json\/wp\/v2\/categories?post=388297"},{"taxonomy":"post_tag","embeddable":true,"href":"https:\/\/www.europesays.com\/pl\/wp-json\/wp\/v2\/tags?post=388297"}],"curies":[{"name":"wp","href":"https:\/\/api.w.org\/{rel}","templated":true}]}}