{"id":388313,"date":"2026-04-24T23:28:49","date_gmt":"2026-04-24T23:28:49","guid":{"rendered":"https:\/\/www.europesays.com\/pl\/388313\/"},"modified":"2026-04-24T23:28:49","modified_gmt":"2026-04-24T23:28:49","slug":"podwojne-standardy-portugalczykow-dla-rodakow-prezenty-dla-polakow-brak-pensji","status":"publish","type":"post","link":"https:\/\/www.europesays.com\/pl\/388313\/","title":{"rendered":"Podw\u00f3jne standardy Portugalczyk\u00f3w. Dla rodak\u00f3w prezenty, dla Polak\u00f3w brak pensji"},"content":{"rendered":"<p class=\"Paragraph_desktopParagraph__U31Gm\">\u2014 Do zak\u0142adu przychodzili\u015bmy tylko po to, aby go sprz\u0105ta\u0107, <a href=\"https:\/\/www.onet.pl\/informacje\/onetlodz\/krach-fabryki-materacy-portugalczyk-ukrywa-sie-przed-lodzia-pod-poznaniem-zatrudnia\/vb6fg28,79cfc278\" id=\"7ab31fb2-266b-47ba-a452-33903f580fa4\" rel=\"nofollow noopener\" target=\"_blank\">nie by\u0142o co robi\u0107, a wkr\u00f3tce potem nie by\u0142o te\u017c pensji \u2014 opowiada\u0142a o ostatnich miesi\u0105cach pracy w Aquinos Bedding Poland krojczyni Anna. \u2014 Im nie zale\u017ca\u0142o na naszym zak\u0142adzie<\/a>, po prostu chcieli przej\u0105\u0107 nasze marki materacy \u2014 dodawa\u0142 Krzysztof, inny z krojczych \u0142\u00f3dzkiej fabryki spo\u015br\u00f3d wspominaj\u0105cych kilka dni temu w Onecie jej koniec.<\/p>\n<p class=\"Paragraph_desktopParagraph__U31Gm\">Wed\u0142ug opowie\u015bci \u0141odzian niedawny krach sprokurowa\u0142 portugalski w\u0142a\u015bciciel: zak\u0142ad mia\u0142 zam\u00f3wienia z rynku, ale w zesz\u0142ym roku centrala z P\u00f3\u0142wyspu Iberyjskiego wstrzyma\u0142a pieni\u0105dze na zakup materia\u0142\u00f3w niezb\u0119dnych do produkcji kolejnych materacy w \u0141odzi.<\/p>\n<p class=\"Paragraph_desktopParagraph__U31Gm\">W styczniu 2025 r. za\u0142oga \u0142\u00f3dzkiego zak\u0142adu przesz\u0142a na tzw. postojowe, z prawem do 80 proc. wynagrodzenia. Przed rokiem Portugalczycy przestali wyp\u0142aca\u0107 \u0141odzianom pensje i inne \u015bwiadczenia, a\u017c w ko\u0144cu w\u0142a\u015bciciel hal, kt\u00f3ry wynajmowa\u0142 przestrze\u0144 fabryce i tak\u017ce nie doczeka\u0142 si\u0119 nale\u017cnych pieni\u0119dzy, zaplombowa\u0142 wej\u015bcia do zak\u0142adu.<\/p>\n<p class=\"Paragraph_desktopParagraph__U31Gm\">W tej historii najbardziej bulwersuje spos\u00f3b po\u017cegnania Portugalczyk\u00f3w z za\u0142og\u0105. Na tyle szybko &#8222;zwin\u0119li&#8221; oni \u0142\u00f3dzk\u0105 dzia\u0142alno\u015b\u0107, \u017ce du\u017ca grupa z ok. 300 zatrudnionych nie uzyska\u0142a wa\u017cnych dokument\u00f3w \u2014 przede wszystkim \u015bwiadectwa pracy \u2014 co utrudnia im zdobycie nowego zaj\u0119cia. Ponadto za\u0142oga z \u0141odzi domaga si\u0119 wyp\u0142aty zaleg\u0142ych \u015bwiadcze\u0144. Z naszych rozm\u00f3w wynika, \u017ce to kwoty po kilkadziesi\u0105t tysi\u0119cy z\u0142 na pracownika. \u0141\u00f3dzki senator Krzysztof Kwiatkowski, kt\u00f3ry interweniowa\u0142 w tej sprawie w ambasadzie Portugalii w Warszawie, nazywa wydarzenia z \u0141odzi &#8222;z\u0142odziejskim modelem prowadzenia biznesu&#8221;, za\u015b post\u0119powanie w sprawie sytuacji w fabryce materacy prowadzi \u0142\u00f3dzka prokuratura.<\/p>\n<p>Nie tylko \u0141odzianie bez pensji od Portugalczyk\u00f3w <\/p>\n<p class=\"Paragraph_desktopParagraph__U31Gm\">Fabryka z \u0141odzi to formalnie wci\u0105\u017c w\u0142asno\u015b\u0107 mi\u0119dzynarodowego konglomeratu Aquinos Group, z central\u0105 pod miejscowo\u015bci\u0105 T\u00e1bua w \u015brodkowej Portugalii. Centrala grupy wylicza \u2014 na swojej witrynie internetowej \u2014 posiadanie &#8222;20 fabryk z siedzib\u0105 w Unii Europejskiej&#8221;, &#8222;ponad 5 tys. zatrudnionych&#8221; oraz &#8222;ponad 600 mln przychod\u00f3w&#8221;. Ale po doniesieniach medi\u00f3w z kilku kraj\u00f3w mo\u017cna wnioskowa\u0107, \u017ce to wyliczenia sprzed minionego roku \u2014 w kt\u00f3rym szefowie spod T\u00e1bui zrezygnowali nie tylko z dzia\u0142alno\u015bci w \u0141odzi.<\/p>\n<p class=\"Paragraph_desktopParagraph__U31Gm\">R\u00f3wnie\u017c w 2025 r. dziennikarze ze Szwajcarii (&#8222;Luzerner Zeitung&#8221;) informowali o porzuceniu przez Portugalczyk\u00f3w za\u0142ogi fabryki materacy z kantonu Lucerna. Zatrudnieni nie otrzymywali pensji od czerwca, na szcz\u0119\u015bcie dla nich w grudniu pojawi\u0142 si\u0119 nowy inwestor.<\/p>\n<p class=\"Paragraph_desktopParagraph__U31Gm\">I z Polski, i ze Szwajcarii w\u0142a\u015bciciel spod T\u00e1bui wyszed\u0142 po trzech latach od przej\u0119cia tamtejszych fabryk materacy \u2014 z r\u0105k kapita\u0142u belgijskiego. W ostatnich miesi\u0105cach Portugalczycy wychodzili tak\u017ce z Niemiec oraz z Holandii. W tym drugim kraju dziennikarze (m.in. bran\u017cowego portalu &#8222;Wonen360&#8221;) donosz\u0105, \u017ce pracownicy uwa\u017caj\u0105 central\u0119 za &#8222;przest\u0119pcz\u0105 sp\u00f3\u0142k\u0119-matk\u0119&#8221;.<\/p>\n<p>Podw\u00f3jne standardy Portugalczyk\u00f3w <\/p>\n<p class=\"Paragraph_desktopParagraph__U31Gm\">Jednak Aquinos Group nie ustaje w staraniach, aby jej klienci i kontrahenci postrzegali portugalski konglomerat jako dbaj\u0105cy o pracownik\u00f3w i etyczn\u0105 stron\u0119 prowadzenia biznesu. W \u015brod\u0119 grupa obchodzi\u0142a \u015awiatowy Dzie\u0144 Ziemi, zwracaj\u0105c uwag\u0119 \u2014 w swoich mediach spo\u0142eczno\u015bciowych \u2014 na korzystanie z odnawialnych \u017ar\u00f3de\u0142 energii i post\u0119py w segregacji odpad\u00f3w. Niedawny Mi\u0119dzynarodowy Dzie\u0144 Kobiet by\u0142 okazj\u0105 do wr\u0119czania upomink\u00f3w pracownicom grupy w Portugalii, a gdy zatrudniony w tym kraju zostaje rodzicem, otrzymuje od firmy wyprawk\u0119 dla maluch\u00f3w. Specjalna uroczysto\u015b\u0107 wr\u0119czania wyprawek jest organizowana w fabryce pod T\u00e1bu\u0105 co kilka miesi\u0119cy (ostatnio w marcu 2026 r. oraz w grudniu 2025 r.).<\/p>\n<p class=\"Paragraph_desktopParagraph__U31Gm\">\u2014 W \u0141odzi za Portugalczyk\u00f3w takich atrakcji nie by\u0142o, chocia\u017c przed krachem trzymali si\u0119 \u015bwiadcze\u0144 wynikaj\u0105cych z kodeksu pracy i konieczno\u015bci tworzenia funduszu zak\u0142adowego, czyli w naszym przypadku zdarza\u0142y si\u0119 jakie\u015b bony na \u015bwi\u0119ta \u2014 komentuje Anna, gdy ponownie skontaktowali\u015bmy si\u0119 z krojczyni\u0105, czekaj\u0105c\u0105 na nale\u017cne jej, jak wylicza, ok. 35 tys. z\u0142 od portugalskiego w\u0142a\u015bciciela.<\/p>\n<p class=\"Paragraph_desktopParagraph__U31Gm\">Zauwa\u017cyli\u015bmy, \u017ce Aquinos Group \u2014 w swoich mediach spo\u0142eczno\u015bciowych \u2014 regularnie zach\u0119ca do wzi\u0119cia udzia\u0142u w rekrutacji lub w programach sta\u017cowych dla m\u0142odzie\u017cy, prowadzonych w fabryce pod T\u00e1bu\u0105. Jednak i portugalskiej cz\u0119\u015bci konglomeratu przytrafi\u0142o si\u0119 ostre ci\u0119cie. Z tym \u017ce nie w stylu znanym z \u0141odzi czy z kantonu Lucerna.<\/p>\n<p class=\"Paragraph_desktopParagraph__U31Gm\">W marcu dzienniki ekonomiczne z P\u00f3\u0142wyspu Iberyjskiego (m.in. &#8222;Jornal de Neg\u00f3cios&#8221;) opisywa\u0142y restrukturyzacj\u0119 w Gato Preto, czyli w znanej w tym regionie sieci sklep\u00f3w z meblami i dekoracjami dla domu, kt\u00f3ra pozostaje pod kontrol\u0105 Aquinos Group. Sie\u0107 ca\u0142kowicie wychodzi z Hiszpanii, a w Portugalii zamyka 10 ze swoich 15 sklep\u00f3w, t\u0142umacz\u0105c si\u0119 m.in. konkurencj\u0105 ze strony platform handlu cyfrowego z Azji. Ale plan naprawczy Gato Preto nadzoruje s\u0105d, za\u015b jeden z punkt\u00f3w tego uk\u0142adu to zabezpieczenie 1,6 mln euro na \u015bwiadczenia dla zwalnianych pracownik\u00f3w.<\/p>\n<p>Portugalski w\u0142a\u015bciciel o sytuacji w \u0141odzi. &#8222;Nie traktujemy tego lekko&#8221; <\/p>\n<p class=\"Paragraph_desktopParagraph__U31Gm\">W przypadku \u0141odzi \u2014 po roku od apogeum kryzysu \u2014 Aquinos Group \u017cadnego planu nie przedstawia. W \u015brod\u0119 otrzymali\u015bmy odpowied\u017a od portugalskiej centrali koncernu, jednak jest ona pe\u0142na og\u00f3lnik\u00f3w.<\/p>\n<p class=\"Paragraph_desktopParagraph__U31Gm\">&#8222;Chcemy bardzo wyra\u017anie podkre\u015bli\u0107 ludzki wymiar opisanych wydarze\u0144. Sytuacja dotykaj\u0105ca pracownik\u00f3w w \u0141odzi budzi nasze g\u0142\u0119bokie zaniepokojenie. Zdajemy sobie spraw\u0119 z niepewno\u015bci, jak\u0105 wywo\u0142uje ona u poszczeg\u00f3lnych pracownik\u00f3w oraz ich rodzin i nie traktujemy tego lekko&#8221; \u2014 przekonuje w swoim o\u015bwiadczeniu dla Onetu centrala spod T\u00e1bui [&#8222;we do not take that lightly&#8221; \u2014 w oryginalnej odpowiedzi z Portugalii w j\u0119z. angielskim].<\/p>\n<p class=\"Paragraph_desktopParagraph__U31Gm\">Zamiast konkret\u00f3w (jak w przypadku sieci Gato Preto) w najnowszym o\u015bwiadczeniu znajdujemy zapewnienie, \u017ce &#8222;kwestie zwi\u0105zane z uregulowaniem zaleg\u0142ych wynagrodze\u0144 oraz ustaleniem kolejno\u015bci zaspokajania roszcze\u0144 s\u0105 rozpatrywane zgodnie z obowi\u0105zuj\u0105cymi przepisami prawa polskiego&#8221;. Ponadto Aquinos Group \u2014 jak twierdzi \u2014 wspiera &#8222;lokalnych doradc\u00f3w prawnych oraz odpowiednie organy, aby zapewni\u0107, \u017ce prawa pracownik\u00f3w s\u0105 realizowane poprzez w\u0142a\u015bciwe kana\u0142y&#8221;.<\/p>\n<p class=\"Paragraph_desktopParagraph__U31Gm\">Dlaczego konglomerat z Portugalii opuszcza \u0141\u00f3d\u017a?<\/p>\n<p class=\"Paragraph_desktopParagraph__U31Gm\">&#8222;Na dzia\u0142alno\u015b\u0107 w Polsce wp\u0142yn\u0119\u0142o po\u0142\u0105czenie silnej presji rynkowej w europejskim sektorze materacy oraz okoliczno\u015bci specyficznych dla firmy&#8221; \u2014 odpowiada w o\u015bwiadczeniu dla Onetu centrala spod T\u00e1bui.<\/p>\n","protected":false},"excerpt":{"rendered":"\u2014 Do zak\u0142adu przychodzili\u015bmy tylko po to, aby go sprz\u0105ta\u0107, nie by\u0142o co robi\u0107, a wkr\u00f3tce potem nie&hellip;\n","protected":false},"author":2,"featured_media":388314,"comment_status":"","ping_status":"","sticky":false,"template":"","format":"standard","meta":{"footnotes":"","_share_on_mastodon":"0"},"categories":[51608],"tags":[56,64980,66,67,2765,3652,53,52,68,51,55,42,38,40,39,41,988,1627,2635,47,65,50,26,6036],"class_list":["post-388313","post","type-post","status-publish","format-standard","has-post-thumbnail","category-lodz","tag-article_premium","tag-benefit_tst2","tag-give_me_perspective","tag-intextvideo_splayer","tag-lodz_miasto","tag-lodz","tag-new_header","tag-onet3","tag-onet3d","tag-onet3d_2i","tag-phx","tag-pl","tag-poland","tag-polish","tag-polska","tag-polski","tag-portugalia","tag-prokuratura","tag-rynek_pracy_praca_zatrudnienie_kodeks_pracy","tag-screening_general","tag-update_me","tag-v2021","tag-wiadomosci","tag-zwolnienia"],"share_on_mastodon":{"url":"https:\/\/pubeurope.com\/@pl\/116462286458292876","error":""},"_links":{"self":[{"href":"https:\/\/www.europesays.com\/pl\/wp-json\/wp\/v2\/posts\/388313","targetHints":{"allow":["GET"]}}],"collection":[{"href":"https:\/\/www.europesays.com\/pl\/wp-json\/wp\/v2\/posts"}],"about":[{"href":"https:\/\/www.europesays.com\/pl\/wp-json\/wp\/v2\/types\/post"}],"author":[{"embeddable":true,"href":"https:\/\/www.europesays.com\/pl\/wp-json\/wp\/v2\/users\/2"}],"replies":[{"embeddable":true,"href":"https:\/\/www.europesays.com\/pl\/wp-json\/wp\/v2\/comments?post=388313"}],"version-history":[{"count":0,"href":"https:\/\/www.europesays.com\/pl\/wp-json\/wp\/v2\/posts\/388313\/revisions"}],"wp:featuredmedia":[{"embeddable":true,"href":"https:\/\/www.europesays.com\/pl\/wp-json\/wp\/v2\/media\/388314"}],"wp:attachment":[{"href":"https:\/\/www.europesays.com\/pl\/wp-json\/wp\/v2\/media?parent=388313"}],"wp:term":[{"taxonomy":"category","embeddable":true,"href":"https:\/\/www.europesays.com\/pl\/wp-json\/wp\/v2\/categories?post=388313"},{"taxonomy":"post_tag","embeddable":true,"href":"https:\/\/www.europesays.com\/pl\/wp-json\/wp\/v2\/tags?post=388313"}],"curies":[{"name":"wp","href":"https:\/\/api.w.org\/{rel}","templated":true}]}}