{"id":388411,"date":"2026-04-25T00:38:12","date_gmt":"2026-04-25T00:38:12","guid":{"rendered":"https:\/\/www.europesays.com\/pl\/388411\/"},"modified":"2026-04-25T00:38:12","modified_gmt":"2026-04-25T00:38:12","slug":"putin-na-szczycie-g20-w-usa-wiadomo-co-moglby-zrobic-nawrocki-wprost","status":"publish","type":"post","link":"https:\/\/www.europesays.com\/pl\/388411\/","title":{"rendered":"Putin na szczycie G20 w USA? Wiadomo, co m\u00f3g\u0142by zrobi\u0107 Nawrocki \u2013 Wprost"},"content":{"rendered":"\n<p>&#13;<br \/>\nW czwartek administracja Donalda Trumpa przekaza\u0142a w\u00a0rozmowie z\u00a0\u201eThe Washington Post\u201d, \u017ce\u00a0ameryka\u0144ski prezydent zamierza zaprosi\u0107 na\u00a0grudniowy szczyt G20 w\u00a0Miami przedstawicieli Rosji. Podczas spotkania Gabinecie Owalnym dziennikarze zapytali o\u00a0te doniesienia samego prezydenta. <a href=\"https:\/\/www.wprost.pl\/kraj\/12311766\/tusk-o-obawach-wobec-usa-ujawnil-kiedy-rosja-moglaby-zaatakowac-nato.html\" rel=\"nofollow noopener\" target=\"_blank\">Donald Trump<\/a> zaprzeczy\u0142 w\u00f3wczas, \u017ce\u00a0zaprosi\u0142 prezydenta Rosji na\u00a0to\u00a0wydarzenie. &#13;\n<\/p>\n<p>&#13;<br \/>\n\u2013 Nie\u00a0wiem nic o\u00a0takim zaproszeniu, a\u00a0je\u015bli nawet by\u00a0istnia\u0142o, to\u00a0nie mam wiedzy na\u00a0ten temat \u2013\u00a0stwierdzi\u0142 polityk. Doda\u0142 jednocze\u015bnie, \u017ce\u00a0gdyby W\u0142adimir Putin jednak przyjecha\u0142 do\u00a0USA, \u201eprawdopodobnie by\u0142oby to\u00a0bardzo pomocne\u201d. &#13;\n<\/p>\n<p>&#13;<br \/>\ntwitter&#13;\n<\/p>\n<p>Nawrocki spotka\u0142by si\u0119 z\u00a0Putinem?<\/p>\n<p>&#13;<br \/>\nDo sprawy ewentualnego udzia\u0142u Rosji w\u00a0szczycie G20 odni\u00f3s\u0142 si\u0119 szef kancelarii prezydenta. Zbigniew Bogucki zosta\u0142 zapytany podczas rozmowy na\u00a0antenie RMF FM, czy\u00a0<a href=\"https:\/\/www.wprost.pl\/kraj\/12310533\/karol-nawrocki-ma-podpisac-ustawe-o-kryptowalutach-polski-2050-kulisy-nieoficjalnych-doniesien.html\" rel=\"nofollow noopener\" target=\"_blank\">Karol Nawrocki<\/a> usiad\u0142by przy jednym stole z\u00a0rosyjskim dyktatorem, je\u015bli ten pojawi si\u0119 na\u00a0wydarzeniu. &#13;\n<\/p>\n<p>&#13;<br \/>\n\u2013 Prezydent na\u00a0to\u00a0pytanie ju\u017c odpowiada\u0142. Je\u017celi b\u0119d\u0105 takie formaty, w\u00a0kt\u00f3rych z\u00a0uwagi na\u00a0uwarunkowania mi\u0119dzynarodowe b\u0119dzie wielu przyw\u00f3dc\u00f3w, wielu lider\u00f3w \u015bwiatowych, europejskich, nie\u00a0mo\u017cna takiego wariantu wykluczy\u0107. Ale\u00a0to\u00a0nie jest oczywi\u015bcie co\u015b, do\u00a0czego pan prezydent d\u0105\u017cy \u2013\u00a0przekaza\u0142 szef kancelarii prezydenta. &#13;\n<\/p>\n<p>&#13;<br \/>\nDoda\u0142 jednocze\u015bnie, \u017ce\u00a0zaproszenie Putina na\u00a0tego typu wydarzenie nie\u00a0jest dobrym pomys\u0142em. \u2013\u00a0To\u00a0jest decyzja tych, kt\u00f3rzy organizuj\u0105 ten, ten szczyt. Ja nie\u00a0uwa\u017cam, \u017ceby dobre by\u0142o zaproszenie. Nie\u00a0uwa\u017cam, \u017ceby jakakolwiek forma wsp\u00f3\u0142pracy z\u00a0Putinem by\u0142a dobra. Wolny \u015bwiat, \u015bwiat demokratyczny, \u015bwiat, kt\u00f3ry jest po\u00a0stronie walcz\u0105cej Ukrainy, nie\u00a0powinien w\u00a0taki spos\u00f3b, moim zdaniem, kontaktowa\u0107 si\u0119 z\u00a0W\u0142adimirem Putinem \u2013\u00a0oceni\u0142. &#13;\n<\/p>\n<p>Rosja mia\u0142a otrzyma\u0107 zaproszenie na\u00a0G20<\/p>\n<p>&#13;<br \/>\nPrzypomnijmy, wcze\u015bniej wiceszef rosyjskiego MSZ Aleksandr Pankin w\u00a0rozmowie z\u00a0rosyjskimi mediami poinformowa\u0142, \u017ce\u00a0Rosja otrzyma\u0142a zaproszenie na\u00a0wydarzenie. Nie\u00a0potwierdzi\u0142 jednak udzia\u0142u Moskwy ani nie\u00a0poinformowa\u0142, kto mia\u0142by ewentualnie reprezentowa\u0107 Rosj\u0119. \u2013\u00a0Zobaczymy. B\u00f3g jeden wie, co\u00a0si\u0119 wydarzy wcze\u015bniej \u2013\u00a0doda\u0142. &#13;\n<\/p>\n<p>&#13;<br \/>\nZ kolei jeszcze w\u00a0marcu rzecznik Kremla Dmitrij Pieskow stanowczo zaprzeczy\u0142, \u017ce\u00a0Rosja we\u017amie udzia\u0142 w\u00a0szczycie G20. \u2013\u00a0Nie, to\u00a0nie jest w\u00a0planach \u2013\u00a0skwitowa\u0142 w\u00a0rozmowie z\u00a0dziennikarzami. &#13;\n<\/p>\n<p>&#13;<br \/>\nCzytaj te\u017c:<br \/><a href=\"https:\/\/www.wprost.pl\/swiat\/12309399\/wolodymyr-zelenski-spotka-sie-z-wladimirem-putinem-szef-msz-ukrainy-zaproponowal-miejsce.html\" rel=\"follow nofollow noopener\" data-schema=\"WPROST\" data-image=\"https:\/\/img.wprost.pl\/_thumb\/5d\/34\/e4d0cb69b47cbdf3f09b8189dc54.jpeg\" target=\"_blank\">Ze\u0142enski chce spotkania z\u00a0Putinem. Ukraina ma\u00a0tylko jeden warunek<\/a>Czytaj te\u017c:<br \/><a href=\"https:\/\/sport.wprost.pl\/siatkowka\/12308718\/michal-kubiak-chce-powrotu-rosjan-do-sportu-szokujace-slowa-znanego-siatkarza.html\" rel=\"follow nofollow noopener\" data-schema=\"WPROST\" data-image=\"https:\/\/img.wprost.pl\/_thumb\/95\/8c\/1935ea88164520a2acxxcd040ecf.jpeg\" target=\"_blank\">Micha\u0142 Kubiak tymi s\u0142owami o\u00a0Rosjanach wywo\u0142a burz\u0119. Polak nie\u00a0gryz\u0142 si\u0119 w\u00a0j\u0119zyk<\/a>&#13;<\/p>\n","protected":false},"excerpt":{"rendered":"&#13; W czwartek administracja Donalda Trumpa przekaza\u0142a w\u00a0rozmowie z\u00a0\u201eThe Washington Post\u201d, \u017ce\u00a0ameryka\u0144ski prezydent zamierza zaprosi\u0107 na\u00a0grudniowy szczyt G20&hellip;\n","protected":false},"author":2,"featured_media":388412,"comment_status":"","ping_status":"","sticky":false,"template":"","format":"standard","meta":{"footnotes":"","_share_on_mastodon":"0"},"categories":[62712],"tags":[1835,1128,690,61120,49,907,87,80,71,698,43315],"class_list":["post-388411","post","type-post","status-publish","format-standard","has-post-thumbnail","category-karol-nawrocki","tag-donald-trump","tag-g20","tag-karol-nawrocki","tag-karolina-trela","tag-kraj","tag-polityka","tag-rosja","tag-swiat","tag-usa","tag-wladimir-putin","tag-wprost"],"share_on_mastodon":{"url":"https:\/\/pubeurope.com\/@pl\/116462557936799679","error":""},"_links":{"self":[{"href":"https:\/\/www.europesays.com\/pl\/wp-json\/wp\/v2\/posts\/388411","targetHints":{"allow":["GET"]}}],"collection":[{"href":"https:\/\/www.europesays.com\/pl\/wp-json\/wp\/v2\/posts"}],"about":[{"href":"https:\/\/www.europesays.com\/pl\/wp-json\/wp\/v2\/types\/post"}],"author":[{"embeddable":true,"href":"https:\/\/www.europesays.com\/pl\/wp-json\/wp\/v2\/users\/2"}],"replies":[{"embeddable":true,"href":"https:\/\/www.europesays.com\/pl\/wp-json\/wp\/v2\/comments?post=388411"}],"version-history":[{"count":0,"href":"https:\/\/www.europesays.com\/pl\/wp-json\/wp\/v2\/posts\/388411\/revisions"}],"wp:featuredmedia":[{"embeddable":true,"href":"https:\/\/www.europesays.com\/pl\/wp-json\/wp\/v2\/media\/388412"}],"wp:attachment":[{"href":"https:\/\/www.europesays.com\/pl\/wp-json\/wp\/v2\/media?parent=388411"}],"wp:term":[{"taxonomy":"category","embeddable":true,"href":"https:\/\/www.europesays.com\/pl\/wp-json\/wp\/v2\/categories?post=388411"},{"taxonomy":"post_tag","embeddable":true,"href":"https:\/\/www.europesays.com\/pl\/wp-json\/wp\/v2\/tags?post=388411"}],"curies":[{"name":"wp","href":"https:\/\/api.w.org\/{rel}","templated":true}]}}