{"id":388836,"date":"2026-04-25T06:10:06","date_gmt":"2026-04-25T06:10:06","guid":{"rendered":"https:\/\/www.europesays.com\/pl\/388836\/"},"modified":"2026-04-25T06:10:06","modified_gmt":"2026-04-25T06:10:06","slug":"atak-rosji-na-ukraine-polska-poderwala-mysliwce-4","status":"publish","type":"post","link":"https:\/\/www.europesays.com\/pl\/388836\/","title":{"rendered":"Atak Rosji na Ukrain\u0119. Polska poderwa\u0142a my\u015bliwce"},"content":{"rendered":"\n<p>&#13;<br \/>\nW zwi\u0105zku z\u00a0dzia\u0142aniami prowadzonymi w\u00a0bezpo\u015brednim s\u0105siedztwie polskiej granicy Dow\u00f3dztwo Operacyjne Rodzaj\u00f3w Si\u0142 Zbrojnych uruchomi\u0142o lotnictwo dy\u017curne oraz\u00a0systemy obrony powietrznej. Nad ranem wojsko poinformowa\u0142o o\u00a0zako\u0144czeniu operacji i\u00a0podkre\u015bli\u0142o, \u017ce\u00a0nie dosz\u0142o do\u00a0naruszenia przestrzeni powietrznej Polski. &#13;\n<\/p>\n<p>Uderzenia w\u00a0Kij\u00f3w, Chark\u00f3w i\u00a0Dniepr<\/p>\n<p>&#13;<br \/>\nJak przekaza\u0142y ukrai\u0144skie si\u0142y powietrzne, Rosja u\u017cy\u0142a bombowc\u00f3w strategicznych Tu-95MS, kt\u00f3re operowa\u0142y znad rejonu Morza Kaspijskiego. Z\u00a0ich pok\u0142ad\u00f3w wystrzelono pociski manewruj\u0105ce. W\u00a0ataku wykorzystano tak\u017ce drony uderzeniowe. Celem by\u0142y m.in. Kij\u00f3w, Chark\u00f3w i\u00a0Dniepr. Wed\u0142ug lokalnych w\u0142adz w\u00a0Dnieprze rannych zosta\u0142o kilka os\u00f3b. W\u00a0Charkowie uszkodzony zosta\u0142 gazoci\u0105g oraz\u00a0budynek mieszkalny. Na\u00a0ten moment nie\u00a0ma\u00a0informacji o\u00a0ofiarach \u015bmiertelnych. &#13;\n<\/p>\n<p>&#13;<br \/>\nDo incydentu dosz\u0142o r\u00f3wnie\u017c poza Ukrain\u0105. W\u00a0Rumunii, w\u00a0pobli\u017cu granicy, s\u0142u\u017cby zosta\u0142y zaalarmowane przez mieszka\u0144c\u00f3w, kt\u00f3rzy w\u00a0nocy zauwa\u017cyli obiekt spadaj\u0105cy z\u00a0nieba. Jak poinformowa\u0142o tamtejsze ministerstwo obrony, w\u00a0rejonie Bariery Traian rozbi\u0142 si\u0119 wojskowy dron. Maszyna uszkodzi\u0142a budynek gospodarczy oraz\u00a0s\u0142up wysokiego napi\u0119cia. Na\u00a0miejsce skierowano s\u0142u\u017cby, kt\u00f3re zabezpieczy\u0142y teren. Rumu\u0144skie w\u0142adze przekaza\u0142y, \u017ce\u00a0nikt nie\u00a0zosta\u0142 ranny. &#13;\n<\/p>\n<p>&#13;<br \/>\nBukareszt pot\u0119pi\u0142 dzia\u0142ania Rosji, wskazuj\u0105c, \u017ce\u00a0tego typu incydenty stanowi\u0105 zagro\u017cenie dla\u00a0bezpiecze\u0144stwa regionu i\u00a0ca\u0142ego NATO. &#13;\n<\/p>\n<p>My\u015bliwce w\u00a0powietrzu nad Polsk\u0105<\/p>\n<p>&#13;<br \/>\nW reakcji na\u00a0rosyjski atak Dow\u00f3dztwo Operacyjne RSZ uruchomi\u0142o procedury bezpiecze\u0144stwa. W\u00a0polskiej przestrzeni powietrznej pojawi\u0142y si\u0119 my\u015bliwce dy\u017curne, w\u00a0tym F-16 Fighting Falcon, oraz\u00a0samolot wczesnego ostrzegania. &#8222;W\u00a0zwi\u0105zku z\u00a0atakiem Federacji Rosyjskiej na\u00a0terytorium Ukrainy (\u2026) rozpocz\u0119\u0142o si\u0119 operowanie polskiego i\u00a0sojuszniczego lotnictwa w\u00a0naszej przestrzeni powietrznej&#8221; \u2013\u00a0przekaza\u0142o wojsko w\u00a0nocnym komunikacie. &#13;\n<\/p>\n<p>&#13;<br \/>\nJak dodano, &#8222;uruchomiono niezb\u0119dne si\u0142y i\u00a0\u015brodki&#8221;, a\u00a0naziemne systemy obrony powietrznej i\u00a0rozpoznania radiolokacyjnego osi\u0105gn\u0119\u0142y stan wy\u017cszej gotowo\u015bci. Podkre\u015blono, \u017ce\u00a0dzia\u0142ania maj\u0105 charakter prewencyjny i\u00a0s\u0142u\u017c\u0105 zabezpieczeniu przestrzeni powietrznej, zw\u0142aszcza w\u00a0rejonach przygranicznych. Polsk\u0119 wspar\u0142y si\u0142y sojusznicze, w\u00a0tym NATO oraz\u00a0NATO Allied Air Command. W\u00a0operacji uczestniczy\u0142y tak\u017ce samoloty francuskie, a\u00a0Holandia zapewni\u0142a wsparcie systemami obrony powietrznej. &#13;\n<\/p>\n<p>Operacja zako\u0144czona nad ranem<\/p>\n<p>&#13;<br \/>\nOko\u0142o godziny 6:00 Dow\u00f3dztwo Operacyjne RSZ poinformowa\u0142o o\u00a0zako\u0144czeniu dzia\u0142a\u0144. &#13;\n<\/p>\n<p>&#13;<br \/>\ntwitter&#13;\n<\/p>\n<p>&#13;<br \/>\n&#8222;Operowanie wojskowego lotnictwa (\u2026) zosta\u0142o zako\u0144czone. Uruchomione naziemne systemy obrony powietrznej (\u2026) powr\u00f3ci\u0142y do\u00a0standardowej dzia\u0142alno\u015bci operacyjnej\u201d \u2013\u00a0przekazano. Wojsko zaznaczy\u0142o jednocze\u015bnie, \u017ce\u00a0\u201enie zaobserwowano naruszenia przestrzeni powietrznej RP&#8221;. &#13;\n<\/p>\n<p>&#13;<br \/>\nCzytaj te\u017c:<br \/><a href=\"https:\/\/dorzeczy.pl\/swiat\/877702\/ukraincy-szkola-bundeswehre-niemiecki-general-rosja-moze-zaatakowac-w-2029-r.html\" rel=\"follow nofollow noopener\" data-schema=\"DORZECZY\" data-image=\"https:\/\/img.dorzeczy.pl\/_thumb\/84\/d0\/0d755c380d7721a8156ae6827e48.jpeg\" target=\"_blank\">Niemcy gotowi na\u00a0atak Rosji. &#8222;Nie mamy czasu&#8221;<\/a>Czytaj te\u017c:<br \/><a href=\"https:\/\/dorzeczy.pl\/opinie\/878065\/zaufany-czlowiek-putina-odpowiada-tuskowi-do-zobaczenia.html\" rel=\"follow nofollow noopener\" data-schema=\"DORZECZY\" data-image=\"https:\/\/img.dorzeczy.pl\/_thumb\/a9\/4f\/fe4cacdfd0a12e4eb237f62749bb.jpeg\" target=\"_blank\">&#8222;Kiedy przyjedziesz do\u00a0Rosji b\u0142aga\u0107&#8221;. Zaufany cz\u0142owiek Putina odpowiada Tuskowi<\/a>&#13;<\/p>\n","protected":false},"excerpt":{"rendered":"&#13; W zwi\u0105zku z\u00a0dzia\u0142aniami prowadzonymi w\u00a0bezpo\u015brednim s\u0105siedztwie polskiej granicy Dow\u00f3dztwo Operacyjne Rodzaj\u00f3w Si\u0142 Zbrojnych uruchomi\u0142o lotnictwo dy\u017curne oraz\u00a0systemy&hellip;\n","protected":false},"author":2,"featured_media":388837,"comment_status":"","ping_status":"","sticky":false,"template":"","format":"standard","meta":{"footnotes":"","_share_on_mastodon":"0"},"categories":[12],"tags":[744,14438,3468,10796,98,743,1239,49,160,103,1265,42,38,40,39,41,87,542,415,892,161],"class_list":["post-388836","post","type-post","status-publish","format-standard","has-post-thumbnail","category-polska","tag-atak","tag-bukareszt","tag-charkow","tag-dniepr","tag-dorzeczy","tag-dron","tag-kijow","tag-kraj","tag-nato","tag-obserwator-mediow","tag-operacja","tag-pl","tag-poland","tag-polish","tag-polska","tag-polski","tag-rosja","tag-rumunia","tag-ukraina","tag-wojna","tag-wojsko"],"share_on_mastodon":{"url":"https:\/\/pubeurope.com\/@pl\/116463863395580534","error":""},"_links":{"self":[{"href":"https:\/\/www.europesays.com\/pl\/wp-json\/wp\/v2\/posts\/388836","targetHints":{"allow":["GET"]}}],"collection":[{"href":"https:\/\/www.europesays.com\/pl\/wp-json\/wp\/v2\/posts"}],"about":[{"href":"https:\/\/www.europesays.com\/pl\/wp-json\/wp\/v2\/types\/post"}],"author":[{"embeddable":true,"href":"https:\/\/www.europesays.com\/pl\/wp-json\/wp\/v2\/users\/2"}],"replies":[{"embeddable":true,"href":"https:\/\/www.europesays.com\/pl\/wp-json\/wp\/v2\/comments?post=388836"}],"version-history":[{"count":0,"href":"https:\/\/www.europesays.com\/pl\/wp-json\/wp\/v2\/posts\/388836\/revisions"}],"wp:featuredmedia":[{"embeddable":true,"href":"https:\/\/www.europesays.com\/pl\/wp-json\/wp\/v2\/media\/388837"}],"wp:attachment":[{"href":"https:\/\/www.europesays.com\/pl\/wp-json\/wp\/v2\/media?parent=388836"}],"wp:term":[{"taxonomy":"category","embeddable":true,"href":"https:\/\/www.europesays.com\/pl\/wp-json\/wp\/v2\/categories?post=388836"},{"taxonomy":"post_tag","embeddable":true,"href":"https:\/\/www.europesays.com\/pl\/wp-json\/wp\/v2\/tags?post=388836"}],"curies":[{"name":"wp","href":"https:\/\/api.w.org\/{rel}","templated":true}]}}